{"id":25276,"date":"2026-04-27T23:00:03","date_gmt":"2026-04-28T03:00:03","guid":{"rendered":"https:\/\/ermdigital.com\/index.php\/2026\/04\/27\/pn-y-ministerio-publico-recuperan-291-sacos-de-detergente-robados-en-spm-hay-dos-detenidos\/"},"modified":"2026-04-27T23:00:03","modified_gmt":"2026-04-28T03:00:03","slug":"pn-y-ministerio-publico-recuperan-291-sacos-de-detergente-robados-en-spm-hay-dos-detenidos","status":"publish","type":"post","link":"https:\/\/ermdigital.com\/index.php\/2026\/04\/27\/pn-y-ministerio-publico-recuperan-291-sacos-de-detergente-robados-en-spm-hay-dos-detenidos\/","title":{"rendered":"PN y Ministerio P\u00fablico recuperan 291 sacos de detergente robados en SPM; hay dos detenidos"},"content":{"rendered":"<p><strong>Por Manuel Peralta<\/strong><\/p>\n<p><strong>San Pedro de Macor\u00eds.\u2014<\/strong> Agentes de la Polic\u00eda Nacional, adscritos a la Subdirecci\u00f3n Regional Sureste de Investigaci\u00f3n (Dicrim), en coordinaci\u00f3n con el Ministerio P\u00fablico, recuperaron 291 sacos de detergente en polvo durante varios allanamientos simult\u00e1neos realizados en esta ciudad.<\/p>\n<p>El producto de limpieza hab\u00eda sido sustra\u00eddo de una empresa reconocida, seg\u00fan informaron las autoridades.<\/p>\n<p>Durante los operativos fueron arrestados Carlito Calder\u00f3n Rodr\u00edguez, de 57 a\u00f1os, y Aderly Maximino Cordero S\u00e1nchez, de 31, ambos residentes en el sector Santa Fe, quienes son se\u00f1alados como presuntos responsables del robo de unos 300 sacos de detergente.<\/p>\n<p>La denuncia fue interpuesta por el gerente de seguridad f\u00edsica de la referida empresa, quien indic\u00f3 que el hecho ocurri\u00f3 el pasado 29 de marzo.<\/p>\n<p><strong>Recomendamos leer: <a href=\"https:\/\/deultimominuto.net\/nacionales\/policia\/\">Polic\u00eda apresa a m\u00e1s de 170 personas durante operativos simult\u00e1neos a nivel nacional<\/a><\/strong><\/p>\n<p>En las intervenciones, los agentes tambi\u00e9n ocuparon una pistola calibre 9 mil\u00edmetros, marca Browning, con su cargador y 11 c\u00e1psulas, as\u00ed como un celular.<\/p>\n<p>Los detenidos y las evidencias fueron puestos a disposici\u00f3n del Ministerio P\u00fablico para los fines legales correspondientes.<\/p>\n<figure class=\"wp-block-gallery has-nested-images columns-default is-cropped wp-block-gallery-1 is-layout-flex wp-block-gallery-is-layout-flex\">\n<figure class=\"wp-block-image size-large\"><img loading=\"lazy\" decoding=\"async\" width=\"768\" height=\"1024\" data-id=\"647002\" src=\"https:\/\/cdn.deultimominuto.net\/wp-content\/uploads\/2026\/04\/WhatsApp-Image-2026-04-27-at-10.52.39-PM-1-1-768x1024.jpeg\" alt=\"PN y Ministerio P\u00fablico recuperan 291 sacos de detergente robados en SPM; hay dos detenidos - Noticias de hoy en Rep\u00fablica Dominicana | De \u00daltimo Minuto\" class=\"wp-image-647002\" title=\"PN y Ministerio P\u00fablico recuperan 291 sacos de detergente robados en SPM; hay dos detenidos | 1 |\"><\/figure>\n<figure class=\"wp-block-image size-large\"><img loading=\"lazy\" decoding=\"async\" width=\"768\" height=\"1024\" data-id=\"646997\" src=\"https:\/\/cdn.deultimominuto.net\/wp-content\/uploads\/2026\/04\/WhatsApp-Image-2026-04-27-at-10.52.39-PM-1-768x1024.jpeg\" alt=\"PN y Ministerio P\u00fablico recuperan 291 sacos de detergente robados en SPM; hay dos detenidos - Noticias de hoy en Rep\u00fablica Dominicana | De \u00daltimo Minuto\" class=\"wp-image-646997\" title=\"PN y Ministerio P\u00fablico recuperan 291 sacos de detergente robados en SPM; hay dos detenidos | 2 |\"><\/figure>\n<figure class=\"wp-block-image size-large\"><img loading=\"lazy\" decoding=\"async\" width=\"768\" height=\"1024\" data-id=\"646999\" src=\"https:\/\/cdn.deultimominuto.net\/wp-content\/uploads\/2026\/04\/WhatsApp-Image-2026-04-27-at-10.52.38-PM-3-768x1024.jpeg\" alt=\"PN y Ministerio P\u00fablico recuperan 291 sacos de detergente robados en SPM; hay dos detenidos - Noticias de hoy en Rep\u00fablica Dominicana | De \u00daltimo Minuto\" class=\"wp-image-646999\" title=\"PN y Ministerio P\u00fablico recuperan 291 sacos de detergente robados en SPM; hay dos detenidos | 3 |\"><\/figure>\n<figure class=\"wp-block-image size-large\"><img decoding=\"async\" loading=\"lazy\" width=\"768\" height=\"1024\" data-id=\"647001\" src=\"https:\/\/cdn.deultimominuto.net\/wp-content\/uploads\/2026\/04\/WhatsApp-Image-2026-04-27-at-10.52.38-PM-2-768x1024.jpeg\" alt=\"PN y Ministerio P\u00fablico recuperan 291 sacos de detergente robados en SPM; hay dos detenidos - Noticias de hoy en Rep\u00fablica Dominicana | De \u00daltimo Minuto\" class=\"wp-image-647001\" title=\"PN y Ministerio P\u00fablico recuperan 291 sacos de detergente robados en SPM; hay dos detenidos | 4 |\"><\/figure>\n<figure class=\"wp-block-image size-large\"><img decoding=\"async\" loading=\"lazy\" width=\"768\" height=\"1024\" data-id=\"647000\" src=\"https:\/\/cdn.deultimominuto.net\/wp-content\/uploads\/2026\/04\/WhatsApp-Image-2026-04-27-at-10.52.38-PM-1-768x1024.jpeg\" alt=\"PN y Ministerio P\u00fablico recuperan 291 sacos de detergente robados en SPM; hay dos detenidos - Noticias de hoy en Rep\u00fablica Dominicana | De \u00daltimo Minuto\" class=\"wp-image-647000\" title=\"PN y Ministerio P\u00fablico recuperan 291 sacos de detergente robados en SPM; hay dos detenidos | 5 |\"><\/figure>\n<figure class=\"wp-block-image size-large\"><img decoding=\"async\" loading=\"lazy\" width=\"1024\" height=\"768\" data-id=\"646998\" src=\"https:\/\/cdn.deultimominuto.net\/wp-content\/uploads\/2026\/04\/WhatsApp-Image-2026-04-27-at-10.52.38-PM-1024x768.jpeg\" alt=\"PN y Ministerio P\u00fablico recuperan 291 sacos de detergente robados en SPM; hay dos detenidos - Noticias de hoy en Rep\u00fablica Dominicana | De \u00daltimo Minuto\" class=\"wp-image-646998\" title=\"PN y Ministerio P\u00fablico recuperan 291 sacos de detergente robados en SPM; hay dos detenidos | 6 |\"><\/figure>\n<figure class=\"wp-block-image size-large\"><img decoding=\"async\" loading=\"lazy\" width=\"768\" height=\"1024\" data-id=\"647003\" src=\"https:\/\/cdn.deultimominuto.net\/wp-content\/uploads\/2026\/04\/WhatsApp-Image-2026-04-27-at-10.52.37-PM-1-768x1024.jpeg\" alt=\"PN y Ministerio P\u00fablico recuperan 291 sacos de detergente robados en SPM; hay dos detenidos - Noticias de hoy en Rep\u00fablica Dominicana | De \u00daltimo Minuto\" class=\"wp-image-647003\" title=\"PN y Ministerio P\u00fablico recuperan 291 sacos de detergente robados en SPM; hay dos detenidos | 7 |\"><\/figure>\n<figure class=\"wp-block-image size-large\"><img decoding=\"async\" loading=\"lazy\" width=\"768\" height=\"1024\" data-id=\"647004\" src=\"https:\/\/cdn.deultimominuto.net\/wp-content\/uploads\/2026\/04\/WhatsApp-Image-2026-04-27-at-10.52.37-PM-768x1024.jpeg\" alt=\"PN y Ministerio P\u00fablico recuperan 291 sacos de detergente robados en SPM; hay dos detenidos - Noticias de hoy en Rep\u00fablica Dominicana | De \u00daltimo Minuto\" class=\"wp-image-647004\" title=\"PN y Ministerio P\u00fablico recuperan 291 sacos de detergente robados en SPM; hay dos detenidos | 8 |\"><\/figure>\n<\/figure>\n<p>\u200bPor Manuel Peralta San Pedro de Macor\u00eds.\u2014 Agentes de la Polic\u00eda Nacional, adscritos a la Subdirecci\u00f3n Regional Sureste de Investigaci\u00f3n (Dicrim), en coordinaci\u00f3n con el Ministerio P\u00fablico, recuperaron 291 sacos de detergente en polvo durante varios allanamientos simult\u00e1neos realizados en esta ciudad. El producto de limpieza hab\u00eda sido sustra\u00eddo de una empresa reconocida, seg\u00fan informaron\u00a0\u00a0Nacionales, Polic\u00eda Nacional\u00a0\u00a0<\/p>\n","protected":false},"excerpt":{"rendered":"<p>Por Manuel Peralta San Pedro de Macor\u00eds.\u2014 Agentes de la Polic\u00eda Nacional, adscritos a la Subdirecci\u00f3n Regional Sureste de Investigaci\u00f3n (Dicrim), en coordinaci\u00f3n con el Ministerio P\u00fablico, recuperaron 291 sacos de detergente en polvo durante varios allanamientos simult\u00e1neos realizados en esta ciudad. El producto de limpieza hab\u00eda sido sustra\u00eddo de una empresa reconocida, seg\u00fan informaron [&hellip;]<\/p>\n","protected":false},"author":1,"featured_media":25277,"comment_status":"open","ping_status":"open","sticky":false,"template":"","format":"standard","meta":{"amp_status":"","footnotes":""},"categories":[3],"tags":[],"class_list":["post-25276","post","type-post","status-publish","format-standard","has-post-thumbnail","hentry","category-de-ultimo-minuto"],"_links":{"self":[{"href":"https:\/\/ermdigital.com\/index.php\/wp-json\/wp\/v2\/posts\/25276","targetHints":{"allow":["GET"]}}],"collection":[{"href":"https:\/\/ermdigital.com\/index.php\/wp-json\/wp\/v2\/posts"}],"about":[{"href":"https:\/\/ermdigital.com\/index.php\/wp-json\/wp\/v2\/types\/post"}],"author":[{"embeddable":true,"href":"https:\/\/ermdigital.com\/index.php\/wp-json\/wp\/v2\/users\/1"}],"replies":[{"embeddable":true,"href":"https:\/\/ermdigital.com\/index.php\/wp-json\/wp\/v2\/comments?post=25276"}],"version-history":[{"count":0,"href":"https:\/\/ermdigital.com\/index.php\/wp-json\/wp\/v2\/posts\/25276\/revisions"}],"wp:featuredmedia":[{"embeddable":true,"href":"https:\/\/ermdigital.com\/index.php\/wp-json\/wp\/v2\/media\/25277"}],"wp:attachment":[{"href":"https:\/\/ermdigital.com\/index.php\/wp-json\/wp\/v2\/media?parent=25276"}],"wp:term":[{"taxonomy":"category","embeddable":true,"href":"https:\/\/ermdigital.com\/index.php\/wp-json\/wp\/v2\/categories?post=25276"},{"taxonomy":"post_tag","embeddable":true,"href":"https:\/\/ermdigital.com\/index.php\/wp-json\/wp\/v2\/tags?post=25276"}],"curies":[{"name":"wp","href":"https:\/\/api.w.org\/{rel}","templated":true}]}}