{"id":25272,"date":"2026-04-27T22:48:29","date_gmt":"2026-04-28T02:48:29","guid":{"rendered":"https:\/\/ermdigital.com\/index.php\/2026\/04\/27\/coe-coloca-cuatro-provincias-en-alerta-amarilla-y-ocho-en-verde-por-vaguada\/"},"modified":"2026-04-27T22:48:29","modified_gmt":"2026-04-28T02:48:29","slug":"coe-coloca-cuatro-provincias-en-alerta-amarilla-y-ocho-en-verde-por-vaguada","status":"publish","type":"post","link":"https:\/\/ermdigital.com\/index.php\/2026\/04\/27\/coe-coloca-cuatro-provincias-en-alerta-amarilla-y-ocho-en-verde-por-vaguada\/","title":{"rendered":"COE coloca cuatro provincias en alerta amarilla y ocho en verde por vaguada\u00a0"},"content":{"rendered":"<p>&lt;![CDATA[<\/p>\n<p>El Centro de Operaciones de Emergencias (COE) inform\u00f3 que cuatro provincias se encuentran en alerta amarilla y ocho en verde, ante los efectos de una vaguada.<\/p>\n<p><a href=\"https:\/\/listindiario.com\/la-republica\/ciudad\/20260427\/coe-coloca-cuatro-provincias-alerta-amarilla-ocho-verde-vaguada_903547.html\">wf_cms.rss.read_more<\/a><\/p>\n<p>]]&gt;<\/p>\n<p>\u200bEl COE sostuvo que las personas deben abstenerse de cruzar r\u00edos, arroyos y ca\u00f1adas que presenten alto vol\u00famenes de agua, no hacer uso de r\u00edos, debido a la turbiedad y el volumen de agua que a un mantienen.\u00a0\u00a0Ciudad\u00a0<\/p>\n","protected":false},"excerpt":{"rendered":"<p>&lt;![CDATA[ El Centro de Operaciones de Emergencias (COE) inform\u00f3 que cuatro provincias se encuentran en alerta amarilla y ocho en verde, ante los efectos de una vaguada. wf_cms.rss.read_more ]]&gt; \u200bEl COE sostuvo que las personas deben abstenerse de cruzar r\u00edos, arroyos y ca\u00f1adas que presenten alto vol\u00famenes de agua, no hacer uso de r\u00edos, debido [&hellip;]<\/p>\n","protected":false},"author":1,"featured_media":25273,"comment_status":"open","ping_status":"open","sticky":false,"template":"","format":"standard","meta":{"amp_status":"","footnotes":""},"categories":[5],"tags":[],"class_list":["post-25272","post","type-post","status-publish","format-standard","has-post-thumbnail","hentry","category-politica"],"_links":{"self":[{"href":"https:\/\/ermdigital.com\/index.php\/wp-json\/wp\/v2\/posts\/25272","targetHints":{"allow":["GET"]}}],"collection":[{"href":"https:\/\/ermdigital.com\/index.php\/wp-json\/wp\/v2\/posts"}],"about":[{"href":"https:\/\/ermdigital.com\/index.php\/wp-json\/wp\/v2\/types\/post"}],"author":[{"embeddable":true,"href":"https:\/\/ermdigital.com\/index.php\/wp-json\/wp\/v2\/users\/1"}],"replies":[{"embeddable":true,"href":"https:\/\/ermdigital.com\/index.php\/wp-json\/wp\/v2\/comments?post=25272"}],"version-history":[{"count":0,"href":"https:\/\/ermdigital.com\/index.php\/wp-json\/wp\/v2\/posts\/25272\/revisions"}],"wp:featuredmedia":[{"embeddable":true,"href":"https:\/\/ermdigital.com\/index.php\/wp-json\/wp\/v2\/media\/25273"}],"wp:attachment":[{"href":"https:\/\/ermdigital.com\/index.php\/wp-json\/wp\/v2\/media?parent=25272"}],"wp:term":[{"taxonomy":"category","embeddable":true,"href":"https:\/\/ermdigital.com\/index.php\/wp-json\/wp\/v2\/categories?post=25272"},{"taxonomy":"post_tag","embeddable":true,"href":"https:\/\/ermdigital.com\/index.php\/wp-json\/wp\/v2\/tags?post=25272"}],"curies":[{"name":"wp","href":"https:\/\/api.w.org\/{rel}","templated":true}]}}