{"id":25268,"date":"2026-04-27T23:04:53","date_gmt":"2026-04-28T03:04:53","guid":{"rendered":"https:\/\/ermdigital.com\/index.php\/2026\/04\/27\/condenan-a-30-anos-de-prision-a-tres-haitianos-y-un-dominicano-por-asesinato-a-tiros-de-4-personas-en-dajabon\/"},"modified":"2026-04-27T23:04:53","modified_gmt":"2026-04-28T03:04:53","slug":"condenan-a-30-anos-de-prision-a-tres-haitianos-y-un-dominicano-por-asesinato-a-tiros-de-4-personas-en-dajabon","status":"publish","type":"post","link":"https:\/\/ermdigital.com\/index.php\/2026\/04\/27\/condenan-a-30-anos-de-prision-a-tres-haitianos-y-un-dominicano-por-asesinato-a-tiros-de-4-personas-en-dajabon\/","title":{"rendered":"Condenan a 30 a\u00f1os de prisi\u00f3n a tres haitianos y un dominicano por asesinato a tiros de 4 personas en Dajab\u00f3n\u00a0"},"content":{"rendered":"<p>&lt;![CDATA[<\/p>\n<p>El <b>Tribunal Colegiado <\/b>de la <b>C\u00e1mara Penal del Juzgado de Primera Instancia de Dajab\u00f3n<\/b>\u00a0conden\u00f3 a 30 a\u00f1os de prisi\u00f3n a tres haitianos y un dominicano por la muerte a tiros de cuatro personas integrantes de una misma familia.<\/p>\n<p><a href=\"https:\/\/listindiario.com\/la-republica\/provincias\/20260427\/condenan-30-anos-prision-tres-haitianos-dominicano-asesinato-tiros-4-personas-dajabon_903507.html\">wf_cms.rss.read_more<\/a><\/p>\n<p>]]&gt;<\/p>\n<p>\u200bLos condenados fueron identificados como Frandy Luim\u00e9nez, Pacheco Beltr\u00e1n, Olux Maxos y Adonis Jos\u00e9 Morillo, quienes fueron hallados culpables de su participaci\u00f3n en el crimen ocurrido en el a\u00f1o 2023 en la comunidad de Aminilla del municipio de Partido.\u00a0\u00a0Provincias\u00a0<\/p>\n","protected":false},"excerpt":{"rendered":"<p>&lt;![CDATA[ El Tribunal Colegiado de la C\u00e1mara Penal del Juzgado de Primera Instancia de Dajab\u00f3n\u00a0conden\u00f3 a 30 a\u00f1os de prisi\u00f3n a tres haitianos y un dominicano por la muerte a tiros de cuatro personas integrantes de una misma familia. wf_cms.rss.read_more ]]&gt; \u200bLos condenados fueron identificados como Frandy Luim\u00e9nez, Pacheco Beltr\u00e1n, Olux Maxos y Adonis Jos\u00e9 [&hellip;]<\/p>\n","protected":false},"author":1,"featured_media":25269,"comment_status":"open","ping_status":"open","sticky":false,"template":"","format":"standard","meta":{"amp_status":"","footnotes":""},"categories":[5],"tags":[],"class_list":["post-25268","post","type-post","status-publish","format-standard","has-post-thumbnail","hentry","category-politica"],"_links":{"self":[{"href":"https:\/\/ermdigital.com\/index.php\/wp-json\/wp\/v2\/posts\/25268","targetHints":{"allow":["GET"]}}],"collection":[{"href":"https:\/\/ermdigital.com\/index.php\/wp-json\/wp\/v2\/posts"}],"about":[{"href":"https:\/\/ermdigital.com\/index.php\/wp-json\/wp\/v2\/types\/post"}],"author":[{"embeddable":true,"href":"https:\/\/ermdigital.com\/index.php\/wp-json\/wp\/v2\/users\/1"}],"replies":[{"embeddable":true,"href":"https:\/\/ermdigital.com\/index.php\/wp-json\/wp\/v2\/comments?post=25268"}],"version-history":[{"count":0,"href":"https:\/\/ermdigital.com\/index.php\/wp-json\/wp\/v2\/posts\/25268\/revisions"}],"wp:featuredmedia":[{"embeddable":true,"href":"https:\/\/ermdigital.com\/index.php\/wp-json\/wp\/v2\/media\/25269"}],"wp:attachment":[{"href":"https:\/\/ermdigital.com\/index.php\/wp-json\/wp\/v2\/media?parent=25268"}],"wp:term":[{"taxonomy":"category","embeddable":true,"href":"https:\/\/ermdigital.com\/index.php\/wp-json\/wp\/v2\/categories?post=25268"},{"taxonomy":"post_tag","embeddable":true,"href":"https:\/\/ermdigital.com\/index.php\/wp-json\/wp\/v2\/tags?post=25268"}],"curies":[{"name":"wp","href":"https:\/\/api.w.org\/{rel}","templated":true}]}}