{"id":25265,"date":"2026-04-27T21:24:18","date_gmt":"2026-04-28T01:24:18","guid":{"rendered":"https:\/\/ermdigital.com\/index.php\/2026\/04\/27\/gobierno-cubrira-gastos-medicos-de-persona-herida-en-accidente-con-avanzada-presidencial-2\/"},"modified":"2026-04-27T21:24:18","modified_gmt":"2026-04-28T01:24:18","slug":"gobierno-cubrira-gastos-medicos-de-persona-herida-en-accidente-con-avanzada-presidencial-2","status":"publish","type":"post","link":"https:\/\/ermdigital.com\/index.php\/2026\/04\/27\/gobierno-cubrira-gastos-medicos-de-persona-herida-en-accidente-con-avanzada-presidencial-2\/","title":{"rendered":"Gobierno cubrir\u00e1 gastos m\u00e9dicos de persona herida en accidente con avanzada presidencial\u00a0"},"content":{"rendered":"<p><strong>Santo\u00a0Domingo.-<\/strong>\u00a0El jefe del\u00a0<strong>Cuerpo de Seguridad Presidencial\u00a0<\/strong>(Cusep),\u00a0<strong>mayor general Jimmy Arias<\/strong>,<a href=\"https:\/\/www.presidencia.gob.do\/noticias\/gobierno-cubrira-gastos-medicos-de-persona-herida-en-accidente-con-avanzada-presidencial\" target=\"_blank\" rel=\"noopener\"> inform\u00f3<\/a> que la persona herida producto de un\u00a0<strong>accidente con un veh\u00edculo de la avanzada presidencial<\/strong>\u00a0esta ma\u00f1ana se encuentra recibiendo atenciones m\u00e9dicas en la\u00a0<strong>Cl\u00ednica\u00a0Bournigal\u00a0de Puerto Plata<\/strong>, y el Gobierno asumir\u00e1\u00a0<strong>todos los gastos m\u00e9dicos<\/strong>, por disposici\u00f3n del\u00a0<strong>presidente Luis\u00a0Abinader.\u00a0<\/strong>\u00a0<\/p>\n<p><strong><\/strong>Arias se\u00f1al\u00f3 que los dos militares heridos fueron trasladados en helic\u00f3ptero a\u00a0<strong>Cedimat<\/strong><strong>,<\/strong>\u00a0en el Distrito Nacional, y que con el civil herido se prefiri\u00f3 no movilizarlo\u00a0y\u00a0<strong>atenderlo en Puerto Plata.\u00a0<\/strong>\u00a0<\/p>\n<p>El accidente de tr\u00e1nsito ocurri\u00f3 la\u00a0<strong>ma\u00f1ana de este lunes 27 de abril<\/strong>\u00a0en el tramo carretero\u00a0<strong>Maim\u00f3n\u2013Puerto Plata<\/strong>, mientras personal de la avanzada presidencial se trasladaba hacia una\u00a0<strong>actividad oficial<\/strong>\u00a0en la provincia.\u00a0\u00a0<\/p>\n<p><strong>Recomendamos leer: <a href=\"https:\/\/deultimominuto.net\/economia\/yayo-explica-a-sindicatos\/\">Yayo explica a sindicatos medidas del Gobierno ante crisis en Medio Oriente; resalta estabilidad en los precios<\/a><\/strong><\/p>\n<p>Se recuerda que en el hecho estuvieron involucrados\u00a0<strong>dos veh\u00edculos<\/strong>: una unidad oficial asignada a la escolta presidencial y un veh\u00edculo civil, como resultado del accidente,\u00a0<strong>dos miembros de la escolta<\/strong>\u00a0presidencial y\u00a0<strong>un ciudadano civil<\/strong>\u00a0presentaron traumas diversos.\u00a0\u00a0<\/p>\n<p>Se precisa que el se\u00f1or presidente de la Rep\u00fablica\u00a0<strong>no se desplazaba en dicha caravana<\/strong>\u00a0al momento del incidente.\u00a0<\/p>\n<p>\u200bSanto\u00a0Domingo.-\u00a0El jefe del\u00a0Cuerpo de Seguridad Presidencial\u00a0(Cusep),\u00a0mayor general Jimmy Arias, inform\u00f3 que la persona herida producto de un\u00a0accidente con un veh\u00edculo de la avanzada presidencial\u00a0esta ma\u00f1ana se encuentra recibiendo atenciones m\u00e9dicas en la\u00a0Cl\u00ednica\u00a0Bournigal\u00a0de Puerto Plata, y el Gobierno asumir\u00e1\u00a0todos los gastos m\u00e9dicos, por disposici\u00f3n del\u00a0presidente Luis\u00a0Abinader.\u00a0\u00a0 Arias se\u00f1al\u00f3 que los dos militares heridos fueron trasladados en\u00a0\u00a0Nacionales, Cedimat, Cusep\u00a0\u00a0<\/p>\n","protected":false},"excerpt":{"rendered":"<p>Santo\u00a0Domingo.-\u00a0El jefe del\u00a0Cuerpo de Seguridad Presidencial\u00a0(Cusep),\u00a0mayor general Jimmy Arias, inform\u00f3 que la persona herida producto de un\u00a0accidente con un veh\u00edculo de la avanzada presidencial\u00a0esta ma\u00f1ana se encuentra recibiendo atenciones m\u00e9dicas en la\u00a0Cl\u00ednica\u00a0Bournigal\u00a0de Puerto Plata, y el Gobierno asumir\u00e1\u00a0todos los gastos m\u00e9dicos, por disposici\u00f3n del\u00a0presidente Luis\u00a0Abinader.\u00a0\u00a0 Arias se\u00f1al\u00f3 que los dos militares heridos fueron trasladados en [&hellip;]<\/p>\n","protected":false},"author":1,"featured_media":25200,"comment_status":"open","ping_status":"open","sticky":false,"template":"","format":"standard","meta":{"amp_status":"","footnotes":""},"categories":[3],"tags":[],"class_list":["post-25265","post","type-post","status-publish","format-standard","has-post-thumbnail","hentry","category-de-ultimo-minuto"],"_links":{"self":[{"href":"https:\/\/ermdigital.com\/index.php\/wp-json\/wp\/v2\/posts\/25265","targetHints":{"allow":["GET"]}}],"collection":[{"href":"https:\/\/ermdigital.com\/index.php\/wp-json\/wp\/v2\/posts"}],"about":[{"href":"https:\/\/ermdigital.com\/index.php\/wp-json\/wp\/v2\/types\/post"}],"author":[{"embeddable":true,"href":"https:\/\/ermdigital.com\/index.php\/wp-json\/wp\/v2\/users\/1"}],"replies":[{"embeddable":true,"href":"https:\/\/ermdigital.com\/index.php\/wp-json\/wp\/v2\/comments?post=25265"}],"version-history":[{"count":0,"href":"https:\/\/ermdigital.com\/index.php\/wp-json\/wp\/v2\/posts\/25265\/revisions"}],"wp:featuredmedia":[{"embeddable":true,"href":"https:\/\/ermdigital.com\/index.php\/wp-json\/wp\/v2\/media\/25200"}],"wp:attachment":[{"href":"https:\/\/ermdigital.com\/index.php\/wp-json\/wp\/v2\/media?parent=25265"}],"wp:term":[{"taxonomy":"category","embeddable":true,"href":"https:\/\/ermdigital.com\/index.php\/wp-json\/wp\/v2\/categories?post=25265"},{"taxonomy":"post_tag","embeddable":true,"href":"https:\/\/ermdigital.com\/index.php\/wp-json\/wp\/v2\/tags?post=25265"}],"curies":[{"name":"wp","href":"https:\/\/api.w.org\/{rel}","templated":true}]}}