{"id":25261,"date":"2026-04-27T21:32:41","date_gmt":"2026-04-28T01:32:41","guid":{"rendered":"https:\/\/ermdigital.com\/index.php\/2026\/04\/27\/oliver-olivo-cineasta-y-director-del-corto-documental\/"},"modified":"2026-04-27T21:32:41","modified_gmt":"2026-04-28T01:32:41","slug":"oliver-olivo-cineasta-y-director-del-corto-documental","status":"publish","type":"post","link":"https:\/\/ermdigital.com\/index.php\/2026\/04\/27\/oliver-olivo-cineasta-y-director-del-corto-documental\/","title":{"rendered":"Oliver Olivo, cineasta y director del corto documental"},"content":{"rendered":"<p><strong>Santo Domingo.- <\/strong>La trascendencia de los proyectos galardonados en los Premios Brugal Cree en Su Gente es valorada en el corto documental \u201cEl poder de creer\u201d, donde se recogen inspiradores testimonios de los protagonistas y se muestra el alcance de su impacto.<\/p>\n<p>La pieza cuenta con la voz del reconocido Freddy Ginebra, fundador de los Premios Brugal Cree en su Gente, y la direcci\u00f3n del cineasta Oliver Olivo, quien comparti\u00f3 con De \u00daltimo Minuto qu\u00e9 buscaba capturar en las personas m\u00e1s all\u00e1 de sus testimonios, qu\u00e9 le gustar\u00eda que el p\u00fablico no olvide despu\u00e9s de ver \u201cEl poder de creer\u201d y qu\u00e9 le deja esta experiencia como realizador.<\/p>\n<h3 class=\"wp-block-heading\"><strong>Sobre el corto documental \u201cEl poder de creer\u201d<\/strong><\/h3>\n<p>\u201cEl poder de creer\u201d es un corto documental producido por la Fundaci\u00f3n Brugal y dirigido por el joven cineasta dominicano Oliver Olivo, que nace con un prop\u00f3sito claro: hacer visible lo que muchas veces ocurre en silencio.<\/p>\n<p><strong>Recomendamos leer<a href=\"https:\/\/deultimominuto.net\/enlaces\/\" data-type=\"page\" data-id=\"491852\">:Taylor Swift solicita el registro de su voz e imagen como marca, ante la amenaza de la IA<\/a><\/strong><\/p>\n<p>A trav\u00e9s de un lenguaje cinematogr\u00e1fico cercano y honesto, el documental pone en primer plano la labor de los solidarios reconocidos por los Premios Brugal Cree en su Gente: el ITESIL y FUNDEMAR.<\/p>\n<p>No se limita a contar lo que hacen, sino que, a trav\u00e9s de la propia voz de las instituciones, muestra c\u00f3mo lo hacen, el impacto que generan y por qu\u00e9 persisten, incluso en condiciones adversas.<\/p>\n<p>Aqu\u00ed radica su valor: transformar historias concretas en referentes. Darles rostro, voz, contexto y profundidad a realidades, a solidarios e iniciativas que ya est\u00e1n generando cambios reales desde la educaci\u00f3n y el medio ambiente.<\/p>\n<p>Porque cuando esas historias se hacen visibles dejan de ser casos aislados y se convierten en ejemplo. Y el ejemplo, bien contado, tiene una capacidad \u00fanica: inspira, compromete y mueve a la acci\u00f3n.<\/p>\n<p>M\u00e1s que un corto documental, esta es una invitaci\u00f3n. Una invitaci\u00f3n a mirar de cerca, a reconocer y, sobre todo, a creer.<\/p>\n<p>\u200bSanto Domingo.- La trascendencia de los proyectos galardonados en los Premios Brugal Cree en Su Gente es valorada en el corto documental \u201cEl poder de creer\u201d, donde se recogen inspiradores testimonios de los protagonistas y se muestra el alcance de su impacto. La pieza cuenta con la voz del reconocido Freddy Ginebra, fundador de los\u00a0\u00a0Entretenimiento, Cuneasta, Director, oliver\u00a0\u00a0<\/p>\n","protected":false},"excerpt":{"rendered":"<p>Santo Domingo.- La trascendencia de los proyectos galardonados en los Premios Brugal Cree en Su Gente es valorada en el corto documental \u201cEl poder de creer\u201d, donde se recogen inspiradores testimonios de los protagonistas y se muestra el alcance de su impacto. La pieza cuenta con la voz del reconocido Freddy Ginebra, fundador de los [&hellip;]<\/p>\n","protected":false},"author":1,"featured_media":25262,"comment_status":"open","ping_status":"open","sticky":false,"template":"","format":"standard","meta":{"amp_status":"","footnotes":""},"categories":[3],"tags":[],"class_list":["post-25261","post","type-post","status-publish","format-standard","has-post-thumbnail","hentry","category-de-ultimo-minuto"],"_links":{"self":[{"href":"https:\/\/ermdigital.com\/index.php\/wp-json\/wp\/v2\/posts\/25261","targetHints":{"allow":["GET"]}}],"collection":[{"href":"https:\/\/ermdigital.com\/index.php\/wp-json\/wp\/v2\/posts"}],"about":[{"href":"https:\/\/ermdigital.com\/index.php\/wp-json\/wp\/v2\/types\/post"}],"author":[{"embeddable":true,"href":"https:\/\/ermdigital.com\/index.php\/wp-json\/wp\/v2\/users\/1"}],"replies":[{"embeddable":true,"href":"https:\/\/ermdigital.com\/index.php\/wp-json\/wp\/v2\/comments?post=25261"}],"version-history":[{"count":0,"href":"https:\/\/ermdigital.com\/index.php\/wp-json\/wp\/v2\/posts\/25261\/revisions"}],"wp:featuredmedia":[{"embeddable":true,"href":"https:\/\/ermdigital.com\/index.php\/wp-json\/wp\/v2\/media\/25262"}],"wp:attachment":[{"href":"https:\/\/ermdigital.com\/index.php\/wp-json\/wp\/v2\/media?parent=25261"}],"wp:term":[{"taxonomy":"category","embeddable":true,"href":"https:\/\/ermdigital.com\/index.php\/wp-json\/wp\/v2\/categories?post=25261"},{"taxonomy":"post_tag","embeddable":true,"href":"https:\/\/ermdigital.com\/index.php\/wp-json\/wp\/v2\/tags?post=25261"}],"curies":[{"name":"wp","href":"https:\/\/api.w.org\/{rel}","templated":true}]}}