{"id":25259,"date":"2026-04-27T21:36:18","date_gmt":"2026-04-28T01:36:18","guid":{"rendered":"https:\/\/ermdigital.com\/index.php\/2026\/04\/27\/presentan-oficialmente-el-1er-festival-inmobiliario-de-las-terrenas\/"},"modified":"2026-04-27T21:36:18","modified_gmt":"2026-04-28T01:36:18","slug":"presentan-oficialmente-el-1er-festival-inmobiliario-de-las-terrenas","status":"publish","type":"post","link":"https:\/\/ermdigital.com\/index.php\/2026\/04\/27\/presentan-oficialmente-el-1er-festival-inmobiliario-de-las-terrenas\/","title":{"rendered":"Presentan oficialmente el 1er Festival Inmobiliario de Las Terrenas"},"content":{"rendered":"<p><strong>Las Terrenas.<\/strong> \u2013 Con una destacada participaci\u00f3n de empresarios, medios de comunicaci\u00f3n y<a href=\"https:\/\/deultimominuto.net\/nacionales\/abinader-entrega-renovada\/\"> representantes<\/a> del sector inmobiliario, fue celebrada la rueda de prensa oficial del <strong>1er Festival Inmobiliario de Las Terrenas<\/strong>, un evento sin precedentes que promete marcar un antes y un despu\u00e9s en la proyecci\u00f3n de este destino como epicentro de inversi\u00f3n y desarrollo en la regi\u00f3n Nordeste de la Rep\u00fablica Dominicana.<\/p>\n<p>Durante el encuentro con la prensa, el empresario Fede Busquets ofreci\u00f3 detalles sobre este importante evento, que se llevar\u00e1 a cabo los d\u00edas <strong>s\u00e1bado 9 y domingo 10 de mayo<\/strong> en este reconocido destino tur\u00edstico de la provincia de Saman\u00e1.<\/p>\n<p>El s\u00e1bado 9 el horario ser\u00e1 de <strong>10:00 de la ma\u00f1ana a 10:00 de la noche<\/strong>, mientras que el domingo 10 se desarrollar\u00e1 desde las <strong>9:00 de la ma\u00f1ana hasta las 3:00 de la tarde<\/strong>.<\/p>\n<p>Busquets destac\u00f3 que el objetivo principal del festival es enaltecer, promover y consolidar a Las Terrenas como uno de los principales polos inmobiliarios y tur\u00edsticos del pa\u00eds, resaltando sus atractivos naturales, su crecimiento urban\u00edstico y su gran potencial de inversi\u00f3n tanto para dominicanos como para extranjeros.<\/p>\n<p>\u201cEl 1er Festival Inmobiliario de Las Terrenas nace con la visi\u00f3n de crear un espacio donde converjan las principales figuras del sector, fomentando alianzas estrat\u00e9gicas, promoviendo proyectos innovadores y mostrando al mundo todo lo que este para\u00edso tiene para ofrecer\u201d, expres\u00f3.<\/p>\n<p><strong>Recomendamos leer:<a href=\"https:\/\/deultimominuto.net\/estilo\/colombia-alcantara-host-oficial\/\">Colombia Alc\u00e1ntara es la host oficial en NY del principal hub de inversi\u00f3n inmobiliaria para la di\u00e1spora dominicana<\/a><\/strong><\/p>\n<p>El evento contar\u00e1 con la participaci\u00f3n de desarrolladores inmobiliarios, agentes, inversionistas, entidades financieras, autoridades gubernamentales, empresarios, l\u00edderes de opini\u00f3n y medios de comunicaci\u00f3n, quienes se dar\u00e1n cita durante dos d\u00edas llenos de actividades dise\u00f1adas para informar, conectar y generar oportunidades de negocio.<\/p>\n<p><strong>Dentro de la programaci\u00f3n oficial, el festival incluir\u00e1:<\/strong><\/p>\n<ul class=\"wp-block-list\">\n<li><strong>Exposici\u00f3n de proyectos inmobiliarios:<\/strong> donde diversas empresas presentar\u00e1n propuestas residenciales, tur\u00edsticas y comerciales, destacando tendencias en sostenibilidad, arquitectura moderna y desarrollo urbano.<\/li>\n<li><strong>Paneles y presentaciones especializadas:<\/strong> con expertos que abordar\u00e1n temas como inversi\u00f3n segura, crecimiento del mercado inmobiliario en Saman\u00e1, oportunidades para extranjeros y financiamiento.<\/li>\n<li><strong>Reconocimientos especiales:<\/strong> dirigidos a personalidades y empresas que han contribuido al desarrollo inmobiliario y tur\u00edstico de Las Terrenas.<\/li>\n<li><strong>Espacios de networking:<\/strong> dise\u00f1ados para fomentar alianzas entre inversionistas, desarrolladores y clientes potenciales.<\/li>\n<li><strong>\u00c1rea infantil:<\/strong> para garantizar un ambiente familiar.<\/li>\n<li><strong>Musicalizaci\u00f3n en vivo y actividades culturales:<\/strong> que resaltar\u00e1n la esencia y el encanto de la zona.<\/li>\n<\/ul>\n<p>Asimismo, se inform\u00f3 que el evento contar\u00e1 con amplia cobertura medi\u00e1tica nacional e internacional, lo que permitir\u00e1 posicionar a Las Terrenas como un destino estrat\u00e9gico dentro del mapa de inversi\u00f3n del Caribe.<\/p>\n<p>Los organizadores destacaron que este festival busca impulsar el desarrollo econ\u00f3mico local, dinamizando sectores como la construcci\u00f3n, el turismo, el comercio y los servicios, adem\u00e1s de generar nuevas oportunidades de empleo para la comunidad.<\/p>\n<p>\u201cQueremos que cada persona que asista viva una experiencia completa, que conozca el potencial real de Las Terrenas, que conecte con los principales actores del sector y que descubra por qu\u00e9 este destino es hoy una de las mejores opciones para invertir en la Rep\u00fablica Dominicana\u201d, agreg\u00f3 Busquets.<\/p>\n<p>El <strong>1er Festival Inmobiliario de Las Terrenas<\/strong> est\u00e1 abierto al p\u00fablico en general, convirti\u00e9ndose en una oportunidad tanto para inversionistas experimentados como para personas interesadas en adquirir su primera propiedad o conocer las tendencias del mercado.<\/p>\n<p>La invitaci\u00f3n queda extendida a toda la ciudadan\u00eda, empresarios y visitantes nacionales e internacionales a formar parte de este evento que celebrar\u00e1 el crecimiento, la innovaci\u00f3n y la belleza de uno de los destinos m\u00e1s encantadores del Caribe.<\/p>\n<p>\u200bLas Terrenas. \u2013 Con una destacada participaci\u00f3n de empresarios, medios de comunicaci\u00f3n y representantes del sector inmobiliario, fue celebrada la rueda de prensa oficial del 1er Festival Inmobiliario de Las Terrenas, un evento sin precedentes que promete marcar un antes y un despu\u00e9s en la proyecci\u00f3n de este destino como epicentro de inversi\u00f3n y desarrollo\u00a0\u00a0Nacionales, Las Terrenas\u00a0\u00a0<\/p>\n","protected":false},"excerpt":{"rendered":"<p>Las Terrenas. \u2013 Con una destacada participaci\u00f3n de empresarios, medios de comunicaci\u00f3n y representantes del sector inmobiliario, fue celebrada la rueda de prensa oficial del 1er Festival Inmobiliario de Las Terrenas, un evento sin precedentes que promete marcar un antes y un despu\u00e9s en la proyecci\u00f3n de este destino como epicentro de inversi\u00f3n y desarrollo [&hellip;]<\/p>\n","protected":false},"author":1,"featured_media":25260,"comment_status":"open","ping_status":"open","sticky":false,"template":"","format":"standard","meta":{"amp_status":"","footnotes":""},"categories":[3],"tags":[],"class_list":["post-25259","post","type-post","status-publish","format-standard","has-post-thumbnail","hentry","category-de-ultimo-minuto"],"_links":{"self":[{"href":"https:\/\/ermdigital.com\/index.php\/wp-json\/wp\/v2\/posts\/25259","targetHints":{"allow":["GET"]}}],"collection":[{"href":"https:\/\/ermdigital.com\/index.php\/wp-json\/wp\/v2\/posts"}],"about":[{"href":"https:\/\/ermdigital.com\/index.php\/wp-json\/wp\/v2\/types\/post"}],"author":[{"embeddable":true,"href":"https:\/\/ermdigital.com\/index.php\/wp-json\/wp\/v2\/users\/1"}],"replies":[{"embeddable":true,"href":"https:\/\/ermdigital.com\/index.php\/wp-json\/wp\/v2\/comments?post=25259"}],"version-history":[{"count":0,"href":"https:\/\/ermdigital.com\/index.php\/wp-json\/wp\/v2\/posts\/25259\/revisions"}],"wp:featuredmedia":[{"embeddable":true,"href":"https:\/\/ermdigital.com\/index.php\/wp-json\/wp\/v2\/media\/25260"}],"wp:attachment":[{"href":"https:\/\/ermdigital.com\/index.php\/wp-json\/wp\/v2\/media?parent=25259"}],"wp:term":[{"taxonomy":"category","embeddable":true,"href":"https:\/\/ermdigital.com\/index.php\/wp-json\/wp\/v2\/categories?post=25259"},{"taxonomy":"post_tag","embeddable":true,"href":"https:\/\/ermdigital.com\/index.php\/wp-json\/wp\/v2\/tags?post=25259"}],"curies":[{"name":"wp","href":"https:\/\/api.w.org\/{rel}","templated":true}]}}