{"id":25257,"date":"2026-04-27T21:53:59","date_gmt":"2026-04-28T01:53:59","guid":{"rendered":"https:\/\/ermdigital.com\/index.php\/2026\/04\/27\/bukele-encabeza-ranking-de-popularidad-de-los-presidentes-de-latinoamerica-balcazar-y-rodriguez-quedan-rezagados\/"},"modified":"2026-04-27T21:53:59","modified_gmt":"2026-04-28T01:53:59","slug":"bukele-encabeza-ranking-de-popularidad-de-los-presidentes-de-latinoamerica-balcazar-y-rodriguez-quedan-rezagados","status":"publish","type":"post","link":"https:\/\/ermdigital.com\/index.php\/2026\/04\/27\/bukele-encabeza-ranking-de-popularidad-de-los-presidentes-de-latinoamerica-balcazar-y-rodriguez-quedan-rezagados\/","title":{"rendered":"Bukele encabeza ranking de popularidad de los presidentes de Latinoam\u00e9rica, Balc\u00e1zar y Rodr\u00edguez quedan rezagados"},"content":{"rendered":"<p><strong>Redacci\u00f3n Am\u00e9rica.- <\/strong>Los presidentes de El Salvador, Nayib Bukele; de M\u00e9xico, Claudia Sheinbaum; y de Costa Rica, Rodrigo Chaves, encabezan la lista de mandatarios de Latinoam\u00e9rica mejor valorados por la ciudadan\u00eda en abril, mientras que en el otro extremo se ubica el mandatario interino de Per\u00fa, Jos\u00e9 Mar\u00eda Balc\u00e1zar.<\/p>\n<p>De acuerdo con un sondeo de CB Consultora Opini\u00f3n P\u00fablica, Bukele lidera el ranking con una aprobaci\u00f3n del 70,1 % y una desaprobaci\u00f3n del 26,3 %. En marzo, su imagen positiva era del 71,8 %. El mandatario centroamericano asumi\u00f3 en junio de 2024 un segundo mandato, pese a la prohibici\u00f3n constitucional de reelecci\u00f3n consecutiva, y ha mantenido una pol\u00edtica de mano dura contra las pandillas mediante medidas como el r\u00e9gimen de excepci\u00f3n vigente desde marzo de 2022.<\/p>\n<p>Sheinbaum, la primera mujer en gobernar M\u00e9xico, asumi\u00f3 el poder en octubre de 2024 en medio de altos niveles de inseguridad y alcanza una imagen positiva del 69,8 %, frente a un 26,8 % de rechazo. El mes pasado registraba un apoyo del 72,3 %.<\/p>\n<h2 class=\"wp-block-heading\"><strong>Los presidentes de Latinoam\u00e9rica m\u00e1s populares<\/strong><\/h2>\n<p>Chaves, quien entregar\u00e1 el poder el pr\u00f3ximo 8 de mayo a Laura Fern\u00e1ndez, ocupa el tercer lugar con una favorabilidad del 59,5 %, superior al 56,8 % de marzo, mientras que su imagen negativa se sit\u00faa en el 38 %.<\/p>\n<p>Al otro lado de la tabla se encuentra Jos\u00e9 Mar\u00eda Balc\u00e1zar, quien asumi\u00f3 de forma interina la Presidencia de Per\u00fa el 19 de febrero.<\/p>\n<p><strong>Recomendamos leer: <a href=\"https:\/\/deultimominuto.net\/internacionales\/bukele-le-reitera-a-petro\/\">Bukele le reitera a Petro la \u00aboferta\u00bb de enviar a los presos salvadore\u00f1os a Colombia<\/a><\/strong><\/p>\n<p>s el mandatario peor valorado del sondeo, con apenas un 17,9 % de imagen positiva frente a un 67,9 % de rechazo. En marzo ten\u00eda un respaldo del 25,2 %.<\/p>\n<p>En cuarto lugar figura el presidente de Rep\u00fablica Dominicana, Luis Abinader, con un 57,3 % de favorabilidad y un 39,6 % de rechazo, en la mitad de su segundo mandato. Le sigue el gobernante de Bolivia, Rodrigo Paz, quien en unos d\u00edas cumplir\u00e1 seis meses en el cargo, con un 52,9 % de respaldo frente a un 44,2 % de desaprobaci\u00f3n.<\/p>\n<p>En la franja media del ranking se ubica Daniel Ortega, quien gobierna Nicaragua desde hace 19 a\u00f1os y desde febrero de 2025 comparte el poder con su esposa, Rosario Murillo, con un 51,8 % de imagen positiva y un 44,6 % de valoraci\u00f3n negativa.<\/p>\n<p>El presidente de Brasil, Luiz In\u00e1cio Lula da Silva, quien aspira a un cuarto mandato en las elecciones de octubre, ha encabezado en varias ocasiones esta encuesta y ahora ocupa el s\u00e9ptimo lugar, con un 48,4 % de apoyo frente a un 49,1 % de desaprobaci\u00f3n.<\/p>\n<h2 class=\"wp-block-heading\"><strong>La mitad inferior<\/strong><\/h2>\n<p>Le sigue el ultraderechista Jos\u00e9 Antonio Kast, quien asumi\u00f3 la Presidencia de Chile el pasado 11 de marzo, con un 45,1 % de aprobaci\u00f3n y un 49,9 % de rechazo.<\/p>\n<p>Tambi\u00e9n en la mitad inferior se encuentra el mandatario de Paraguay, Santiago Pe\u00f1a, a quien le quedan dos a\u00f1os de Gobierno, con un 43,2 % de respaldo y un 52,3 % de valoraci\u00f3n negativa.<\/p>\n<p>La lista contin\u00faa con Yamand\u00fa Orsi, quien gobierna Uruguay desde hace un a\u00f1o, con un 41,7 % de apoyo y un 55,4 % de rechazo; y Nasry \u2018Tito\u2019 Asfura, quien asumi\u00f3 la Presidencia de Honduras en enero de este a\u00f1o, con un 40,5 % de imagen positiva frente a un 54,3 % de negativa.<\/p>\n<p>Gustavo Petro, cuyo mandato en Colombia concluye el pr\u00f3ximo 7 de agosto, obtiene un 38,2 % de favorabilidad y un 57,5 % de desaprobaci\u00f3n.<\/p>\n<h2 class=\"wp-block-heading\"><strong>Milei, entre los presidente con menor respaldo<\/strong><\/h2>\n<p>Entre los presidentes con menor respaldo figuran el guatemalteco Bernardo Ar\u00e9valo, con un 37,3 % de aprobaci\u00f3n frente a un 56,8 % de rechazo; el argentino Javier Milei, con un 36,2 % de imagen positiva y un 59,7 % negativa; el ecuatoriano Daniel Noboa, con un 35,7 % de favorabilidad frente a un 61,5 % de desaprobaci\u00f3n y el paname\u00f1o Jos\u00e9 Ra\u00fal Mulino, con un 34,1 % de respaldo y un 62,4 % de rechazo.<\/p>\n<p>En pen\u00faltimo lugar se ubica Delcy Rodr\u00edguez, quien el 5 de enero fue nombrada como presidenta encargada de Venezuela, con apenas un 27,5 % de apoyo frente a un 67,6 % de valoraci\u00f3n negativa.<\/p>\n<p>El sondeo de CB Consultora fue realizado entre el 10 y 15 de febrero a 40.528 personas, con muestras de entre 2.001 y 2.701 encuestados por pa\u00eds, un nivel de confianza del 95 % y un margen de error por pa\u00eds de entre \u00b11,9 y 2,2 %.<\/p>\n<p><a href=\"https:\/\/efecomunica.efe.com\/dutyfreezone-com-abre-la-inscripcion-global-para-proveedores-e-inversores-antes-del-lanzamiento-en-otono-de-2026-del-primer-mercado-global-libre-de-impuestos-del-mundo\/\" target=\"_blank\" rel=\"noreferrer noopener\"><\/a><\/p>\n<p>\u200bRedacci\u00f3n Am\u00e9rica.- Los presidentes de El Salvador, Nayib Bukele; de M\u00e9xico, Claudia Sheinbaum; y de Costa Rica, Rodrigo Chaves, encabezan la lista de mandatarios de Latinoam\u00e9rica mejor valorados por la ciudadan\u00eda en abril, mientras que en el otro extremo se ubica el mandatario interino de Per\u00fa, Jos\u00e9 Mar\u00eda Balc\u00e1zar. De acuerdo con un sondeo de\u00a0\u00a0Internacionales, Claudia Sheinbaum, El Salvador, M\u00e9xico, Nayib Bukele\u00a0\u00a0<\/p>\n","protected":false},"excerpt":{"rendered":"<p>Redacci\u00f3n Am\u00e9rica.- Los presidentes de El Salvador, Nayib Bukele; de M\u00e9xico, Claudia Sheinbaum; y de Costa Rica, Rodrigo Chaves, encabezan la lista de mandatarios de Latinoam\u00e9rica mejor valorados por la ciudadan\u00eda en abril, mientras que en el otro extremo se ubica el mandatario interino de Per\u00fa, Jos\u00e9 Mar\u00eda Balc\u00e1zar. De acuerdo con un sondeo de [&hellip;]<\/p>\n","protected":false},"author":1,"featured_media":25258,"comment_status":"open","ping_status":"open","sticky":false,"template":"","format":"standard","meta":{"amp_status":"","footnotes":""},"categories":[3],"tags":[],"class_list":["post-25257","post","type-post","status-publish","format-standard","has-post-thumbnail","hentry","category-de-ultimo-minuto"],"_links":{"self":[{"href":"https:\/\/ermdigital.com\/index.php\/wp-json\/wp\/v2\/posts\/25257","targetHints":{"allow":["GET"]}}],"collection":[{"href":"https:\/\/ermdigital.com\/index.php\/wp-json\/wp\/v2\/posts"}],"about":[{"href":"https:\/\/ermdigital.com\/index.php\/wp-json\/wp\/v2\/types\/post"}],"author":[{"embeddable":true,"href":"https:\/\/ermdigital.com\/index.php\/wp-json\/wp\/v2\/users\/1"}],"replies":[{"embeddable":true,"href":"https:\/\/ermdigital.com\/index.php\/wp-json\/wp\/v2\/comments?post=25257"}],"version-history":[{"count":0,"href":"https:\/\/ermdigital.com\/index.php\/wp-json\/wp\/v2\/posts\/25257\/revisions"}],"wp:featuredmedia":[{"embeddable":true,"href":"https:\/\/ermdigital.com\/index.php\/wp-json\/wp\/v2\/media\/25258"}],"wp:attachment":[{"href":"https:\/\/ermdigital.com\/index.php\/wp-json\/wp\/v2\/media?parent=25257"}],"wp:term":[{"taxonomy":"category","embeddable":true,"href":"https:\/\/ermdigital.com\/index.php\/wp-json\/wp\/v2\/categories?post=25257"},{"taxonomy":"post_tag","embeddable":true,"href":"https:\/\/ermdigital.com\/index.php\/wp-json\/wp\/v2\/tags?post=25257"}],"curies":[{"name":"wp","href":"https:\/\/api.w.org\/{rel}","templated":true}]}}