{"id":25243,"date":"2026-04-27T21:08:28","date_gmt":"2026-04-28T01:08:28","guid":{"rendered":"https:\/\/ermdigital.com\/index.php\/2026\/04\/27\/piden-investigar-muerte-de-excapitan-del-ejercito-tras-ser-detenido-en-destacamento-en-sdn\/"},"modified":"2026-04-27T21:08:28","modified_gmt":"2026-04-28T01:08:28","slug":"piden-investigar-muerte-de-excapitan-del-ejercito-tras-ser-detenido-en-destacamento-en-sdn","status":"publish","type":"post","link":"https:\/\/ermdigital.com\/index.php\/2026\/04\/27\/piden-investigar-muerte-de-excapitan-del-ejercito-tras-ser-detenido-en-destacamento-en-sdn\/","title":{"rendered":"Piden investigar muerte de excapit\u00e1n del Ej\u00e9rcito tras ser detenido en destacamento en SDN\u00a0"},"content":{"rendered":"<p>&lt;![CDATA[<\/p>\n<p>Familiares de un excapit\u00e1n del<b> Ej\u00e9rcito de Rep\u00fablica Dominicana<\/b>, quien falleci\u00f3 a causa de m\u00faltiples lesiones tras ser detenido en un destacamento policial en <b>Santo Domingo Norte<\/b>, piden a las autoridades el esclarecimiento de este caso.<\/p>\n<p><a href=\"https:\/\/listindiario.com\/la-republica\/20260427\/piden-investigar-muerte-excapitan-erd-detenido-destacamento-pn-sdn_903468.html\">wf_cms.rss.read_more<\/a><\/p>\n<p>]]&gt;<\/p>\n<p>\u200bRam\u00f3n Antonio Mora Abad, de 60 a\u00f1os, fue apresado por miembros de la PN tras presentar una crisis psic\u00f3tica.\u00a0\u00a0La Rep\u00fablica\u00a0<\/p>\n","protected":false},"excerpt":{"rendered":"<p>&lt;![CDATA[ Familiares de un excapit\u00e1n del Ej\u00e9rcito de Rep\u00fablica Dominicana, quien falleci\u00f3 a causa de m\u00faltiples lesiones tras ser detenido en un destacamento policial en Santo Domingo Norte, piden a las autoridades el esclarecimiento de este caso. wf_cms.rss.read_more ]]&gt; \u200bRam\u00f3n Antonio Mora Abad, de 60 a\u00f1os, fue apresado por miembros de la PN tras presentar [&hellip;]<\/p>\n","protected":false},"author":1,"featured_media":25244,"comment_status":"open","ping_status":"open","sticky":false,"template":"","format":"standard","meta":{"amp_status":"","footnotes":""},"categories":[5],"tags":[],"class_list":["post-25243","post","type-post","status-publish","format-standard","has-post-thumbnail","hentry","category-politica"],"_links":{"self":[{"href":"https:\/\/ermdigital.com\/index.php\/wp-json\/wp\/v2\/posts\/25243","targetHints":{"allow":["GET"]}}],"collection":[{"href":"https:\/\/ermdigital.com\/index.php\/wp-json\/wp\/v2\/posts"}],"about":[{"href":"https:\/\/ermdigital.com\/index.php\/wp-json\/wp\/v2\/types\/post"}],"author":[{"embeddable":true,"href":"https:\/\/ermdigital.com\/index.php\/wp-json\/wp\/v2\/users\/1"}],"replies":[{"embeddable":true,"href":"https:\/\/ermdigital.com\/index.php\/wp-json\/wp\/v2\/comments?post=25243"}],"version-history":[{"count":0,"href":"https:\/\/ermdigital.com\/index.php\/wp-json\/wp\/v2\/posts\/25243\/revisions"}],"wp:featuredmedia":[{"embeddable":true,"href":"https:\/\/ermdigital.com\/index.php\/wp-json\/wp\/v2\/media\/25244"}],"wp:attachment":[{"href":"https:\/\/ermdigital.com\/index.php\/wp-json\/wp\/v2\/media?parent=25243"}],"wp:term":[{"taxonomy":"category","embeddable":true,"href":"https:\/\/ermdigital.com\/index.php\/wp-json\/wp\/v2\/categories?post=25243"},{"taxonomy":"post_tag","embeddable":true,"href":"https:\/\/ermdigital.com\/index.php\/wp-json\/wp\/v2\/tags?post=25243"}],"curies":[{"name":"wp","href":"https:\/\/api.w.org\/{rel}","templated":true}]}}