{"id":25241,"date":"2026-04-27T21:14:45","date_gmt":"2026-04-28T01:14:45","guid":{"rendered":"https:\/\/ermdigital.com\/index.php\/2026\/04\/27\/caso-jet-set-juez-raymundo-mejia-recesa-audiencia-preliminar-para-este-viernes\/"},"modified":"2026-04-27T21:14:45","modified_gmt":"2026-04-28T01:14:45","slug":"caso-jet-set-juez-raymundo-mejia-recesa-audiencia-preliminar-para-este-viernes","status":"publish","type":"post","link":"https:\/\/ermdigital.com\/index.php\/2026\/04\/27\/caso-jet-set-juez-raymundo-mejia-recesa-audiencia-preliminar-para-este-viernes\/","title":{"rendered":"Caso Jet Set: Juez Raymundo Mej\u00eda recesa audiencia preliminar para este viernes\u00a0"},"content":{"rendered":"<p>&lt;![CDATA[<\/p>\n<p>El juez <b>Raymundo Mej\u00eda<\/b>, del <b>Primer Juzgado de la Instrucci\u00f3n del Distrito Nacional<\/b>, reces\u00f3 para este viernes la continuaci\u00f3n del juicio preliminar que se sigue en contra de los propietarios de la discoteca <b>Jet Set<\/b>, <b>Antonio <\/b>y <b>Maribel Espaillat<\/b>.<\/p>\n<p><a href=\"https:\/\/listindiario.com\/la-republica\/justicia\/20260427\/caso-jet-set-juez-raymundo-mejia-recesa-audiencia-preliminar-viernes_903469.html\">wf_cms.rss.read_more<\/a><\/p>\n<p>]]&gt;<\/p>\n<p>\u200bMej\u00eda aclar\u00f3 que la audiencia prevista originalmente para inicios de mayo no podr\u00e1 efectuarse el d\u00eda programado debido al asueto correspondiente al D\u00eda del Trabajo.\u00a0\u00a0Justicia\u00a0<\/p>\n","protected":false},"excerpt":{"rendered":"<p>&lt;![CDATA[ El juez Raymundo Mej\u00eda, del Primer Juzgado de la Instrucci\u00f3n del Distrito Nacional, reces\u00f3 para este viernes la continuaci\u00f3n del juicio preliminar que se sigue en contra de los propietarios de la discoteca Jet Set, Antonio y Maribel Espaillat. wf_cms.rss.read_more ]]&gt; \u200bMej\u00eda aclar\u00f3 que la audiencia prevista originalmente para inicios de mayo no podr\u00e1 [&hellip;]<\/p>\n","protected":false},"author":1,"featured_media":25242,"comment_status":"open","ping_status":"open","sticky":false,"template":"","format":"standard","meta":{"amp_status":"","footnotes":""},"categories":[5],"tags":[],"class_list":["post-25241","post","type-post","status-publish","format-standard","has-post-thumbnail","hentry","category-politica"],"_links":{"self":[{"href":"https:\/\/ermdigital.com\/index.php\/wp-json\/wp\/v2\/posts\/25241","targetHints":{"allow":["GET"]}}],"collection":[{"href":"https:\/\/ermdigital.com\/index.php\/wp-json\/wp\/v2\/posts"}],"about":[{"href":"https:\/\/ermdigital.com\/index.php\/wp-json\/wp\/v2\/types\/post"}],"author":[{"embeddable":true,"href":"https:\/\/ermdigital.com\/index.php\/wp-json\/wp\/v2\/users\/1"}],"replies":[{"embeddable":true,"href":"https:\/\/ermdigital.com\/index.php\/wp-json\/wp\/v2\/comments?post=25241"}],"version-history":[{"count":0,"href":"https:\/\/ermdigital.com\/index.php\/wp-json\/wp\/v2\/posts\/25241\/revisions"}],"wp:featuredmedia":[{"embeddable":true,"href":"https:\/\/ermdigital.com\/index.php\/wp-json\/wp\/v2\/media\/25242"}],"wp:attachment":[{"href":"https:\/\/ermdigital.com\/index.php\/wp-json\/wp\/v2\/media?parent=25241"}],"wp:term":[{"taxonomy":"category","embeddable":true,"href":"https:\/\/ermdigital.com\/index.php\/wp-json\/wp\/v2\/categories?post=25241"},{"taxonomy":"post_tag","embeddable":true,"href":"https:\/\/ermdigital.com\/index.php\/wp-json\/wp\/v2\/tags?post=25241"}],"curies":[{"name":"wp","href":"https:\/\/api.w.org\/{rel}","templated":true}]}}