{"id":25239,"date":"2026-04-27T21:19:23","date_gmt":"2026-04-28T01:19:23","guid":{"rendered":"https:\/\/ermdigital.com\/index.php\/2026\/04\/27\/abinader-crea-entidad-para-dar-seguimiento-a-desarrollo-economico-y-social-de-san-juan\/"},"modified":"2026-04-27T21:19:23","modified_gmt":"2026-04-28T01:19:23","slug":"abinader-crea-entidad-para-dar-seguimiento-a-desarrollo-economico-y-social-de-san-juan","status":"publish","type":"post","link":"https:\/\/ermdigital.com\/index.php\/2026\/04\/27\/abinader-crea-entidad-para-dar-seguimiento-a-desarrollo-economico-y-social-de-san-juan\/","title":{"rendered":"Abinader crea entidad para dar seguimiento a desarrollo \u201cecon\u00f3mico y social\u201d de San Juan\u00a0"},"content":{"rendered":"<p>&lt;![CDATA[<\/p>\n<p>El presidente Luis Abinader cre\u00f3 la Comisi\u00f3n para la Coordinaci\u00f3n y Direcci\u00f3n del Plan San Juan la cual tiene el objetivo de dar continuidad a las acciones para el desarrollo integral en los \u00e1mbitos econ\u00f3mico y social de los residentes y comunidades de la provincia San Juan.<\/p>\n<p><a href=\"https:\/\/listindiario.com\/la-republica\/gobierno\/20260427\/abinader-crea-entidad-dar-seguimiento-desarrollo-economico-social-san-juan_903520.html\">wf_cms.rss.read_more<\/a><\/p>\n<p>]]&gt;<\/p>\n<p>\u200bA trav\u00e9s de los decretos 236-26 y 285-26, el mandatario dispuso la creaci\u00f3n de una Comisi\u00f3n para la Coordinaci\u00f3n y Direcci\u00f3n del mismo y design\u00f3 a su director ejecutivo, cargo que ser\u00e1 desempe\u00f1ado por el se\u00f1or Carlos Alessandry Roa Howley.\u00a0\u00a0Gobierno\u00a0<\/p>\n","protected":false},"excerpt":{"rendered":"<p>&lt;![CDATA[ El presidente Luis Abinader cre\u00f3 la Comisi\u00f3n para la Coordinaci\u00f3n y Direcci\u00f3n del Plan San Juan la cual tiene el objetivo de dar continuidad a las acciones para el desarrollo integral en los \u00e1mbitos econ\u00f3mico y social de los residentes y comunidades de la provincia San Juan. wf_cms.rss.read_more ]]&gt; \u200bA trav\u00e9s de los decretos [&hellip;]<\/p>\n","protected":false},"author":1,"featured_media":25240,"comment_status":"open","ping_status":"open","sticky":false,"template":"","format":"standard","meta":{"amp_status":"","footnotes":""},"categories":[5],"tags":[],"class_list":["post-25239","post","type-post","status-publish","format-standard","has-post-thumbnail","hentry","category-politica"],"_links":{"self":[{"href":"https:\/\/ermdigital.com\/index.php\/wp-json\/wp\/v2\/posts\/25239","targetHints":{"allow":["GET"]}}],"collection":[{"href":"https:\/\/ermdigital.com\/index.php\/wp-json\/wp\/v2\/posts"}],"about":[{"href":"https:\/\/ermdigital.com\/index.php\/wp-json\/wp\/v2\/types\/post"}],"author":[{"embeddable":true,"href":"https:\/\/ermdigital.com\/index.php\/wp-json\/wp\/v2\/users\/1"}],"replies":[{"embeddable":true,"href":"https:\/\/ermdigital.com\/index.php\/wp-json\/wp\/v2\/comments?post=25239"}],"version-history":[{"count":0,"href":"https:\/\/ermdigital.com\/index.php\/wp-json\/wp\/v2\/posts\/25239\/revisions"}],"wp:featuredmedia":[{"embeddable":true,"href":"https:\/\/ermdigital.com\/index.php\/wp-json\/wp\/v2\/media\/25240"}],"wp:attachment":[{"href":"https:\/\/ermdigital.com\/index.php\/wp-json\/wp\/v2\/media?parent=25239"}],"wp:term":[{"taxonomy":"category","embeddable":true,"href":"https:\/\/ermdigital.com\/index.php\/wp-json\/wp\/v2\/categories?post=25239"},{"taxonomy":"post_tag","embeddable":true,"href":"https:\/\/ermdigital.com\/index.php\/wp-json\/wp\/v2\/tags?post=25239"}],"curies":[{"name":"wp","href":"https:\/\/api.w.org\/{rel}","templated":true}]}}