{"id":25231,"date":"2026-04-27T20:43:33","date_gmt":"2026-04-28T00:43:33","guid":{"rendered":"https:\/\/ermdigital.com\/index.php\/2026\/04\/27\/brenda-sanchez-y-carlos-alfredo-fatule-encabezan-el-domingo-es-mio-la-nueva-propuesta-televisiva-de-alberto-cruz\/"},"modified":"2026-04-27T20:43:33","modified_gmt":"2026-04-28T00:43:33","slug":"brenda-sanchez-y-carlos-alfredo-fatule-encabezan-el-domingo-es-mio-la-nueva-propuesta-televisiva-de-alberto-cruz","status":"publish","type":"post","link":"https:\/\/ermdigital.com\/index.php\/2026\/04\/27\/brenda-sanchez-y-carlos-alfredo-fatule-encabezan-el-domingo-es-mio-la-nueva-propuesta-televisiva-de-alberto-cruz\/","title":{"rendered":"Brenda S\u00e1nchez y Carlos Alfredo Fatule encabezan \u201cEl Domingo es M\u00edo\u201d, la nueva propuesta televisiva de Alberto Cruz"},"content":{"rendered":"<p><strong><em>Santo Domingo, R.D.<\/em> <\/strong>\u2013 La programaci\u00f3n dominical en la televisi\u00f3n local suma una nueva <a href=\"https:\/\/deultimominuto.net\/entretenimiento\/brenda-sanchez-no-me-interesa-dar-views-pero-se-como-darlos\/\">alternativa <\/a>con la llegada de <strong>\u201cEl Domingo es M\u00edo\u201d<\/strong>, un espacio en vivo que debutar\u00e1 el pr\u00f3ximo 3 de mayo, transmiti\u00e9ndose de 12:00 del mediod\u00eda a 2:00 de la tarde a trav\u00e9s de Digital 15 y Telemicro Internacional.<\/p>\n<p>El programa apuesta por un formato tipo revista, combinando entretenimiento e informaci\u00f3n en una misma plataforma. Su contenido abarcar\u00e1 desde concursos y entrevistas hasta reportajes, deportes, temas migratorios y presentaciones musicales en vivo, con la intenci\u00f3n de captar a toda la familia.<\/p>\n<p>La conducci\u00f3n estar\u00e1 liderada por <strong>Brenda S\u00e1nchez<\/strong>, figura consolidada en la televisi\u00f3n dominicana, quien aportar\u00e1 su experiencia y cercan\u00eda con el p\u00fablico. Junto a ella, <strong>Carlos Alfredo Fatule<\/strong> asumir\u00e1 un rol protag\u00f3nico, sumando su trayectoria art\u00edstica y versatilidad en escena.<\/p>\n<p>El equipo se complementa con la participaci\u00f3n de <strong>Jessica Campos<\/strong> y <strong>Luis Octavio Flores (El Chamo)<\/strong>, quienes aportar\u00e1n dinamismo y frescura al desarrollo de los distintos segmentos, conectando con una audiencia m\u00e1s joven.<\/p>\n<p>En el \u00e1rea de contenido especializado, el periodista <strong>Jos\u00e9 Antonio Aybar<\/strong> tendr\u00e1 a su cargo el segmento de entretenimiento, mientras que <strong>Johnny Trujillo<\/strong> abordar\u00e1 las informaciones deportivas. Por su parte, <strong>Delisa Francisco<\/strong>, aspirante al Miss Rep\u00fablica Dominicana Universo 2025 por la provincia Mar\u00eda Trinidad S\u00e1nchez, ser\u00e1 la encargada de los reportes desde exteriores.<\/p>\n<h5 class=\"wp-block-heading\"><strong>Recomendamos leer:<a href=\"https:\/\/deultimominuto.net\/nacionales\/santiago-refuerza-proyeccion\/\">Santiago refuerza su proyecci\u00f3n internacional como destino tur\u00edstico de eventos, afirma Brenda S\u00e1nchez<\/a><\/strong><\/h5>\n<p>La propuesta tambi\u00e9n incluir\u00e1 m\u00fasica en vivo bajo la direcci\u00f3n de <strong>Samuel Mej\u00eda<\/strong>, elemento que busca reforzar el atractivo esc\u00e9nico de cada emisi\u00f3n.<\/p>\n<p>Detr\u00e1s de este proyecto se encuentra el empresario <strong>Alberto Cruz<\/strong>, quien funge como productor ejecutivo, respaldado por su experiencia en la organizaci\u00f3n de eventos y producciones de gran escala. La producci\u00f3n general recae en <strong>Nelson Mu\u00f1oz Jr.<\/strong>, reconocido por su trabajo en televisi\u00f3n y manejo de proyectos en vivo.<\/p>\n<p>Como parte de su enfoque social, el programa contempla iniciativas dirigidas al p\u00fablico, incluyendo el sorteo de un bono de RD$500,000 como inicial para un apartamento destinado a madres, as\u00ed como la rifa de un veh\u00edculo prevista para el 26 de julio.<\/p>\n<p>Con esta propuesta, \u201cEl Domingo es M\u00edo\u201d busca posicionarse como una opci\u00f3n s\u00f3lida dentro de la oferta televisiva dominical, combinando entretenimiento, contenido variado y participaci\u00f3n del p\u00fablico en un mismo espacio.<\/p>\n<p>\u200bSanto Domingo, R.D. \u2013 La programaci\u00f3n dominical en la televisi\u00f3n local suma una nueva alternativa con la llegada de \u201cEl Domingo es M\u00edo\u201d, un espacio en vivo que debutar\u00e1 el pr\u00f3ximo 3 de mayo, transmiti\u00e9ndose de 12:00 del mediod\u00eda a 2:00 de la tarde a trav\u00e9s de Digital 15 y Telemicro Internacional. El programa apuesta\u00a0\u00a0Entretenimiento, Brenda S\u00e1nchez, Carlos Alfredo Fatule\u00a0\u00a0<\/p>\n","protected":false},"excerpt":{"rendered":"<p>Santo Domingo, R.D. \u2013 La programaci\u00f3n dominical en la televisi\u00f3n local suma una nueva alternativa con la llegada de \u201cEl Domingo es M\u00edo\u201d, un espacio en vivo que debutar\u00e1 el pr\u00f3ximo 3 de mayo, transmiti\u00e9ndose de 12:00 del mediod\u00eda a 2:00 de la tarde a trav\u00e9s de Digital 15 y Telemicro Internacional. El programa apuesta [&hellip;]<\/p>\n","protected":false},"author":1,"featured_media":25232,"comment_status":"open","ping_status":"open","sticky":false,"template":"","format":"standard","meta":{"amp_status":"","footnotes":""},"categories":[3],"tags":[],"class_list":["post-25231","post","type-post","status-publish","format-standard","has-post-thumbnail","hentry","category-de-ultimo-minuto"],"_links":{"self":[{"href":"https:\/\/ermdigital.com\/index.php\/wp-json\/wp\/v2\/posts\/25231","targetHints":{"allow":["GET"]}}],"collection":[{"href":"https:\/\/ermdigital.com\/index.php\/wp-json\/wp\/v2\/posts"}],"about":[{"href":"https:\/\/ermdigital.com\/index.php\/wp-json\/wp\/v2\/types\/post"}],"author":[{"embeddable":true,"href":"https:\/\/ermdigital.com\/index.php\/wp-json\/wp\/v2\/users\/1"}],"replies":[{"embeddable":true,"href":"https:\/\/ermdigital.com\/index.php\/wp-json\/wp\/v2\/comments?post=25231"}],"version-history":[{"count":0,"href":"https:\/\/ermdigital.com\/index.php\/wp-json\/wp\/v2\/posts\/25231\/revisions"}],"wp:featuredmedia":[{"embeddable":true,"href":"https:\/\/ermdigital.com\/index.php\/wp-json\/wp\/v2\/media\/25232"}],"wp:attachment":[{"href":"https:\/\/ermdigital.com\/index.php\/wp-json\/wp\/v2\/media?parent=25231"}],"wp:term":[{"taxonomy":"category","embeddable":true,"href":"https:\/\/ermdigital.com\/index.php\/wp-json\/wp\/v2\/categories?post=25231"},{"taxonomy":"post_tag","embeddable":true,"href":"https:\/\/ermdigital.com\/index.php\/wp-json\/wp\/v2\/tags?post=25231"}],"curies":[{"name":"wp","href":"https:\/\/api.w.org\/{rel}","templated":true}]}}