{"id":25229,"date":"2026-04-27T20:45:36","date_gmt":"2026-04-28T00:45:36","guid":{"rendered":"https:\/\/ermdigital.com\/index.php\/2026\/04\/27\/familiares-de-joven-que-murio-durante-procedimiento-estetico-realizan-encendido-de-velas-y-exigen-justicia-frente-a-clinica-clausurada-en-santiago\/"},"modified":"2026-04-27T20:45:36","modified_gmt":"2026-04-28T00:45:36","slug":"familiares-de-joven-que-murio-durante-procedimiento-estetico-realizan-encendido-de-velas-y-exigen-justicia-frente-a-clinica-clausurada-en-santiago","status":"publish","type":"post","link":"https:\/\/ermdigital.com\/index.php\/2026\/04\/27\/familiares-de-joven-que-murio-durante-procedimiento-estetico-realizan-encendido-de-velas-y-exigen-justicia-frente-a-clinica-clausurada-en-santiago\/","title":{"rendered":"Familiares de joven que muri\u00f3 durante procedimiento est\u00e9tico realizan encendido de velas y exigen justicia frente a cl\u00ednica clausurada en Santiago"},"content":{"rendered":"<p><strong>Santiago.-<\/strong> A un mes del fallecimiento de Ang\u00e9lica Geraldine Hern\u00e1ndez, ocurrido tras someterse a un procedimiento en un centro de est\u00e9tica, sus familiares realizaron este lunes un encendido de velas frente a la cl\u00ednica Diosa, en el sector Los Jardines Metropolitanos, para exigir justicia y respuestas de las autoridades.<\/p>\n<p>Durante la manifestaci\u00f3n, los parientes reclamaron el apresamiento de los doctores \u00d3scar Polanco, Eriberto Liranzo y Cindy Jim\u00e9nez, as\u00ed como de Cary Pe\u00f1a, quien presuntamente reclutaba pacientes para el establecimiento.<\/p>\n<p>Mar\u00eda Rodr\u00edguez, madre de la joven fallecida, exigi\u00f3 que los responsables enfrenten cargos por la muerte de su hija y advirti\u00f3 sobre el riesgo de que estos hechos se repitan si no se act\u00faa con firmeza.<\/p>\n<p><strong>Recomendamos leer:<a href=\"https:\/\/deultimominuto.net\/enlaces\/\" data-type=\"page\" data-id=\"491852\"> Ulises Rodr\u00edguez reconoce debilidad del drenaje en Santiago, pero asegura respuesta activa ante lluvias<\/a><\/strong><\/p>\n<p>Los familiares denunciaron que, pese a que el deceso ocurri\u00f3 el pasado 26 de marzo, a\u00fan no han recibido informaci\u00f3n clara por parte de la Polic\u00eda Nacional ni del Ministerio P\u00fablico sobre el avance de las investigaciones.<\/p>\n<p>Tras el suceso, el Ministerio de Salud P\u00fablica clausur\u00f3 el centro de est\u00e9tica donde se realiz\u00f3 el procedimiento. No obstante, los allegados de Hern\u00e1ndez sostienen que el cierre del local no sustituye la necesidad de sanciones penales contra los responsables.<\/p>\n<p>El caso ha generado inquietud en la comunidad sobre los controles y la supervisi\u00f3n de los centros de est\u00e9tica en el pa\u00eds.<\/p>\n<\/p>\n<\/p>\n<\/p>\n<\/p>\n<\/p>\n<p>\u200bSantiago.- A un mes del fallecimiento de Ang\u00e9lica Geraldine Hern\u00e1ndez, ocurrido tras someterse a un procedimiento en un centro de est\u00e9tica, sus familiares realizaron este lunes un encendido de velas frente a la cl\u00ednica Diosa, en el sector Los Jardines Metropolitanos, para exigir justicia y respuestas de las autoridades. Durante la manifestaci\u00f3n, los parientes reclamaron\u00a0\u00a0Nacionales, joven, Murio, procedimiento est\u00e9tico\u00a0\u00a0<\/p>\n","protected":false},"excerpt":{"rendered":"<p>Santiago.- A un mes del fallecimiento de Ang\u00e9lica Geraldine Hern\u00e1ndez, ocurrido tras someterse a un procedimiento en un centro de est\u00e9tica, sus familiares realizaron este lunes un encendido de velas frente a la cl\u00ednica Diosa, en el sector Los Jardines Metropolitanos, para exigir justicia y respuestas de las autoridades. Durante la manifestaci\u00f3n, los parientes reclamaron [&hellip;]<\/p>\n","protected":false},"author":1,"featured_media":25230,"comment_status":"open","ping_status":"open","sticky":false,"template":"","format":"standard","meta":{"amp_status":"","footnotes":""},"categories":[3],"tags":[],"class_list":["post-25229","post","type-post","status-publish","format-standard","has-post-thumbnail","hentry","category-de-ultimo-minuto"],"_links":{"self":[{"href":"https:\/\/ermdigital.com\/index.php\/wp-json\/wp\/v2\/posts\/25229","targetHints":{"allow":["GET"]}}],"collection":[{"href":"https:\/\/ermdigital.com\/index.php\/wp-json\/wp\/v2\/posts"}],"about":[{"href":"https:\/\/ermdigital.com\/index.php\/wp-json\/wp\/v2\/types\/post"}],"author":[{"embeddable":true,"href":"https:\/\/ermdigital.com\/index.php\/wp-json\/wp\/v2\/users\/1"}],"replies":[{"embeddable":true,"href":"https:\/\/ermdigital.com\/index.php\/wp-json\/wp\/v2\/comments?post=25229"}],"version-history":[{"count":0,"href":"https:\/\/ermdigital.com\/index.php\/wp-json\/wp\/v2\/posts\/25229\/revisions"}],"wp:featuredmedia":[{"embeddable":true,"href":"https:\/\/ermdigital.com\/index.php\/wp-json\/wp\/v2\/media\/25230"}],"wp:attachment":[{"href":"https:\/\/ermdigital.com\/index.php\/wp-json\/wp\/v2\/media?parent=25229"}],"wp:term":[{"taxonomy":"category","embeddable":true,"href":"https:\/\/ermdigital.com\/index.php\/wp-json\/wp\/v2\/categories?post=25229"},{"taxonomy":"post_tag","embeddable":true,"href":"https:\/\/ermdigital.com\/index.php\/wp-json\/wp\/v2\/tags?post=25229"}],"curies":[{"name":"wp","href":"https:\/\/api.w.org\/{rel}","templated":true}]}}