{"id":25227,"date":"2026-04-27T20:54:07","date_gmt":"2026-04-28T00:54:07","guid":{"rendered":"https:\/\/ermdigital.com\/index.php\/2026\/04\/27\/cooper-flagg-es-nombrado-novato-del-ano-en-la-nba\/"},"modified":"2026-04-27T20:54:07","modified_gmt":"2026-04-28T00:54:07","slug":"cooper-flagg-es-nombrado-novato-del-ano-en-la-nba","status":"publish","type":"post","link":"https:\/\/ermdigital.com\/index.php\/2026\/04\/27\/cooper-flagg-es-nombrado-novato-del-ano-en-la-nba\/","title":{"rendered":"Cooper Flagg es nombrado Novato del A\u00f1o en la NBA"},"content":{"rendered":"<\/p>\n<p>CHICAGO, EE.UU.\u2014 El alero de los Dallas Mavericks, Cooper Flagg, fue elegido este lunes como el Novato del A\u00f1o de la NBA, tras una sobresaliente primera temporada en la liga.<\/p>\n<p><strong>Te puede interesa<\/strong>r:<a href=\"https:\/\/deultimominuto.net\/deportes\/baloncesto\/anthony-edwards-estara-fuera-varias-semanas-por-lesion-en-la-rodilla\/\">Anthony Edwards estar\u00e1 fuera varias semanas por lesi\u00f3n en la rodilla<\/a><\/p>\n<p>Seleccionado con el n\u00famero uno del draft de 2025, Flagg, de apenas 19 a\u00f1os y formado en la universidad de Duke University, promedi\u00f3 21 puntos, 6.4 rebotes y 4.5 asistencias por encuentro, consolid\u00e1ndose como una de las principales figuras j\u00f3venes del baloncesto profesional.<\/p>\n<p>El jugador nacido en Newport, Maine, se impuso en la votaci\u00f3n realizada por un panel de 100 periodistas especializados, superando a Kon Knueppel, de los Charlotte Hornets, y a VJ Edgecombe, de los Philadelphia 76ers.<\/p>\n<p>Adem\u00e1s de sus n\u00fameros, Flagg igual\u00f3 una marca hist\u00f3rica de Michael Jordan como novato, al liderar a su equipo en puntos, rebotes, asistencias y robos en una misma temporada. Tambi\u00e9n se convirti\u00f3 en el segundo jugador m\u00e1s joven en recibir este galard\u00f3n, solo superado por LeBron James.<\/p>\n<p>Con este reconocimiento, Flagg reafirma su condici\u00f3n de estrella emergente y pieza clave en el presente y futuro de los Mavericks.<\/p>\n<p>\u200bCHICAGO, EE.UU.\u2014 El alero de los Dallas Mavericks, Cooper Flagg, fue elegido este lunes como el Novato del A\u00f1o de la NBA, tras una sobresaliente primera temporada en la liga. Te puede interesar:Anthony Edwards estar\u00e1 fuera varias semanas por lesi\u00f3n en la rodilla Seleccionado con el n\u00famero uno del draft de 2025, Flagg, de apenas\u00a0\u00a0B\u00e9isbol, Deultimominuto, ElPeri\u00f3dicodelaVerdad, Grandes Ligas, NBA, Rep\u00fablica Dominicana\u00a0\u00a0<\/p>\n","protected":false},"excerpt":{"rendered":"<p>CHICAGO, EE.UU.\u2014 El alero de los Dallas Mavericks, Cooper Flagg, fue elegido este lunes como el Novato del A\u00f1o de la NBA, tras una sobresaliente primera temporada en la liga. Te puede interesar:Anthony Edwards estar\u00e1 fuera varias semanas por lesi\u00f3n en la rodilla Seleccionado con el n\u00famero uno del draft de 2025, Flagg, de apenas [&hellip;]<\/p>\n","protected":false},"author":1,"featured_media":25228,"comment_status":"open","ping_status":"open","sticky":false,"template":"","format":"standard","meta":{"amp_status":"","footnotes":""},"categories":[3],"tags":[],"class_list":["post-25227","post","type-post","status-publish","format-standard","has-post-thumbnail","hentry","category-de-ultimo-minuto"],"_links":{"self":[{"href":"https:\/\/ermdigital.com\/index.php\/wp-json\/wp\/v2\/posts\/25227","targetHints":{"allow":["GET"]}}],"collection":[{"href":"https:\/\/ermdigital.com\/index.php\/wp-json\/wp\/v2\/posts"}],"about":[{"href":"https:\/\/ermdigital.com\/index.php\/wp-json\/wp\/v2\/types\/post"}],"author":[{"embeddable":true,"href":"https:\/\/ermdigital.com\/index.php\/wp-json\/wp\/v2\/users\/1"}],"replies":[{"embeddable":true,"href":"https:\/\/ermdigital.com\/index.php\/wp-json\/wp\/v2\/comments?post=25227"}],"version-history":[{"count":0,"href":"https:\/\/ermdigital.com\/index.php\/wp-json\/wp\/v2\/posts\/25227\/revisions"}],"wp:featuredmedia":[{"embeddable":true,"href":"https:\/\/ermdigital.com\/index.php\/wp-json\/wp\/v2\/media\/25228"}],"wp:attachment":[{"href":"https:\/\/ermdigital.com\/index.php\/wp-json\/wp\/v2\/media?parent=25227"}],"wp:term":[{"taxonomy":"category","embeddable":true,"href":"https:\/\/ermdigital.com\/index.php\/wp-json\/wp\/v2\/categories?post=25227"},{"taxonomy":"post_tag","embeddable":true,"href":"https:\/\/ermdigital.com\/index.php\/wp-json\/wp\/v2\/tags?post=25227"}],"curies":[{"name":"wp","href":"https:\/\/api.w.org\/{rel}","templated":true}]}}