{"id":25223,"date":"2026-04-27T21:12:57","date_gmt":"2026-04-28T01:12:57","guid":{"rendered":"https:\/\/ermdigital.com\/index.php\/2026\/04\/27\/taylor-swift-solicita-el-registro-de-su-voz-e-imagen-como-marca-ante-la-amenaza-de-la-ia\/"},"modified":"2026-04-27T21:12:57","modified_gmt":"2026-04-28T01:12:57","slug":"taylor-swift-solicita-el-registro-de-su-voz-e-imagen-como-marca-ante-la-amenaza-de-la-ia","status":"publish","type":"post","link":"https:\/\/ermdigital.com\/index.php\/2026\/04\/27\/taylor-swift-solicita-el-registro-de-su-voz-e-imagen-como-marca-ante-la-amenaza-de-la-ia\/","title":{"rendered":"Taylor Swift solicita el registro de su voz e imagen como marca, ante la amenaza de la IA"},"content":{"rendered":"<p><strong>Los \u00c1ngeles.- <\/strong>Taylor Swift ha presentado nuevas solicitudes de registro de marca para blindar su voz e<a href=\"https:\/\/efe.com\/cultura\/2026-04-27\/taylor-swift-registro-marca-voz-imagen-amenaza-inteligencia-artificial\/\" target=\"_blank\" rel=\"noopener\"> imagen<\/a> y as\u00ed protegerse de las amenazas que plantea la inteligencia artificial (IA), inform\u00f3 el despacho de abogados Gerben IP.<\/p>\n<p>Los documentos fueron presentados en nombre de TAS Rights Management el 24 de abril y suponen \u00abun cambio m\u00e1s amplio en la forma en que las celebridades est\u00e1n aplicando la ley de marcas para luchar contra la IA\u00bb, de acuerdo con una publicaci\u00f3n escrita por el abogado especializado en propiedad intelectual Josh Gerben.<\/p>\n<p>Entre las solicitudes de la cantante, dos corresponden a\u00a0marcas sonoras que cubren su voz: \u00abHey, it\u2019s Taylor Swift\u00bb y \u00abHey, it\u2019s Taylor\u00bb.<\/p>\n<p>La tercera es una marca visual que abarca \u00abuna fotograf\u00eda de Taylor Swift sosteniendo una guitarra rosa con una correa negra, mientras viste un body iridiscente multicolor y botas plateadas\u00bb, un atuendo que est\u00e1 relacionado con sus actuaciones durante \u2018The Eras Tour\u2019.<\/p>\n<h2 class=\"wp-block-heading\"><strong>\u00bfPor qu\u00e9 se protege Taylor Swift ante la IA?<\/strong><\/h2>\n<p>De acuerdo con el abogado, la medida de Swift puede proporcionar una capa adicional de protecci\u00f3n a la que ofrecen las leyes vigentes sobre el \u00abDerecho a la propia imagen\u00bb contra el uso no autorizado de la imagen de una persona famosa.<\/p>\n<p>\u00abAl registrar frases espec\u00edficas vinculadas a su voz, Swift podr\u00eda impugnar no solo las reproducciones id\u00e9nticas, sino tambi\u00e9n las imitaciones que sean \u2018confusamente similares\u2019, un criterio clave en la legislaci\u00f3n sobre marcas registradas\u00bb, explica el escrito de Gerben.<\/p>\n<p><strong>Recomendamos leer:<a href=\"https:\/\/deultimominuto.net\/entretenimiento\/taylor-swift-y-bad-bunny-spotify\/\">Taylor Swift y Bad Bunny, los artistas m\u00e1s escuchados de la historia de Spotify<\/a><\/strong><\/p>\n<p>Sobre la presentaci\u00f3n de demandas basada en im\u00e1genes, el abogado detall\u00f3 que \u00abal proteger un elemento visual distintivo, como el mono (prenda de vestir de una pieza) que Swift suele usar y su pose, el equipo de Swift puede obtener argumentos adicionales para\u00a0presentar demandas\u00a0contra im\u00e1genes manipuladas o generadas por IA que evoquen su imagen\u00bb.<\/p>\n<p>La imagen de Taylor Swift se ha utilizado sin su consentimiento en distintos contenidos falsos creados con inteligencia artificial, que incluyen im\u00e1genes pornogr\u00e1ficas que circularon en internet.<\/p>\n<p>Incluso antes de las elecciones presidenciales de EE.UU. de 2024,\u00a0Donald Trump comparti\u00f3 im\u00e1genes\u00a0creadas con IA que daban a entender, de forma enga\u00f1osa, que Swift lo apoyaba.<\/p>\n<p>Swift se suma en esta medida al actor Matthew McConaughey, quien registr\u00f3 marcas similares en los \u00faltimos meses para proteger su voz e imagen. En 2025, la Oficina de Patentes y Marcas de Estados Unidos concedi\u00f3 ocho marcas registradas al actor.<\/p>\n<figure class=\"wp-block-image size-full\"><img loading=\"lazy\" decoding=\"async\" width=\"900\" height=\"600\" src=\"https:\/\/cdn.deultimominuto.net\/wp-content\/uploads\/2026\/04\/image-5.jpg\" alt=\"Taylor Swift solicita el registro de su voz e imagen como marca, ante la amenaza de la IA - Noticias de hoy en Rep\u00fablica Dominicana | De \u00daltimo Minuto\" class=\"wp-image-646925\" title=\"Taylor Swift solicita el registro de su voz e imagen como marca, ante la amenaza de la IA | 1 |\"><\/figure>\n<p>\u200bLos \u00c1ngeles.- Taylor Swift ha presentado nuevas solicitudes de registro de marca para blindar su voz e imagen y as\u00ed protegerse de las amenazas que plantea la inteligencia artificial (IA), inform\u00f3 el despacho de abogados Gerben IP. Los documentos fueron presentados en nombre de TAS Rights Management el 24 de abril y suponen \u00abun cambio\u00a0\u00a0Entretenimiento, Taylor Swift\u00a0\u00a0<\/p>\n","protected":false},"excerpt":{"rendered":"<p>Los \u00c1ngeles.- Taylor Swift ha presentado nuevas solicitudes de registro de marca para blindar su voz e imagen y as\u00ed protegerse de las amenazas que plantea la inteligencia artificial (IA), inform\u00f3 el despacho de abogados Gerben IP. Los documentos fueron presentados en nombre de TAS Rights Management el 24 de abril y suponen \u00abun cambio [&hellip;]<\/p>\n","protected":false},"author":1,"featured_media":25224,"comment_status":"open","ping_status":"open","sticky":false,"template":"","format":"standard","meta":{"amp_status":"","footnotes":""},"categories":[3],"tags":[],"class_list":["post-25223","post","type-post","status-publish","format-standard","has-post-thumbnail","hentry","category-de-ultimo-minuto"],"_links":{"self":[{"href":"https:\/\/ermdigital.com\/index.php\/wp-json\/wp\/v2\/posts\/25223","targetHints":{"allow":["GET"]}}],"collection":[{"href":"https:\/\/ermdigital.com\/index.php\/wp-json\/wp\/v2\/posts"}],"about":[{"href":"https:\/\/ermdigital.com\/index.php\/wp-json\/wp\/v2\/types\/post"}],"author":[{"embeddable":true,"href":"https:\/\/ermdigital.com\/index.php\/wp-json\/wp\/v2\/users\/1"}],"replies":[{"embeddable":true,"href":"https:\/\/ermdigital.com\/index.php\/wp-json\/wp\/v2\/comments?post=25223"}],"version-history":[{"count":0,"href":"https:\/\/ermdigital.com\/index.php\/wp-json\/wp\/v2\/posts\/25223\/revisions"}],"wp:featuredmedia":[{"embeddable":true,"href":"https:\/\/ermdigital.com\/index.php\/wp-json\/wp\/v2\/media\/25224"}],"wp:attachment":[{"href":"https:\/\/ermdigital.com\/index.php\/wp-json\/wp\/v2\/media?parent=25223"}],"wp:term":[{"taxonomy":"category","embeddable":true,"href":"https:\/\/ermdigital.com\/index.php\/wp-json\/wp\/v2\/categories?post=25223"},{"taxonomy":"post_tag","embeddable":true,"href":"https:\/\/ermdigital.com\/index.php\/wp-json\/wp\/v2\/tags?post=25223"}],"curies":[{"name":"wp","href":"https:\/\/api.w.org\/{rel}","templated":true}]}}