{"id":25217,"date":"2026-04-27T21:00:26","date_gmt":"2026-04-28T01:00:26","guid":{"rendered":"https:\/\/ermdigital.com\/index.php\/2026\/04\/27\/presidente-abinader-crea-comision-para-la-coordinacion-y-direccion-del-plan-san-juan-y-designa-su-director-ejecutivo\/"},"modified":"2026-04-27T21:00:26","modified_gmt":"2026-04-28T01:00:26","slug":"presidente-abinader-crea-comision-para-la-coordinacion-y-direccion-del-plan-san-juan-y-designa-su-director-ejecutivo","status":"publish","type":"post","link":"https:\/\/ermdigital.com\/index.php\/2026\/04\/27\/presidente-abinader-crea-comision-para-la-coordinacion-y-direccion-del-plan-san-juan-y-designa-su-director-ejecutivo\/","title":{"rendered":"Presidente Abinader crea Comisi\u00f3n para la Coordinaci\u00f3n y Direcci\u00f3n del Plan San Juan y designa su director ejecutivo"},"content":{"rendered":"<p><span class=\"field field--name-title field--type-string field--label-hidden\">Presidente Abinader crea Comisi\u00f3n para la Coordinaci\u00f3n y Direcci\u00f3n del Plan San Juan y designa su director ejecutivo <\/span><br \/>\n<span class=\"field field--name-uid field--type-entity-reference field--label-hidden\"><span>rosahenriquez<\/span><\/span><br \/>\n<span class=\"field field--name-created field--type-created field--label-hidden\"><time datetime=\"2026-04-27T21:00:26-04:00\" title=\"Lunes, Abril 27, 2026 - 21:00\" class=\"datetime\">27 de  Abril 2026 | 21:00<\/time><br \/>\n<\/span><\/p>\n<div class=\"clearfix text-formatted field field--name-body field--type-text-with-summary field--label-hidden field__item\">\n<div class=\"OutlineElement Ltr SCXW202110732 BCX0\">\n<p class=\"text-align-justify\"><span class=\"TextRun SCXW202110732 BCX0 NormalTextRun\" lang=\"ES-DO\">Santo <\/span><span class=\"TextRun SCXW202110732 BCX0 NormalTextRun ContextualSpellingAndGrammarErrorV2Themed\" lang=\"ES-DO\">Domingo.-<\/span><span class=\"TextRun SCXW202110732 BCX0 NormalTextRun\" lang=\"ES-DO\"> <strong>El presidente Luis <\/strong><\/span><span class=\"TextRun SCXW202110732 BCX0 NormalTextRun SpellingErrorV2Themed\" lang=\"ES-DO\"><strong>Abinader<\/strong><\/span><span class=\"TextRun SCXW202110732 BCX0 NormalTextRun\" lang=\"ES-DO\"> emiti\u00f3 los <strong>Decretos <\/strong><\/span><a href=\"https:\/\/presidencia.gob.do\/decretos\/236-26\"><span class=\"TextRun SCXW202110732 BCX0 NormalTextRun\" lang=\"ES-DO\"><strong>236-26<\/strong><\/span><\/a><span class=\"TextRun SCXW202110732 BCX0 NormalTextRun\" lang=\"ES-DO\"><strong> y <\/strong><\/span><a href=\"https:\/\/presidencia.gob.do\/decretos\/285-26\"><span class=\"TextRun SCXW202110732 BCX0 NormalTextRun\" lang=\"ES-DO\"><strong>285-26<\/strong><\/span><\/a><span class=\"TextRun SCXW202110732 BCX0 NormalTextRun\" lang=\"ES-DO\"><strong>,<\/strong> que tienen el prop\u00f3sito de dar continuidad a las <strong>acciones para el desarrollo integral<\/strong> en los \u00e1mbitos <strong>econ\u00f3mico y social<\/strong> de los residentes y comunidades de la <strong>provincia San Juan.<\/strong><\/span><span class=\"EOP SCXW202110732 BCX0\">\u00a0<\/span><\/p>\n<\/div>\n<div class=\"OutlineElement Ltr SCXW202110732 BCX0\">\n<p class=\"text-align-justify\"><span class=\"TextRun SCXW202110732 BCX0 NormalTextRun\" lang=\"ES-DO\">Tras haberse creado el <strong>Plan para el Desarrollo Econ\u00f3mico de la provincia San Juan<\/strong> (Plan San Juan) en 2022, en los nuevos decretos se dispone la creaci\u00f3n de una <strong>Comisi\u00f3n para la Coordinaci\u00f3n y Direcci\u00f3n de este,<\/strong> y se designa a su director ejecutivo, cargo que ser\u00e1 desempe\u00f1ado por el se\u00f1or<strong> Carlos <\/strong><\/span><span class=\"TextRun SCXW202110732 BCX0 NormalTextRun SpellingErrorV2Themed\" lang=\"ES-DO\"><strong>Alessandry<\/strong><\/span><span class=\"TextRun SCXW202110732 BCX0 NormalTextRun\" lang=\"ES-DO\"><strong> Roa <\/strong><\/span><span class=\"TextRun SCXW202110732 BCX0 NormalTextRun SpellingErrorV2Themed\" lang=\"ES-DO\"><strong>Howley<\/strong><\/span><span class=\"TextRun SCXW202110732 BCX0 NormalTextRun\" lang=\"ES-DO\">.<\/span><span class=\"EOP SCXW202110732 BCX0\">\u00a0<\/span><\/p>\n<\/div>\n<div class=\"OutlineElement Ltr SCXW202110732 BCX0\">\n<p class=\"text-align-justify\"><span class=\"TextRun SCXW202110732 BCX0 NormalTextRun\" lang=\"ES-DO\">Se recuerda que el Plan San Juan tiene como prop\u00f3sito fundamental <strong>transformar la econom\u00eda de la regi\u00f3n<\/strong>, promoviendo su <strong>desarrollo sostenible<\/strong> y maximizando el uso de sus recursos.<\/span><span class=\"EOP SCXW202110732 BCX0\">\u00a0<\/span><\/p>\n<\/div>\n<div class=\"OutlineElement Ltr SCXW202110732 BCX0\">\n<p class=\"text-align-justify\"><span class=\"TextRun SCXW202110732 BCX0 NormalTextRun\" lang=\"ES-DO\">La <strong>Comisi\u00f3n para la Coordinaci\u00f3n y Direcci\u00f3n del Plan San Juan<\/strong> queda integrada por el obispo de la Di\u00f3cesis de San Juan, quien lo presidir\u00e1; el Ministerio Administrativo de la Presidencia; el Ministerio de Agricultura; el Banco Agr\u00edcola de la Rep\u00fablica Dominicana; el Ministerio de Medio Ambiente y Recursos Naturales; el Instituto Nacional de Recursos Hidr\u00e1ulicos; el Instituto del Tabaco y la Junta Agroempresarial Dominicana.<\/span><span class=\"EOP SCXW202110732 BCX0\">\u00a0<\/span><\/p>\n<\/div>\n<div class=\"OutlineElement Ltr SCXW202110732 BCX0\">\n<p class=\"text-align-justify\"><span class=\"TextRun SCXW202110732 BCX0 NormalTextRun\" lang=\"ES-DO\">Asimismo, por la Gobernaci\u00f3n Provincial; un representante de la Asociaci\u00f3n de Desarrollo de la Provincia de San Juan; un representante de la Asociaci\u00f3n de Productores Agr\u00edcolas de la Provincia de San Juan; un representante de la Asociaci\u00f3n de Ganaderos; un representante de la Asociaci\u00f3n de Productores de Tabaco; el alcalde del Municipio Cabecera, m\u00e1s un representante elegido entre los dem\u00e1s municipios; la Confederaci\u00f3n Nacional de Productores Agropecuarios (<\/span><span class=\"TextRun SCXW202110732 BCX0 NormalTextRun SpellingErrorV2Themed\" lang=\"ES-DO\">Confenagro<\/span><span class=\"TextRun SCXW202110732 BCX0 NormalTextRun\" lang=\"ES-DO\">) y el director ejecutivo del Plan San Juan, quien fungir\u00e1 como secretario, con voz, pero sin voto.<\/span><span class=\"EOP SCXW202110732 BCX0\">\u00a0<\/span><\/p>\n<\/div>\n<div class=\"OutlineElement Ltr SCXW202110732 BCX0\">\n<p class=\"text-align-justify\"><span class=\"TextRun SCXW202110732 BCX0 NormalTextRun\" lang=\"ES-DO\"><strong>Funciones del Plan San Juan<\/strong><\/span><span class=\"EOP SCXW202110732 BCX0\">\u00a0<\/span><\/p>\n<\/div>\n<div class=\"OutlineElement Ltr SCXW202110732 BCX0\">\n<p class=\"text-align-justify\"><span class=\"TextRun SCXW202110732 BCX0 NormalTextRun\" lang=\"ES-DO\">La Comisi\u00f3n del Plan San Juan asume la responsabilidad de liderar la transformaci\u00f3n econ\u00f3mica regional mediante la aprobaci\u00f3n estrat\u00e9gica de <strong>proyectos de infraestructura y acuerdos interinstitucionales,<\/strong> asegurando siempre el cumplimiento de las <strong>normativas de contrataciones p\u00fablicas<\/strong>. Su labor se centra en diversificar la matriz productiva y coordinar la <strong>ejecuci\u00f3n de obras cr\u00edticas<\/strong>, tales como sistemas de riego, centros de acopio y naves en zonas francas, fundamentales para el sost\u00e9n de la actividad econ\u00f3mica local.<\/span><span class=\"EOP SCXW202110732 BCX0\">\u00a0<\/span><\/p>\n<\/div>\n<div class=\"OutlineElement Ltr SCXW202110732 BCX0\">\n<p class=\"text-align-justify\"><span class=\"TextRun SCXW202110732 BCX0 NormalTextRun\" lang=\"ES-DO\">Asimismo, este \u00f3rgano act\u00faa como un articulador entre los sectores p\u00fablico y privado para facilitar <strong>encadenamientos que generen empleo<\/strong> y fortalezcan el <strong>capital humano regional.<\/strong> A trav\u00e9s de la canalizaci\u00f3n de capital semilla y asistencia t\u00e9cnica, la Comisi\u00f3n apoya directamente a <strong>emprendimientos y peque\u00f1os productores<\/strong>, fomentando su integraci\u00f3n en cooperativas y cl\u00fasteres. Finalmente, su gesti\u00f3n se consolida mediante la promoci\u00f3n de <strong>alianzas comerciales estrat\u00e9gicas<\/strong> y la rendici\u00f3n peri\u00f3dica de informes de avance ante la <strong>Presidencia de la Rep\u00fablica.<\/strong><\/span><span class=\"EOP SCXW202110732 BCX0\">\u00a0<\/span><\/p>\n<\/div>\n<div class=\"OutlineElement Ltr SCXW202110732 BCX0\">\n<p class=\"text-align-justify\"><span class=\"TextRun SCXW202110732 BCX0 NormalTextRun\" lang=\"ES-DO\"><strong>Direcci\u00f3n Ejecutiva<\/strong><\/span><span class=\"EOP SCXW202110732 BCX0\">\u00a0<\/span><\/p>\n<\/div>\n<div class=\"OutlineElement Ltr SCXW202110732 BCX0\">\n<p class=\"text-align-justify\"><span class=\"TextRun SCXW202110732 BCX0 NormalTextRun\" lang=\"ES-DO\">Mientras, la Direcci\u00f3n Ejecutiva de la Comisi\u00f3n del Plan San Juan tendr\u00e1 como responsabilidad realizar las coordinaciones t\u00e9cnicas de lugar a fin de que los proyectos aprobados por la Comisi\u00f3n del Plan San Juan se ejecuten dentro del cronograma acordado; <strong>administrar los fondos asignados<\/strong> a la ejecuci\u00f3n de las acciones y actividades aprobadas por la Comisi\u00f3n del Plan San Juan; coordinar la formulaci\u00f3n de pol\u00edticas derivadas de la Comisi\u00f3n del Plan San Juan, as\u00ed como la definici\u00f3n y ejecuci\u00f3n de las <strong>iniciativas, programas y proyectos<\/strong> que se consideren necesarios para alcanzar los resultados esperados.<\/span><span class=\"EOP SCXW202110732 BCX0\">\u00a0<\/span><\/p>\n<\/div>\n<div class=\"OutlineElement Ltr SCXW202110732 BCX0\">\n<p class=\"text-align-justify\"><span class=\"TextRun SCXW202110732 BCX0 NormalTextRun\" lang=\"ES-DO\">De igual forma, deber\u00e1 coordinar <strong>la asistencia t\u00e9cnica, financiamiento, manejo post cosecha y comercializaci\u00f3n<\/strong> que se ejecutar\u00e1n en cada una de las fincas intervenidas; realizar y mantener un registro georreferenciado de cada una de las unidades productivas intervenidas; supervisar la <strong>ejecuci\u00f3n y cumplimiento<\/strong> de las tareas planificadas en el marco del Plan y mantener <strong>registros contables de los gastos realizados<\/strong> en el marco del Plan.<\/span><span class=\"EOP SCXW202110732 BCX0\">\u00a0<\/span><\/p>\n<\/div>\n<div class=\"OutlineElement Ltr SCXW202110732 BCX0\">\n<p class=\"text-align-justify\"><span class=\"TextRun SCXW202110732 BCX0 NormalTextRun\" lang=\"ES-DO\">Finalmente, debe, adem\u00e1s, contratar las personas f\u00edsicas y jur\u00eddicas que se requieran para el cumplimiento de sus funciones y las tareas que les sean encomendadas, conforme a lo <strong>estipulado por las leyes correspondientes<\/strong>; supervisar el buen uso de los equipos de transporte y maquinarias de trabajo asignadas a la ejecuci\u00f3n del Plan y <strong>rendir informes trimestrales <\/strong>a la\u00a0Comisi\u00f3n del Plan San Juan sobre el avance en su implementaci\u00f3n.<\/span><span class=\"EOP SCXW202110732 BCX0\">\u00a0<\/span><\/p>\n<\/div>\n<\/div>\n<div class=\"field field--name-field-image field--type-image field--label-hidden field__item\">  <img decoding=\"async\" loading=\"lazy\" src=\"https:\/\/www.presidencia.gob.do\/sites\/default\/files\/news\/2026-04\/Dise%C3%B1o%20sin%20t%C3%ADtulo%20%286%29_0.png\" width=\"1300\" height=\"730\" alt=\"Decreto\"><\/p>\n<\/div>\n<p>\u00a0Presidente Abinader crea Comisi\u00f3n para la Coordinaci\u00f3n y Direcci\u00f3n del Plan San Juan y designa su director ejecutivo<br \/>\nrosahenriquez<br \/>\n27 de  Abril 2026 | 21:00<\/p>\n<p>Santo Domingo.- El presidente Luis Abinader emiti\u00f3 los Decretos 236-26 y 285-26, que tienen el prop\u00f3sito de dar continuidad a las acciones para el desarrollo integral en los \u00e1mbitos econ\u00f3mico y social de los residentes y comunidades de la provincia San Juan.\u00a0<\/p>\n<p>Tras haberse creado el Plan para el Desarrollo Econ\u00f3mico de la provincia San Juan (Plan San Juan) en 2022, en los nuevos decretos se dispone la creaci\u00f3n de una Comisi\u00f3n para la Coordinaci\u00f3n y Direcci\u00f3n de este, y se designa a su director ejecutivo, cargo que ser\u00e1 desempe\u00f1ado por el se\u00f1or Carlos Alessandry Roa Howley.\u00a0<\/p>\n<p>Se recuerda que el Plan San Juan tiene como prop\u00f3sito fundamental transformar la econom\u00eda de la regi\u00f3n, promoviendo su desarrollo sostenible y maximizando el uso de sus recursos.\u00a0<\/p>\n<p>La Comisi\u00f3n para la Coordinaci\u00f3n y Direcci\u00f3n del Plan San Juan queda integrada por el obispo de la Di\u00f3cesis de San Juan, quien lo presidir\u00e1; el Ministerio Administrativo de la Presidencia; el Ministerio de Agricultura; el Banco Agr\u00edcola de la Rep\u00fablica Dominicana; el Ministerio de Medio Ambiente y Recursos Naturales; el Instituto Nacional de Recursos Hidr\u00e1ulicos; el Instituto del Tabaco y la Junta Agroempresarial Dominicana.\u00a0<\/p>\n<p>Asimismo, por la Gobernaci\u00f3n Provincial; un representante de la Asociaci\u00f3n de Desarrollo de la Provincia de San Juan; un representante de la Asociaci\u00f3n de Productores Agr\u00edcolas de la Provincia de San Juan; un representante de la Asociaci\u00f3n de Ganaderos; un representante de la Asociaci\u00f3n de Productores de Tabaco; el alcalde del Municipio Cabecera, m\u00e1s un representante elegido entre los dem\u00e1s municipios; la Confederaci\u00f3n Nacional de Productores Agropecuarios (Confenagro) y el director ejecutivo del Plan San Juan, quien fungir\u00e1 como secretario, con voz, pero sin voto.\u00a0<\/p>\n<p>Funciones del Plan San Juan\u00a0<\/p>\n<p>La Comisi\u00f3n del Plan San Juan asume la responsabilidad de liderar la transformaci\u00f3n econ\u00f3mica regional mediante la aprobaci\u00f3n estrat\u00e9gica de proyectos de infraestructura y acuerdos interinstitucionales, asegurando siempre el cumplimiento de las normativas de contrataciones p\u00fablicas. Su labor se centra en diversificar la matriz productiva y coordinar la ejecuci\u00f3n de obras cr\u00edticas, tales como sistemas de riego, centros de acopio y naves en zonas francas, fundamentales para el sost\u00e9n de la actividad econ\u00f3mica local.\u00a0<\/p>\n<p>Asimismo, este \u00f3rgano act\u00faa como un articulador entre los sectores p\u00fablico y privado para facilitar encadenamientos que generen empleo y fortalezcan el capital humano regional. A trav\u00e9s de la canalizaci\u00f3n de capital semilla y asistencia t\u00e9cnica, la Comisi\u00f3n apoya directamente a emprendimientos y peque\u00f1os productores, fomentando su integraci\u00f3n en cooperativas y cl\u00fasteres. Finalmente, su gesti\u00f3n se consolida mediante la promoci\u00f3n de alianzas comerciales estrat\u00e9gicas y la rendici\u00f3n peri\u00f3dica de informes de avance ante la Presidencia de la Rep\u00fablica.\u00a0<\/p>\n<p>Direcci\u00f3n Ejecutiva\u00a0<\/p>\n<p>Mientras, la Direcci\u00f3n Ejecutiva de la Comisi\u00f3n del Plan San Juan tendr\u00e1 como responsabilidad realizar las coordinaciones t\u00e9cnicas de lugar a fin de que los proyectos aprobados por la Comisi\u00f3n del Plan San Juan se ejecuten dentro del cronograma acordado; administrar los fondos asignados a la ejecuci\u00f3n de las acciones y actividades aprobadas por la Comisi\u00f3n del Plan San Juan; coordinar la formulaci\u00f3n de pol\u00edticas derivadas de la Comisi\u00f3n del Plan San Juan, as\u00ed como la definici\u00f3n y ejecuci\u00f3n de las iniciativas, programas y proyectos que se consideren necesarios para alcanzar los resultados esperados.\u00a0<\/p>\n<p>De igual forma, deber\u00e1 coordinar la asistencia t\u00e9cnica, financiamiento, manejo post cosecha y comercializaci\u00f3n que se ejecutar\u00e1n en cada una de las fincas intervenidas; realizar y mantener un registro georreferenciado de cada una de las unidades productivas intervenidas; supervisar la ejecuci\u00f3n y cumplimiento de las tareas planificadas en el marco del Plan y mantener registros contables de los gastos realizados en el marco del Plan.\u00a0<\/p>\n<p>Finalmente, debe, adem\u00e1s, contratar las personas f\u00edsicas y jur\u00eddicas que se requieran para el cumplimiento de sus funciones y las tareas que les sean encomendadas, conforme a lo estipulado por las leyes correspondientes; supervisar el buen uso de los equipos de transporte y maquinarias de trabajo asignadas a la ejecuci\u00f3n del Plan y rendir informes trimestrales a la\u00a0Comisi\u00f3n del Plan San Juan sobre el avance en su implementaci\u00f3n.\u00a0\u00a0\u00a0\u00a0<\/p>\n","protected":false},"excerpt":{"rendered":"<p>Presidente Abinader crea Comisi\u00f3n para la Coordinaci\u00f3n y Direcci\u00f3n del Plan San Juan y designa su director ejecutivo rosahenriquez 27 de Abril 2026 | 21:00 Santo Domingo.- El presidente Luis Abinader emiti\u00f3 los Decretos 236-26 y 285-26, que tienen el prop\u00f3sito de dar continuidad a las acciones para el desarrollo integral en los \u00e1mbitos econ\u00f3mico [&hellip;]<\/p>\n","protected":false},"author":1,"featured_media":25218,"comment_status":"open","ping_status":"open","sticky":false,"template":"","format":"standard","meta":{"amp_status":"","footnotes":""},"categories":[8],"tags":[],"class_list":["post-25217","post","type-post","status-publish","format-standard","has-post-thumbnail","hentry","category-republica"],"_links":{"self":[{"href":"https:\/\/ermdigital.com\/index.php\/wp-json\/wp\/v2\/posts\/25217","targetHints":{"allow":["GET"]}}],"collection":[{"href":"https:\/\/ermdigital.com\/index.php\/wp-json\/wp\/v2\/posts"}],"about":[{"href":"https:\/\/ermdigital.com\/index.php\/wp-json\/wp\/v2\/types\/post"}],"author":[{"embeddable":true,"href":"https:\/\/ermdigital.com\/index.php\/wp-json\/wp\/v2\/users\/1"}],"replies":[{"embeddable":true,"href":"https:\/\/ermdigital.com\/index.php\/wp-json\/wp\/v2\/comments?post=25217"}],"version-history":[{"count":0,"href":"https:\/\/ermdigital.com\/index.php\/wp-json\/wp\/v2\/posts\/25217\/revisions"}],"wp:featuredmedia":[{"embeddable":true,"href":"https:\/\/ermdigital.com\/index.php\/wp-json\/wp\/v2\/media\/25218"}],"wp:attachment":[{"href":"https:\/\/ermdigital.com\/index.php\/wp-json\/wp\/v2\/media?parent=25217"}],"wp:term":[{"taxonomy":"category","embeddable":true,"href":"https:\/\/ermdigital.com\/index.php\/wp-json\/wp\/v2\/categories?post=25217"},{"taxonomy":"post_tag","embeddable":true,"href":"https:\/\/ermdigital.com\/index.php\/wp-json\/wp\/v2\/tags?post=25217"}],"curies":[{"name":"wp","href":"https:\/\/api.w.org\/{rel}","templated":true}]}}