{"id":25213,"date":"2026-04-27T20:40:14","date_gmt":"2026-04-28T00:40:14","guid":{"rendered":"https:\/\/ermdigital.com\/index.php\/2026\/04\/27\/comision-nacional-rectora-garantiza-continuidad-de-la-evaluacion-de-desempeno-docente\/"},"modified":"2026-04-27T20:40:14","modified_gmt":"2026-04-28T00:40:14","slug":"comision-nacional-rectora-garantiza-continuidad-de-la-evaluacion-de-desempeno-docente","status":"publish","type":"post","link":"https:\/\/ermdigital.com\/index.php\/2026\/04\/27\/comision-nacional-rectora-garantiza-continuidad-de-la-evaluacion-de-desempeno-docente\/","title":{"rendered":"Comisi\u00f3n Nacional Rectora garantiza continuidad de la Evaluaci\u00f3n de Desempe\u00f1o Docente\u00a0"},"content":{"rendered":"<p>&lt;![CDATA[<\/p>\n<p>La<b> Comisi\u00f3n Nacional Rectora de la Evaluaci\u00f3n de Desempe\u00f1o Docente<\/b>, conformada por el <b>Ministerio de Educaci\u00f3n de la Rep\u00fablica Dominicana<\/b> (Minerd), anunci\u00f3 que la sexta etapa de la Evaluaci\u00f3n de Desempe\u00f1o Docente iniciar\u00e1 el pr\u00f3ximo 30 de abril, conforme al cronograma ajustado.<\/p>\n<p><a href=\"https:\/\/listindiario.com\/la-republica\/educacion\/20260427\/comision-nacional-rectora-garantiza-continuidad-evaluacion-desempeno-docente_903462.html\">wf_cms.rss.read_more<\/a><\/p>\n<p>]]&gt;<\/p>\n<p>\u200bLa etapa correspondiente a la observaci\u00f3n de clases y planificaci\u00f3n, dar\u00e1 inicio el pr\u00f3ximo 30 de abril.\u00a0\u00a0Educaci\u00f3n\u00a0<\/p>\n","protected":false},"excerpt":{"rendered":"<p>&lt;![CDATA[ La Comisi\u00f3n Nacional Rectora de la Evaluaci\u00f3n de Desempe\u00f1o Docente, conformada por el Ministerio de Educaci\u00f3n de la Rep\u00fablica Dominicana (Minerd), anunci\u00f3 que la sexta etapa de la Evaluaci\u00f3n de Desempe\u00f1o Docente iniciar\u00e1 el pr\u00f3ximo 30 de abril, conforme al cronograma ajustado. wf_cms.rss.read_more ]]&gt; \u200bLa etapa correspondiente a la observaci\u00f3n de clases y planificaci\u00f3n, [&hellip;]<\/p>\n","protected":false},"author":1,"featured_media":25214,"comment_status":"open","ping_status":"open","sticky":false,"template":"","format":"standard","meta":{"amp_status":"","footnotes":""},"categories":[5],"tags":[],"class_list":["post-25213","post","type-post","status-publish","format-standard","has-post-thumbnail","hentry","category-politica"],"_links":{"self":[{"href":"https:\/\/ermdigital.com\/index.php\/wp-json\/wp\/v2\/posts\/25213","targetHints":{"allow":["GET"]}}],"collection":[{"href":"https:\/\/ermdigital.com\/index.php\/wp-json\/wp\/v2\/posts"}],"about":[{"href":"https:\/\/ermdigital.com\/index.php\/wp-json\/wp\/v2\/types\/post"}],"author":[{"embeddable":true,"href":"https:\/\/ermdigital.com\/index.php\/wp-json\/wp\/v2\/users\/1"}],"replies":[{"embeddable":true,"href":"https:\/\/ermdigital.com\/index.php\/wp-json\/wp\/v2\/comments?post=25213"}],"version-history":[{"count":0,"href":"https:\/\/ermdigital.com\/index.php\/wp-json\/wp\/v2\/posts\/25213\/revisions"}],"wp:featuredmedia":[{"embeddable":true,"href":"https:\/\/ermdigital.com\/index.php\/wp-json\/wp\/v2\/media\/25214"}],"wp:attachment":[{"href":"https:\/\/ermdigital.com\/index.php\/wp-json\/wp\/v2\/media?parent=25213"}],"wp:term":[{"taxonomy":"category","embeddable":true,"href":"https:\/\/ermdigital.com\/index.php\/wp-json\/wp\/v2\/categories?post=25213"},{"taxonomy":"post_tag","embeddable":true,"href":"https:\/\/ermdigital.com\/index.php\/wp-json\/wp\/v2\/tags?post=25213"}],"curies":[{"name":"wp","href":"https:\/\/api.w.org\/{rel}","templated":true}]}}