{"id":25211,"date":"2026-04-27T20:44:28","date_gmt":"2026-04-28T00:44:28","guid":{"rendered":"https:\/\/ermdigital.com\/index.php\/2026\/04\/27\/adp-advierte-800-estudiantes-quedarian-sin-docencia-por-paralizacion-de-escuela-en-santiago-oeste\/"},"modified":"2026-04-27T20:44:28","modified_gmt":"2026-04-28T00:44:28","slug":"adp-advierte-800-estudiantes-quedarian-sin-docencia-por-paralizacion-de-escuela-en-santiago-oeste","status":"publish","type":"post","link":"https:\/\/ermdigital.com\/index.php\/2026\/04\/27\/adp-advierte-800-estudiantes-quedarian-sin-docencia-por-paralizacion-de-escuela-en-santiago-oeste\/","title":{"rendered":"ADP advierte 800 estudiantes quedar\u00edan sin docencia por paralizaci\u00f3n de escuela en Santiago Oeste\u00a0"},"content":{"rendered":"<p>&lt;![CDATA[<\/p>\n<p>La<b> Asociaci\u00f3n Dominicana de Profesores<\/b> (ADP), Seccional Santiago Oeste, advirti\u00f3 que al menos <b>800 estudiantes <\/b>podr\u00edan quedarse sin docencia el pr\u00f3ximo a\u00f1o escolar debido a la paralizaci\u00f3n en la reconstrucci\u00f3n de la escuela<b> Rafaela Jimini\u00e1n de Cruz<\/b>.<\/p>\n<p><a href=\"https:\/\/listindiario.com\/la-republica\/educacion\/20260427\/adp-advierte-800-estudiantes-quedarian-docencia-paralizacion-escuela-santiago-oeste_903464.html\">wf_cms.rss.read_more<\/a><\/p>\n<p>]]&gt;<\/p>\n<p>\u200bBrito atribuy\u00f3 la paralizaci\u00f3n de la obra a la falta de pagos al contratista, quien, seg\u00fan dijo, abandon\u00f3 los trabajos semanas antes de Semana Santa.\u00a0\u00a0Educaci\u00f3n\u00a0<\/p>\n","protected":false},"excerpt":{"rendered":"<p>&lt;![CDATA[ La Asociaci\u00f3n Dominicana de Profesores (ADP), Seccional Santiago Oeste, advirti\u00f3 que al menos 800 estudiantes podr\u00edan quedarse sin docencia el pr\u00f3ximo a\u00f1o escolar debido a la paralizaci\u00f3n en la reconstrucci\u00f3n de la escuela Rafaela Jimini\u00e1n de Cruz. wf_cms.rss.read_more ]]&gt; \u200bBrito atribuy\u00f3 la paralizaci\u00f3n de la obra a la falta de pagos al contratista, quien, [&hellip;]<\/p>\n","protected":false},"author":1,"featured_media":25212,"comment_status":"open","ping_status":"open","sticky":false,"template":"","format":"standard","meta":{"amp_status":"","footnotes":""},"categories":[5],"tags":[],"class_list":["post-25211","post","type-post","status-publish","format-standard","has-post-thumbnail","hentry","category-politica"],"_links":{"self":[{"href":"https:\/\/ermdigital.com\/index.php\/wp-json\/wp\/v2\/posts\/25211","targetHints":{"allow":["GET"]}}],"collection":[{"href":"https:\/\/ermdigital.com\/index.php\/wp-json\/wp\/v2\/posts"}],"about":[{"href":"https:\/\/ermdigital.com\/index.php\/wp-json\/wp\/v2\/types\/post"}],"author":[{"embeddable":true,"href":"https:\/\/ermdigital.com\/index.php\/wp-json\/wp\/v2\/users\/1"}],"replies":[{"embeddable":true,"href":"https:\/\/ermdigital.com\/index.php\/wp-json\/wp\/v2\/comments?post=25211"}],"version-history":[{"count":0,"href":"https:\/\/ermdigital.com\/index.php\/wp-json\/wp\/v2\/posts\/25211\/revisions"}],"wp:featuredmedia":[{"embeddable":true,"href":"https:\/\/ermdigital.com\/index.php\/wp-json\/wp\/v2\/media\/25212"}],"wp:attachment":[{"href":"https:\/\/ermdigital.com\/index.php\/wp-json\/wp\/v2\/media?parent=25211"}],"wp:term":[{"taxonomy":"category","embeddable":true,"href":"https:\/\/ermdigital.com\/index.php\/wp-json\/wp\/v2\/categories?post=25211"},{"taxonomy":"post_tag","embeddable":true,"href":"https:\/\/ermdigital.com\/index.php\/wp-json\/wp\/v2\/tags?post=25211"}],"curies":[{"name":"wp","href":"https:\/\/api.w.org\/{rel}","templated":true}]}}