{"id":25209,"date":"2026-04-27T21:01:45","date_gmt":"2026-04-28T01:01:45","guid":{"rendered":"https:\/\/ermdigital.com\/index.php\/2026\/04\/27\/madre-solicita-ayuda-para-salvar-la-vida-de-su-pequeno\/"},"modified":"2026-04-27T21:01:45","modified_gmt":"2026-04-28T01:01:45","slug":"madre-solicita-ayuda-para-salvar-la-vida-de-su-pequeno","status":"publish","type":"post","link":"https:\/\/ermdigital.com\/index.php\/2026\/04\/27\/madre-solicita-ayuda-para-salvar-la-vida-de-su-pequeno\/","title":{"rendered":"Madre solicita ayuda para salvar la vida de su peque\u00f1o\u00a0"},"content":{"rendered":"<p>&lt;![CDATA[<\/p>\n<p>Familiares de un ni\u00f1o de ocho a\u00f1os piden ayuda para salvar su vida, luego de que fuera diagnosticado con osteosarcoma convencional con met\u00e1stasis en ambos pulmones.<\/p>\n<p><a href=\"https:\/\/listindiario.com\/la-republica\/20260427\/madre-solicita-ayuda-salvar-vida-pequeno_903466.html\">wf_cms.rss.read_more<\/a><\/p>\n<p>]]&gt;<\/p>\n<p>\u200b\u201cMi ni\u00f1o Yonuel de Jes\u00fas fue diagnosticado hace dos a\u00f1os con osteosarcoma etapa 3. A pesar de llevar diversos tratamientos, no han resultado\u201d, expres\u00f3 la desesperada madre\u00a0\u00a0La Rep\u00fablica\u00a0<\/p>\n","protected":false},"excerpt":{"rendered":"<p>&lt;![CDATA[ Familiares de un ni\u00f1o de ocho a\u00f1os piden ayuda para salvar su vida, luego de que fuera diagnosticado con osteosarcoma convencional con met\u00e1stasis en ambos pulmones. wf_cms.rss.read_more ]]&gt; \u200b\u201cMi ni\u00f1o Yonuel de Jes\u00fas fue diagnosticado hace dos a\u00f1os con osteosarcoma etapa 3. A pesar de llevar diversos tratamientos, no han resultado\u201d, expres\u00f3 la desesperada [&hellip;]<\/p>\n","protected":false},"author":1,"featured_media":25210,"comment_status":"open","ping_status":"open","sticky":false,"template":"","format":"standard","meta":{"amp_status":"","footnotes":""},"categories":[5],"tags":[],"class_list":["post-25209","post","type-post","status-publish","format-standard","has-post-thumbnail","hentry","category-politica"],"_links":{"self":[{"href":"https:\/\/ermdigital.com\/index.php\/wp-json\/wp\/v2\/posts\/25209","targetHints":{"allow":["GET"]}}],"collection":[{"href":"https:\/\/ermdigital.com\/index.php\/wp-json\/wp\/v2\/posts"}],"about":[{"href":"https:\/\/ermdigital.com\/index.php\/wp-json\/wp\/v2\/types\/post"}],"author":[{"embeddable":true,"href":"https:\/\/ermdigital.com\/index.php\/wp-json\/wp\/v2\/users\/1"}],"replies":[{"embeddable":true,"href":"https:\/\/ermdigital.com\/index.php\/wp-json\/wp\/v2\/comments?post=25209"}],"version-history":[{"count":0,"href":"https:\/\/ermdigital.com\/index.php\/wp-json\/wp\/v2\/posts\/25209\/revisions"}],"wp:featuredmedia":[{"embeddable":true,"href":"https:\/\/ermdigital.com\/index.php\/wp-json\/wp\/v2\/media\/25210"}],"wp:attachment":[{"href":"https:\/\/ermdigital.com\/index.php\/wp-json\/wp\/v2\/media?parent=25209"}],"wp:term":[{"taxonomy":"category","embeddable":true,"href":"https:\/\/ermdigital.com\/index.php\/wp-json\/wp\/v2\/categories?post=25209"},{"taxonomy":"post_tag","embeddable":true,"href":"https:\/\/ermdigital.com\/index.php\/wp-json\/wp\/v2\/tags?post=25209"}],"curies":[{"name":"wp","href":"https:\/\/api.w.org\/{rel}","templated":true}]}}