{"id":25201,"date":"2026-04-27T20:09:09","date_gmt":"2026-04-28T00:09:09","guid":{"rendered":"https:\/\/ermdigital.com\/index.php\/2026\/04\/27\/sargento-de-la-dicrim-muere-tras-ser-baleado-durante-intervencion-en-monte-plata\/"},"modified":"2026-04-27T20:09:09","modified_gmt":"2026-04-28T00:09:09","slug":"sargento-de-la-dicrim-muere-tras-ser-baleado-durante-intervencion-en-monte-plata","status":"publish","type":"post","link":"https:\/\/ermdigital.com\/index.php\/2026\/04\/27\/sargento-de-la-dicrim-muere-tras-ser-baleado-durante-intervencion-en-monte-plata\/","title":{"rendered":"Sargento de la Dicrim muere tras ser baleado durante intervenci\u00f3n en Monte Plata"},"content":{"rendered":"<p><strong>Santo Domingo.<\/strong>\u2014 Un sargento de la Polic\u00eda Nacional falleci\u00f3 luego de resultar herido de bala en la cabeza durante una intervenci\u00f3n en el municipio Yamas\u00e1, provincia Monte Plata.<\/p>\n<p>La v\u00edctima fue identificada como Juan Tom\u00e1s Ch\u00e1vez, quien recibi\u00f3 el impacto mientras agentes respond\u00edan a una denuncia ciudadana en la referida localidad.<\/p>\n<p>De acuerdo con el informe preliminar, Ch\u00e1vez fue trasladado de urgencia al Hospital General Docente de la Polic\u00eda Nacional (Hosgedopol), donde ingres\u00f3 en estado cr\u00edtico. Posteriormente, su fallecimiento fue confirmado por el personal m\u00e9dico.<\/p>\n<p><strong>Recomendamos leer<a href=\"https:\/\/deultimominuto.net\/enlaces\/\" data-type=\"page\" data-id=\"491852\">: PN exhorta a v\u00edctimas de agresiones con piedras en SDE a formalizar denuncias contra detenido<\/a><\/strong><\/p>\n<p>El hecho ocurri\u00f3 cuando la patrulla fue atacada a tiros por al menos tres individuos. Entre los presuntos agresores, las autoridades identificaron a uno conocido como \u201cOrlando\u201d, quien habr\u00eda huido del lugar junto a los dem\u00e1s implicados tras el ataque.<\/p>\n<p>La Polic\u00eda inform\u00f3 que mantiene operativos activos en la zona para dar con el paradero de los responsables, mientras profundiza las investigaciones del caso.<\/p>\n<p>\u200bSanto Domingo.\u2014 Un sargento de la Polic\u00eda Nacional falleci\u00f3 luego de resultar herido de bala en la cabeza durante una intervenci\u00f3n en el municipio Yamas\u00e1, provincia Monte Plata. La v\u00edctima fue identificada como Juan Tom\u00e1s Ch\u00e1vez, quien recibi\u00f3 el impacto mientras agentes respond\u00edan a una denuncia ciudadana en la referida localidad. De acuerdo con el\u00a0\u00a0Nacionales, Dicrim, Muere, Sargento\u00a0\u00a0<\/p>\n","protected":false},"excerpt":{"rendered":"<p>Santo Domingo.\u2014 Un sargento de la Polic\u00eda Nacional falleci\u00f3 luego de resultar herido de bala en la cabeza durante una intervenci\u00f3n en el municipio Yamas\u00e1, provincia Monte Plata. La v\u00edctima fue identificada como Juan Tom\u00e1s Ch\u00e1vez, quien recibi\u00f3 el impacto mientras agentes respond\u00edan a una denuncia ciudadana en la referida localidad. De acuerdo con el [&hellip;]<\/p>\n","protected":false},"author":1,"featured_media":25202,"comment_status":"open","ping_status":"open","sticky":false,"template":"","format":"standard","meta":{"amp_status":"","footnotes":""},"categories":[3],"tags":[],"class_list":["post-25201","post","type-post","status-publish","format-standard","has-post-thumbnail","hentry","category-de-ultimo-minuto"],"_links":{"self":[{"href":"https:\/\/ermdigital.com\/index.php\/wp-json\/wp\/v2\/posts\/25201","targetHints":{"allow":["GET"]}}],"collection":[{"href":"https:\/\/ermdigital.com\/index.php\/wp-json\/wp\/v2\/posts"}],"about":[{"href":"https:\/\/ermdigital.com\/index.php\/wp-json\/wp\/v2\/types\/post"}],"author":[{"embeddable":true,"href":"https:\/\/ermdigital.com\/index.php\/wp-json\/wp\/v2\/users\/1"}],"replies":[{"embeddable":true,"href":"https:\/\/ermdigital.com\/index.php\/wp-json\/wp\/v2\/comments?post=25201"}],"version-history":[{"count":0,"href":"https:\/\/ermdigital.com\/index.php\/wp-json\/wp\/v2\/posts\/25201\/revisions"}],"wp:featuredmedia":[{"embeddable":true,"href":"https:\/\/ermdigital.com\/index.php\/wp-json\/wp\/v2\/media\/25202"}],"wp:attachment":[{"href":"https:\/\/ermdigital.com\/index.php\/wp-json\/wp\/v2\/media?parent=25201"}],"wp:term":[{"taxonomy":"category","embeddable":true,"href":"https:\/\/ermdigital.com\/index.php\/wp-json\/wp\/v2\/categories?post=25201"},{"taxonomy":"post_tag","embeddable":true,"href":"https:\/\/ermdigital.com\/index.php\/wp-json\/wp\/v2\/tags?post=25201"}],"curies":[{"name":"wp","href":"https:\/\/api.w.org\/{rel}","templated":true}]}}