{"id":25199,"date":"2026-04-27T19:09:34","date_gmt":"2026-04-27T23:09:34","guid":{"rendered":"https:\/\/ermdigital.com\/index.php\/2026\/04\/27\/gobierno-cubrira-gastos-medicos-de-persona-herida-en-accidente-con-avanzada-presidencial\/"},"modified":"2026-04-27T19:09:34","modified_gmt":"2026-04-27T23:09:34","slug":"gobierno-cubrira-gastos-medicos-de-persona-herida-en-accidente-con-avanzada-presidencial","status":"publish","type":"post","link":"https:\/\/ermdigital.com\/index.php\/2026\/04\/27\/gobierno-cubrira-gastos-medicos-de-persona-herida-en-accidente-con-avanzada-presidencial\/","title":{"rendered":"Gobierno cubrir\u00e1 gastos m\u00e9dicos de persona herida en accidente con avanzada presidencial\u00a0"},"content":{"rendered":"<p><span class=\"field field--name-title field--type-string field--label-hidden\">Gobierno cubrir\u00e1 gastos m\u00e9dicos de persona herida en accidente con avanzada presidencial\u00a0<\/span><br \/>\n<span class=\"field field--name-uid field--type-entity-reference field--label-hidden\"><span>rosahenriquez<\/span><\/span><br \/>\n<span class=\"field field--name-created field--type-created field--label-hidden\"><time datetime=\"2026-04-27T19:09:34-04:00\" title=\"Lunes, Abril 27, 2026 - 19:09\" class=\"datetime\">27 de  Abril 2026 | 19:09<\/time><br \/>\n<\/span><\/p>\n<div class=\"clearfix text-formatted field field--name-body field--type-text-with-summary field--label-hidden field__item\">\n<div class=\"OutlineElement Ltr SCXW15032498 BCX0\">\n<p class=\"text-align-justify\"><span class=\"TextRun SCXW15032498 BCX0 NormalTextRun\" lang=\"ES-ES\">Santo <\/span><span class=\"TextRun SCXW15032498 BCX0 NormalTextRun ContextualSpellingAndGrammarErrorV2Themed\" lang=\"ES-ES\">Domingo.-<\/span><span class=\"TextRun SCXW15032498 BCX0 NormalTextRun\" lang=\"ES-ES\"> El jefe del <strong>Cuerpo de Seguridad Presidencial <\/strong>(<\/span><span class=\"TextRun SCXW15032498 BCX0 NormalTextRun SpellingErrorV2Themed\" lang=\"ES-ES\">Cusep<\/span><span class=\"TextRun SCXW15032498 BCX0 NormalTextRun\" lang=\"ES-ES\">), <strong>mayor general Jimmy Arias<\/strong>, inform\u00f3 que la persona herida producto de un <strong>accidente con un veh\u00edculo de la avanzada presidencial<\/strong> esta ma\u00f1ana se encuentra recibiendo atenciones m\u00e9dicas en la <strong>Cl\u00ednica <\/strong><\/span><span class=\"TextRun SCXW15032498 BCX0 NormalTextRun SpellingErrorV2Themed\" lang=\"ES-ES\"><strong>Bournigal<\/strong><\/span><span class=\"TextRun SCXW15032498 BCX0 NormalTextRun\" lang=\"ES-ES\"><strong> de Puerto Plata<\/strong>, y el Gobierno asumir\u00e1 <strong>todos los gastos m\u00e9dicos<\/strong>, por disposici\u00f3n del <strong>presidente Luis <\/strong><\/span><span class=\"TextRun SCXW15032498 BCX0 NormalTextRun SpellingErrorV2Themed\" lang=\"ES-ES\"><strong>Abinader<\/strong><\/span><span class=\"TextRun SCXW15032498 BCX0 NormalTextRun\" lang=\"ES-ES\"><strong>.\u00a0<\/strong><\/span><span class=\"EOP SCXW15032498 BCX0\">\u00a0<\/span><\/p>\n<\/div>\n<div class=\"OutlineElement Ltr SCXW15032498 BCX0\">\n<p class=\"text-align-justify\"><strong><span class=\"TextRun SCXW15032498 BCX0 NormalTextRun\" lang=\"ES\"><\/span><\/strong><span class=\"TextRun SCXW15032498 BCX0 NormalTextRun\" lang=\"ES-ES\">Arias se\u00f1al\u00f3 que los dos militares heridos fueron trasladados en helic\u00f3ptero a <\/span><span class=\"TextRun SCXW15032498 BCX0 NormalTextRun SpellingErrorV2Themed\" lang=\"ES-ES\"><strong>Cedimat<\/strong><\/span><span class=\"TextRun SCXW15032498 BCX0 NormalTextRun\" lang=\"ES-ES\"><strong>,<\/strong> en el Distrito Nacional, y que con el civil herido se prefiri\u00f3 no movilizarlo\u00a0y <strong>atenderlo en Puerto Plata.\u00a0<\/strong><\/span><span class=\"EOP SCXW15032498 BCX0\">\u00a0<\/span><\/p>\n<\/div>\n<div class=\"OutlineElement Ltr SCXW15032498 BCX0\">\n<p class=\"text-align-justify\"><span class=\"TextRun SCXW15032498 BCX0 NormalTextRun\" lang=\"ES\"><\/span><span class=\"TextRun SCXW15032498 BCX0 NormalTextRun\" lang=\"ES\">El accidente de tr\u00e1nsito ocurri\u00f3 la <strong>ma\u00f1ana de este lunes 27 de abril<\/strong> en el tramo carretero <strong>Maim\u00f3n\u2013Puerto Plata<\/strong>, mientras personal de la avanzada presidencial se trasladaba hacia una <strong>actividad oficial<\/strong> en la provincia.\u00a0<\/span><span class=\"EOP SCXW15032498 BCX0\">\u00a0<\/span><\/p>\n<\/div>\n<div class=\"OutlineElement Ltr SCXW15032498 BCX0\">\n<p class=\"text-align-justify\"><span class=\"TextRun SCXW15032498 BCX0 NormalTextRun\" lang=\"ES\"><\/span><span class=\"TextRun SCXW15032498 BCX0 NormalTextRun\" lang=\"ES\">Se recuerda que en el hecho estuvieron involucrados <strong>dos veh\u00edculos<\/strong>: una unidad oficial asignada a la escolta presidencial y un veh\u00edculo civil, como resultado del accidente, <strong>dos miembros de la escolta<\/strong> presidencial y <strong>un ciudadano civil<\/strong> presentaron traumas diversos.\u00a0<\/span><span class=\"EOP SCXW15032498 BCX0\">\u00a0<\/span><\/p>\n<\/div>\n<div class=\"OutlineElement Ltr SCXW15032498 BCX0\">\n<p class=\"text-align-justify\"><span class=\"TextRun SCXW15032498 BCX0 NormalTextRun\" lang=\"ES\"><\/span><span class=\"TextRun SCXW15032498 BCX0 NormalTextRun\" lang=\"ES\">Se precisa que el se\u00f1or presidente de la Rep\u00fablica <strong>no se desplazaba en dicha caravana<\/strong> al momento del incidente.<\/span><span class=\"EOP SCXW15032498 BCX0\">\u00a0<\/span><\/p>\n<\/div>\n<\/div>\n<div class=\"field field--name-field-image field--type-image field--label-hidden field__item\">  <img decoding=\"async\" loading=\"lazy\" src=\"https:\/\/www.presidencia.gob.do\/sites\/default\/files\/news\/2026-04\/Dise%C3%B1o%20sin%20t%C3%ADtulo%20%285%29.png\" width=\"1300\" height=\"730\" alt=\"CUSEP\"><\/p>\n<\/div>\n<p>\u00a0Gobierno cubrir\u00e1 gastos m\u00e9dicos de persona herida en accidente con avanzada presidencial\u00a0<br \/>\nrosahenriquez<br \/>\n27 de  Abril 2026 | 19:09<\/p>\n<p>Santo Domingo.- El jefe del Cuerpo de Seguridad Presidencial (Cusep), mayor general Jimmy Arias, inform\u00f3 que la persona herida producto de un accidente con un veh\u00edculo de la avanzada presidencial esta ma\u00f1ana se encuentra recibiendo atenciones m\u00e9dicas en la Cl\u00ednica Bournigal de Puerto Plata, y el Gobierno asumir\u00e1 todos los gastos m\u00e9dicos, por disposici\u00f3n del presidente Luis Abinader.\u00a0\u00a0<\/p>\n<p>Arias se\u00f1al\u00f3 que los dos militares heridos fueron trasladados en helic\u00f3ptero a Cedimat, en el Distrito Nacional, y que con el civil herido se prefiri\u00f3 no movilizarlo\u00a0y atenderlo en Puerto Plata.\u00a0\u00a0<\/p>\n<p>El accidente de tr\u00e1nsito ocurri\u00f3 la ma\u00f1ana de este lunes 27 de abril en el tramo carretero Maim\u00f3n\u2013Puerto Plata, mientras personal de la avanzada presidencial se trasladaba hacia una actividad oficial en la provincia.\u00a0\u00a0<\/p>\n<p>Se recuerda que en el hecho estuvieron involucrados dos veh\u00edculos: una unidad oficial asignada a la escolta presidencial y un veh\u00edculo civil, como resultado del accidente, dos miembros de la escolta presidencial y un ciudadano civil presentaron traumas diversos.\u00a0\u00a0<\/p>\n<p>Se precisa que el se\u00f1or presidente de la Rep\u00fablica no se desplazaba en dicha caravana al momento del incidente.\u00a0\u00a0\u00a0\u00a0<\/p>\n","protected":false},"excerpt":{"rendered":"<p>Gobierno cubrir\u00e1 gastos m\u00e9dicos de persona herida en accidente con avanzada presidencial\u00a0 rosahenriquez 27 de Abril 2026 | 19:09 Santo Domingo.- El jefe del Cuerpo de Seguridad Presidencial (Cusep), mayor general Jimmy Arias, inform\u00f3 que la persona herida producto de un accidente con un veh\u00edculo de la avanzada presidencial esta ma\u00f1ana se encuentra recibiendo atenciones [&hellip;]<\/p>\n","protected":false},"author":1,"featured_media":25200,"comment_status":"open","ping_status":"open","sticky":false,"template":"","format":"standard","meta":{"amp_status":"","footnotes":""},"categories":[8],"tags":[],"class_list":["post-25199","post","type-post","status-publish","format-standard","has-post-thumbnail","hentry","category-republica"],"_links":{"self":[{"href":"https:\/\/ermdigital.com\/index.php\/wp-json\/wp\/v2\/posts\/25199","targetHints":{"allow":["GET"]}}],"collection":[{"href":"https:\/\/ermdigital.com\/index.php\/wp-json\/wp\/v2\/posts"}],"about":[{"href":"https:\/\/ermdigital.com\/index.php\/wp-json\/wp\/v2\/types\/post"}],"author":[{"embeddable":true,"href":"https:\/\/ermdigital.com\/index.php\/wp-json\/wp\/v2\/users\/1"}],"replies":[{"embeddable":true,"href":"https:\/\/ermdigital.com\/index.php\/wp-json\/wp\/v2\/comments?post=25199"}],"version-history":[{"count":0,"href":"https:\/\/ermdigital.com\/index.php\/wp-json\/wp\/v2\/posts\/25199\/revisions"}],"wp:featuredmedia":[{"embeddable":true,"href":"https:\/\/ermdigital.com\/index.php\/wp-json\/wp\/v2\/media\/25200"}],"wp:attachment":[{"href":"https:\/\/ermdigital.com\/index.php\/wp-json\/wp\/v2\/media?parent=25199"}],"wp:term":[{"taxonomy":"category","embeddable":true,"href":"https:\/\/ermdigital.com\/index.php\/wp-json\/wp\/v2\/categories?post=25199"},{"taxonomy":"post_tag","embeddable":true,"href":"https:\/\/ermdigital.com\/index.php\/wp-json\/wp\/v2\/tags?post=25199"}],"curies":[{"name":"wp","href":"https:\/\/api.w.org\/{rel}","templated":true}]}}