{"id":25197,"date":"2026-04-27T20:18:09","date_gmt":"2026-04-28T00:18:09","guid":{"rendered":"https:\/\/ermdigital.com\/index.php\/2026\/04\/27\/gobierno-contempla-dialogar-con-minoritarios-en-esta-semana\/"},"modified":"2026-04-27T20:18:09","modified_gmt":"2026-04-28T00:18:09","slug":"gobierno-contempla-dialogar-con-minoritarios-en-esta-semana","status":"publish","type":"post","link":"https:\/\/ermdigital.com\/index.php\/2026\/04\/27\/gobierno-contempla-dialogar-con-minoritarios-en-esta-semana\/","title":{"rendered":"Gobierno contempla dialogar con minoritarios en esta semana\u00a0"},"content":{"rendered":"<p>&lt;![CDATA[<\/p>\n<p>El Gobierno Dominicano se\u00f1al\u00f3 que a mediados de la semana convocar\u00e1 a los partidos minoritarios del sistema pol\u00edtico para que sean parte del periplo di\u00e1logos, llevados a cabo desde el Poder Ejecutivo, en donde socializan las \u201cmedidas especiales\u201d aplicadas para enfrentar la crisis global y reducir su impacto en las familias dominicanas ante el conflicto b\u00e9lico en Medio Oriente.<\/p>\n<p><a href=\"https:\/\/listindiario.com\/la-republica\/politica\/20260427\/gobierno-contempla-dialogar-minoritarios-semana_903509.html\">wf_cms.rss.read_more<\/a><\/p>\n<p>]]&gt;<\/p>\n<p>\u200bLa informaci\u00f3n fue otorgada por el ministro de la Presidencia, Jos\u00e9 Ignacio Paliza, quien indic\u00f3 que los partidos minoritarios \u201cno han sido echo a un lado\u201d, y que pronto se sentar\u00e1n a escuchar sus propuestas.\u00a0\u00a0Pol\u00edtica\u00a0<\/p>\n","protected":false},"excerpt":{"rendered":"<p>&lt;![CDATA[ El Gobierno Dominicano se\u00f1al\u00f3 que a mediados de la semana convocar\u00e1 a los partidos minoritarios del sistema pol\u00edtico para que sean parte del periplo di\u00e1logos, llevados a cabo desde el Poder Ejecutivo, en donde socializan las \u201cmedidas especiales\u201d aplicadas para enfrentar la crisis global y reducir su impacto en las familias dominicanas ante el [&hellip;]<\/p>\n","protected":false},"author":1,"featured_media":25198,"comment_status":"open","ping_status":"open","sticky":false,"template":"","format":"standard","meta":{"amp_status":"","footnotes":""},"categories":[5],"tags":[],"class_list":["post-25197","post","type-post","status-publish","format-standard","has-post-thumbnail","hentry","category-politica"],"_links":{"self":[{"href":"https:\/\/ermdigital.com\/index.php\/wp-json\/wp\/v2\/posts\/25197","targetHints":{"allow":["GET"]}}],"collection":[{"href":"https:\/\/ermdigital.com\/index.php\/wp-json\/wp\/v2\/posts"}],"about":[{"href":"https:\/\/ermdigital.com\/index.php\/wp-json\/wp\/v2\/types\/post"}],"author":[{"embeddable":true,"href":"https:\/\/ermdigital.com\/index.php\/wp-json\/wp\/v2\/users\/1"}],"replies":[{"embeddable":true,"href":"https:\/\/ermdigital.com\/index.php\/wp-json\/wp\/v2\/comments?post=25197"}],"version-history":[{"count":0,"href":"https:\/\/ermdigital.com\/index.php\/wp-json\/wp\/v2\/posts\/25197\/revisions"}],"wp:featuredmedia":[{"embeddable":true,"href":"https:\/\/ermdigital.com\/index.php\/wp-json\/wp\/v2\/media\/25198"}],"wp:attachment":[{"href":"https:\/\/ermdigital.com\/index.php\/wp-json\/wp\/v2\/media?parent=25197"}],"wp:term":[{"taxonomy":"category","embeddable":true,"href":"https:\/\/ermdigital.com\/index.php\/wp-json\/wp\/v2\/categories?post=25197"},{"taxonomy":"post_tag","embeddable":true,"href":"https:\/\/ermdigital.com\/index.php\/wp-json\/wp\/v2\/tags?post=25197"}],"curies":[{"name":"wp","href":"https:\/\/api.w.org\/{rel}","templated":true}]}}