{"id":25191,"date":"2026-04-27T18:44:44","date_gmt":"2026-04-27T22:44:44","guid":{"rendered":"https:\/\/ermdigital.com\/index.php\/2026\/04\/27\/colectivo-asegura-huelga-se-cumple-casi-en-un-100-en-sfm-advierte-que-podria-extenderse-a-48-horas\/"},"modified":"2026-04-27T18:44:44","modified_gmt":"2026-04-27T22:44:44","slug":"colectivo-asegura-huelga-se-cumple-casi-en-un-100-en-sfm-advierte-que-podria-extenderse-a-48-horas","status":"publish","type":"post","link":"https:\/\/ermdigital.com\/index.php\/2026\/04\/27\/colectivo-asegura-huelga-se-cumple-casi-en-un-100-en-sfm-advierte-que-podria-extenderse-a-48-horas\/","title":{"rendered":"Colectivo asegura huelga se cumple casi en un 100% en SFM; advierte que podr\u00eda extenderse a 48 horas"},"content":{"rendered":"<p><strong>Por: Niumas Mercedes<\/strong><\/p>\n<p><strong>San Francisco de Macor\u00eds. &#8211; <\/strong>El dirigente del Colectivo de Organizaciones Populares, Jos\u00e9 Mercado, asegur\u00f3 que el llamado a huelga por 24 horas se cumple casi en su totalidad en este municipio, destacando la paralizaci\u00f3n del transporte, el comercio y las actividades educativas.<\/p>\n<p>Mercado afirm\u00f3 que, pese a la militarizaci\u00f3n y lo que calific\u00f3 como una campa\u00f1a de desinformaci\u00f3n por parte de las autoridades, la jornada ha tenido un amplio respaldo de la poblaci\u00f3n.<\/p>\n<p>Asimismo, denunci\u00f3 supuestos actos de hostigamiento contra dirigentes del movimiento, incluyendo presencia policial en sectores populares y vigilancia en viviendas de miembros del colectivo.<\/p>\n<p>Indic\u00f3 adem\u00e1s que varios dirigentes habr\u00edan sido detenidos, por lo que exigi\u00f3 su puesta en libertad y responsabiliz\u00f3 a las autoridades de cualquier situaci\u00f3n que pueda ocurrirles.<\/p>\n<p><strong>Recomendamos leer<a href=\"https:\/\/deultimominuto.net\/enlaces\/\" data-type=\"page\" data-id=\"491852\">:Organizaciones de La Caleta reclaman al Gobierno respuesta urgente a demandas pendientes<\/a><\/strong><\/p>\n<p>Finalmente, advirti\u00f3 que, de no recibir respuesta a sus demandas, la jornada de protesta podr\u00eda extenderse tanto en duraci\u00f3n como en alcance hacia otras localidades.<\/p>\n<p>\u200bPor: Niumas Mercedes San Francisco de Macor\u00eds. &#8211; El dirigente del Colectivo de Organizaciones Populares, Jos\u00e9 Mercado, asegur\u00f3 que el llamado a huelga por 24 horas se cumple casi en su totalidad en este municipio, destacando la paralizaci\u00f3n del transporte, el comercio y las actividades educativas. Mercado afirm\u00f3 que, pese a la militarizaci\u00f3n y lo\u00a0\u00a0Nacionales, Huelgas, SFM.\u00a0\u00a0<\/p>\n","protected":false},"excerpt":{"rendered":"<p>Por: Niumas Mercedes San Francisco de Macor\u00eds. &#8211; El dirigente del Colectivo de Organizaciones Populares, Jos\u00e9 Mercado, asegur\u00f3 que el llamado a huelga por 24 horas se cumple casi en su totalidad en este municipio, destacando la paralizaci\u00f3n del transporte, el comercio y las actividades educativas. Mercado afirm\u00f3 que, pese a la militarizaci\u00f3n y lo [&hellip;]<\/p>\n","protected":false},"author":1,"featured_media":25192,"comment_status":"open","ping_status":"open","sticky":false,"template":"","format":"standard","meta":{"amp_status":"","footnotes":""},"categories":[3],"tags":[],"class_list":["post-25191","post","type-post","status-publish","format-standard","has-post-thumbnail","hentry","category-de-ultimo-minuto"],"_links":{"self":[{"href":"https:\/\/ermdigital.com\/index.php\/wp-json\/wp\/v2\/posts\/25191","targetHints":{"allow":["GET"]}}],"collection":[{"href":"https:\/\/ermdigital.com\/index.php\/wp-json\/wp\/v2\/posts"}],"about":[{"href":"https:\/\/ermdigital.com\/index.php\/wp-json\/wp\/v2\/types\/post"}],"author":[{"embeddable":true,"href":"https:\/\/ermdigital.com\/index.php\/wp-json\/wp\/v2\/users\/1"}],"replies":[{"embeddable":true,"href":"https:\/\/ermdigital.com\/index.php\/wp-json\/wp\/v2\/comments?post=25191"}],"version-history":[{"count":0,"href":"https:\/\/ermdigital.com\/index.php\/wp-json\/wp\/v2\/posts\/25191\/revisions"}],"wp:featuredmedia":[{"embeddable":true,"href":"https:\/\/ermdigital.com\/index.php\/wp-json\/wp\/v2\/media\/25192"}],"wp:attachment":[{"href":"https:\/\/ermdigital.com\/index.php\/wp-json\/wp\/v2\/media?parent=25191"}],"wp:term":[{"taxonomy":"category","embeddable":true,"href":"https:\/\/ermdigital.com\/index.php\/wp-json\/wp\/v2\/categories?post=25191"},{"taxonomy":"post_tag","embeddable":true,"href":"https:\/\/ermdigital.com\/index.php\/wp-json\/wp\/v2\/tags?post=25191"}],"curies":[{"name":"wp","href":"https:\/\/api.w.org\/{rel}","templated":true}]}}