{"id":25189,"date":"2026-04-27T18:51:12","date_gmt":"2026-04-27T22:51:12","guid":{"rendered":"https:\/\/ermdigital.com\/index.php\/2026\/04\/27\/paliza-califica-como-productivo-el-dialogo-con-sindicalistas\/"},"modified":"2026-04-27T18:51:12","modified_gmt":"2026-04-27T22:51:12","slug":"paliza-califica-como-productivo-el-dialogo-con-sindicalistas","status":"publish","type":"post","link":"https:\/\/ermdigital.com\/index.php\/2026\/04\/27\/paliza-califica-como-productivo-el-dialogo-con-sindicalistas\/","title":{"rendered":"Paliza califica como \u201cproductivo\u201d el di\u00e1logo con sindicalistas"},"content":{"rendered":"<p><strong>Santo Domingo.- <\/strong>El ministro de la Presidencia, Jos\u00e9 Ignacio Paliza, calific\u00f3 como \u201cproductiva\u201d la reuni\u00f3n sostenida entre el Gobierno y representantes del sector sindical, en el marco del proceso de consultas impulsado por el Gobierno dominicano ante la crisis internacional.<\/p>\n<p>Durante el encuentro, los l\u00edderes sindicales expresaron su preocupaci\u00f3n por el impacto que podr\u00eda tener la situaci\u00f3n global en la econom\u00eda nacional, especialmente en \u00e1reas sensibles como los precios de los combustibles, los alimentos, la electricidad, los salarios y la salud p\u00fablica.<\/p>\n<p>Por su lado, el dirigente sindical Rafael \"Pepe\" Abreu advirti\u00f3 sobre la necesidad de preservar el orden y la estabilidad en el pa\u00eds, al tiempo que reiter\u00f3 la disposici\u00f3n del sector de colaborar con soluciones que garanticen la paz social y la confianza en la inversi\u00f3n.<\/p>\n<p>\u201cEstamos dispuestos a cooperar con la construcci\u00f3n de la paz y el equilibrio que requiere el pa\u00eds, como garant\u00eda de que haya confianza en la inversi\u00f3n y respeto a los derechos\u201d, expres\u00f3 Abreu.<\/p>\n<p>En tanto, el dirigente Gabriel del R\u00edo extern\u00f3 la inquietud de los trabajadores sobre la posibilidad de que se produzcan aumentos en productos de la canasta b\u00e1sica.<\/p>\n<p>\u201cLe externamos nuestra preocupaci\u00f3n por no desmejorar el costo de los alimentos, la electricidad, los salarios y la salud p\u00fablica\u201d, se\u00f1al\u00f3.<\/p>\n<p><strong>Recomendamos leer:<a href=\"https:\/\/deultimominuto.net\/enlaces\/\" data-type=\"page\" data-id=\"491852\"> Paliza destaca relanzamiento de Sos\u00faa: \u201cun regreso al destino que siempre so\u00f1amos\u201d<\/a><\/strong><\/p>\n<p>De su lado, el ministro de Industria y Comercio, Eduardo Sanz Lovat\u00f3n, asegur\u00f3 que mantiene un monitoreo constante de los mercados internacionales, particularmente del sector de hidrocarburos, donde se han registrado variaciones significativas.<\/p>\n<p>Asimismo, el ministro de Hacienda y Econom\u00eda, Mag\u00edn Diaz, explic\u00f3 las que se ha logrado evitar aumentos en productos de la canasta b\u00e1sica como parte de un plan de seguimiento y control.<\/p>\n<p>Paliza inform\u00f3 adem\u00e1s que este proceso de di\u00e1logo continuar\u00e1 ampli\u00e1ndose con la inclusi\u00f3n de partidos pol\u00edticos minoritarios y otros sectores sociales.<\/p>\n<p>\u201cConvocaremos a partidos minoritarios y esta semana estaremos tocando puertas para seguir ampliando este di\u00e1logo nacional\u201d, indic\u00f3.<\/p>\n<\/p>\n<p>\u200bSanto Domingo.- El ministro de la Presidencia, Jos\u00e9 Ignacio Paliza, calific\u00f3 como \u201cproductiva\u201d la reuni\u00f3n sostenida entre el Gobierno y representantes del sector sindical, en el marco del proceso de consultas impulsado por el Gobierno dominicano ante la crisis internacional. Durante el encuentro, los l\u00edderes sindicales expresaron su preocupaci\u00f3n por el impacto que podr\u00eda tener\u00a0\u00a0Nacionales, Di\u00e1logo, Paliza, Sindicalista\u00a0\u00a0<\/p>\n","protected":false},"excerpt":{"rendered":"<p>Santo Domingo.- El ministro de la Presidencia, Jos\u00e9 Ignacio Paliza, calific\u00f3 como \u201cproductiva\u201d la reuni\u00f3n sostenida entre el Gobierno y representantes del sector sindical, en el marco del proceso de consultas impulsado por el Gobierno dominicano ante la crisis internacional. Durante el encuentro, los l\u00edderes sindicales expresaron su preocupaci\u00f3n por el impacto que podr\u00eda tener [&hellip;]<\/p>\n","protected":false},"author":1,"featured_media":25190,"comment_status":"open","ping_status":"open","sticky":false,"template":"","format":"standard","meta":{"amp_status":"","footnotes":""},"categories":[3],"tags":[],"class_list":["post-25189","post","type-post","status-publish","format-standard","has-post-thumbnail","hentry","category-de-ultimo-minuto"],"_links":{"self":[{"href":"https:\/\/ermdigital.com\/index.php\/wp-json\/wp\/v2\/posts\/25189","targetHints":{"allow":["GET"]}}],"collection":[{"href":"https:\/\/ermdigital.com\/index.php\/wp-json\/wp\/v2\/posts"}],"about":[{"href":"https:\/\/ermdigital.com\/index.php\/wp-json\/wp\/v2\/types\/post"}],"author":[{"embeddable":true,"href":"https:\/\/ermdigital.com\/index.php\/wp-json\/wp\/v2\/users\/1"}],"replies":[{"embeddable":true,"href":"https:\/\/ermdigital.com\/index.php\/wp-json\/wp\/v2\/comments?post=25189"}],"version-history":[{"count":0,"href":"https:\/\/ermdigital.com\/index.php\/wp-json\/wp\/v2\/posts\/25189\/revisions"}],"wp:featuredmedia":[{"embeddable":true,"href":"https:\/\/ermdigital.com\/index.php\/wp-json\/wp\/v2\/media\/25190"}],"wp:attachment":[{"href":"https:\/\/ermdigital.com\/index.php\/wp-json\/wp\/v2\/media?parent=25189"}],"wp:term":[{"taxonomy":"category","embeddable":true,"href":"https:\/\/ermdigital.com\/index.php\/wp-json\/wp\/v2\/categories?post=25189"},{"taxonomy":"post_tag","embeddable":true,"href":"https:\/\/ermdigital.com\/index.php\/wp-json\/wp\/v2\/tags?post=25189"}],"curies":[{"name":"wp","href":"https:\/\/api.w.org\/{rel}","templated":true}]}}