{"id":25171,"date":"2026-04-27T14:15:25","date_gmt":"2026-04-27T18:15:25","guid":{"rendered":"https:\/\/ermdigital.com\/index.php\/2026\/04\/27\/concluye-en-punta-cana-la-asamblea-general-de-worldskills-americas-2026-con-acuerdos-para-fortalecer-la-formacion-tecnica\/"},"modified":"2026-04-27T14:15:25","modified_gmt":"2026-04-27T18:15:25","slug":"concluye-en-punta-cana-la-asamblea-general-de-worldskills-americas-2026-con-acuerdos-para-fortalecer-la-formacion-tecnica","status":"publish","type":"post","link":"https:\/\/ermdigital.com\/index.php\/2026\/04\/27\/concluye-en-punta-cana-la-asamblea-general-de-worldskills-americas-2026-con-acuerdos-para-fortalecer-la-formacion-tecnica\/","title":{"rendered":"Concluye en Punta Cana la Asamblea General de WorldSkills Am\u00e9ricas 2026 con acuerdos para fortalecer la formaci\u00f3n t\u00e9cnica"},"content":{"rendered":"<p>\u200b<\/p>\n<p>La Asamblea General de WorldSkills Am\u00e9ricas Punta Cana 2026 concluy\u00f3 tras varios d\u00edas de intensas jornadas de trabajo, reflexi\u00f3n e intercambio regional, consolidando acuerdos clave para el fortalecimiento institucional y la promoci\u00f3n de la formaci\u00f3n t\u00e9cnico-profesional en el continente.<\/p>\n<p>Las palabras de cierre estuvieron a cargo de la directora general del Instituto Nacional de Formaci\u00f3n T\u00e9cnico Profesional (Infotep), Maira Morla, quien centr\u00f3 su mensaje en el valor humano de los avances alcanzados durante el encuentro.<\/p>\n<p>\u201cM\u00e1s all\u00e1 de los avances institucionales, lo m\u00e1s significativo es el impacto en las personas\u201d, expres\u00f3 Morla, al subrayar que la formaci\u00f3n t\u00e9cnico-profesional no solo construye trayectorias laborales, sino que transforma vidas y abre oportunidades reales para el desarrollo.<\/p>\n<p>\u201cLa celebraci\u00f3n de esta Asamblea en la Rep\u00fablica Dominicana reafirma el posicionamiento del pa\u00eds y del Infotep como referentes regionales en formaci\u00f3n t\u00e9cnico-profesional, colocando a las personas en el centro de las pol\u00edticas de desarrollo\u201d, afirm\u00f3.<\/p>\n<p>La directora general del Infotep tambi\u00e9n valor\u00f3 el proceso de fortalecimiento institucional de WorldSkills Am\u00e9ricas, que incluy\u00f3 la elecci\u00f3n de nuevas autoridades y la definici\u00f3n de Paraguay como sede de la pr\u00f3xima Asamblea, en 2028.<\/p>\n<p>Agenda<\/p>\n<p>La agenda incluy\u00f3 un Foro de L\u00edderes en el que se analiz\u00f3 el modelo de gobernanza tripartita de la Rep\u00fablica Dominicana, tomando como referencia la experiencia del Infotep, as\u00ed como la presentaci\u00f3n del modelo de formaci\u00f3n dual \u201cProdual\u201d, con casos aplicados como las empresas Martin\u00f3n.<\/p>\n<p>El ministro de Turismo, David Collado, particip\u00f3 en la Asamblea destacando el papel estrat\u00e9gico del Infotep en la capacitaci\u00f3n del capital humano que sostiene la industria tur\u00edstica, mientras que el ministro de Educaci\u00f3n Superior, Ciencia y Tecnolog\u00eda, Rafael Santos Bad\u00eda, reflexion\u00f3 sobre los desaf\u00edos de la transformaci\u00f3n en la formaci\u00f3n.<\/p>\n<p>Tambi\u00e9n se desarrollaron conferencias especializadas, entre ellas la intervenci\u00f3n de la experta Maura Corpor\u00e1n, quien habl\u00f3 sobre la evoluci\u00f3n e impacto de las competiciones, as\u00ed como la exposici\u00f3n de un especialista en formaci\u00f3n dual.<\/p>\n<p>Uno de los momentos m\u00e1s significativos fue la presentaci\u00f3n de testimonios de j\u00f3venes medallistas de WorldSkills, como Nancy Castillo, plata en ciberseguridad, y Cristian N\u00fa\u00f1ez, bronce en desarrollo web, quienes compartieron experiencias que evidencian el poder transformador de la formaci\u00f3n t\u00e9cnico-profesional.<\/p>\n<p>Archivado en: <a href=\"https:\/\/eldinero.com.do\/tag\/punta-cana\/\" rel=\"tag\">Punta Cana<\/a><a href=\"https:\/\/eldinero.com.do\/tag\/worldskills-americas-2026\/\" rel=\"tag\">WorldSkills Am\u00e9ricas 2026<\/a><\/p>\n<p>\u00a0<\/p>\n","protected":false},"excerpt":{"rendered":"<p>\u200b La Asamblea General de WorldSkills Am\u00e9ricas Punta Cana 2026 concluy\u00f3 tras varios d\u00edas de intensas jornadas de trabajo, reflexi\u00f3n e intercambio regional, consolidando acuerdos clave para el fortalecimiento institucional y la promoci\u00f3n de la formaci\u00f3n t\u00e9cnico-profesional en el continente. Las palabras de cierre estuvieron a cargo de la directora general del Instituto Nacional de [&hellip;]<\/p>\n","protected":false},"author":1,"featured_media":25172,"comment_status":"open","ping_status":"open","sticky":false,"template":"","format":"standard","meta":{"amp_status":"","footnotes":""},"categories":[7],"tags":[],"class_list":["post-25171","post","type-post","status-publish","format-standard","has-post-thumbnail","hentry","category-economia"],"_links":{"self":[{"href":"https:\/\/ermdigital.com\/index.php\/wp-json\/wp\/v2\/posts\/25171","targetHints":{"allow":["GET"]}}],"collection":[{"href":"https:\/\/ermdigital.com\/index.php\/wp-json\/wp\/v2\/posts"}],"about":[{"href":"https:\/\/ermdigital.com\/index.php\/wp-json\/wp\/v2\/types\/post"}],"author":[{"embeddable":true,"href":"https:\/\/ermdigital.com\/index.php\/wp-json\/wp\/v2\/users\/1"}],"replies":[{"embeddable":true,"href":"https:\/\/ermdigital.com\/index.php\/wp-json\/wp\/v2\/comments?post=25171"}],"version-history":[{"count":0,"href":"https:\/\/ermdigital.com\/index.php\/wp-json\/wp\/v2\/posts\/25171\/revisions"}],"wp:featuredmedia":[{"embeddable":true,"href":"https:\/\/ermdigital.com\/index.php\/wp-json\/wp\/v2\/media\/25172"}],"wp:attachment":[{"href":"https:\/\/ermdigital.com\/index.php\/wp-json\/wp\/v2\/media?parent=25171"}],"wp:term":[{"taxonomy":"category","embeddable":true,"href":"https:\/\/ermdigital.com\/index.php\/wp-json\/wp\/v2\/categories?post=25171"},{"taxonomy":"post_tag","embeddable":true,"href":"https:\/\/ermdigital.com\/index.php\/wp-json\/wp\/v2\/tags?post=25171"}],"curies":[{"name":"wp","href":"https:\/\/api.w.org\/{rel}","templated":true}]}}