{"id":25161,"date":"2026-04-27T15:23:55","date_gmt":"2026-04-27T19:23:55","guid":{"rendered":"https:\/\/ermdigital.com\/index.php\/2026\/04\/27\/republica-dominicana-y-hungria-avanzan-en-acuerdos-para-fortalecer-la-conectividad-aerea\/"},"modified":"2026-04-27T15:23:55","modified_gmt":"2026-04-27T19:23:55","slug":"republica-dominicana-y-hungria-avanzan-en-acuerdos-para-fortalecer-la-conectividad-aerea","status":"publish","type":"post","link":"https:\/\/ermdigital.com\/index.php\/2026\/04\/27\/republica-dominicana-y-hungria-avanzan-en-acuerdos-para-fortalecer-la-conectividad-aerea\/","title":{"rendered":"Rep\u00fablica Dominicana y Hungr\u00eda avanzan en acuerdos para fortalecer la conectividad a\u00e9rea"},"content":{"rendered":"<p>\u200b<\/p>\n<p>Tras a\u00f1os de negociaciones t\u00e9cnicas, los Gobiernos de Rep\u00fablica Dominicana y Hungr\u00eda avanzan en la formalizaci\u00f3n de acuerdos para fortalecer las relaciones aerocomerciales entre ambos pa\u00edses.<\/p>\n<p>El proceso de firma de los instrumentos que buscan impulsar los servicios a\u00e9reos binacionales se llev\u00f3 a cabo en una reuni\u00f3n este 27 de abril de 2026, en la sede de la Junta de Aviaci\u00f3n Civil (JAC).<\/p>\n<p>Durante el encuentro, las autoridades de las partes desarrollaron la negociaci\u00f3n y firma de un memor\u00e1ndum de entendimiento (MOU), como paso previo a la r\u00fabrica de un Acuerdo de Servicios A\u00e9reos (ASA), marcando un avance decisivo en el fortalecimiento de sus relaciones bilaterales.<\/p>\n<p>Con estos convenios se establece un marco moderno y flexible para las operaciones a\u00e9reas, permitiendo a las aerol\u00edneas definir rutas, frecuencias y tarifas bajo criterios de mercado, lo que facilita una mayor conectividad entre ambos pa\u00edses.<\/p>\n<p>La delegaci\u00f3n dominicana estuvo encabezada por H\u00e9ctor Porcella, presidente de la JAC, acompa\u00f1ado por la comisi\u00f3n de acuerdos que recibi\u00f3 a la delegaci\u00f3n de Hungr\u00eda, presidida por el Dr. M\u00e1t\u00e9 L\u0151winger, director de la Direcci\u00f3n General de Aviaci\u00f3n Civil de Hungr\u00eda (DGAC), acompa\u00f1ado por su asesor, Bendeg\u00faz J\u00e1nos Jagodics, y Bal\u00e1zs Heincz, embajador de la Rep\u00fablica de Hungr\u00eda en Cuba, concurrente en la Rep\u00fablica Dominicana.<\/p>\n<p>En febrero de 2019, las partes revisaron dicho instrumento, concluyendo la conveniencia de avanzar hacia un acuerdo formal actualizado que regule los servicios a\u00e9reos bilaterales.<\/p>\n<p>Datos del Banco Central de Rep\u00fablica Dominicana indican que entre 2019 y febrero de 2026 unos 52,000 pasajeros h\u00fangaros visitaron el pa\u00eds, cuyos registros evidencian un mercado con alto potencial para el desarrollo de rutas m\u00e1s eficientes e incluso directas.<\/p>\n<p>Estos acuerdos representan una oportunidad estrat\u00e9gica para fortalecer el turismo, el comercio, la inversi\u00f3n y los v\u00ednculos bilaterales, al tiempo que posicionan a Rep\u00fablica Dominicana como un hub clave de conectividad a\u00e9rea hacia Europa y otros destinos no tradicionales.<\/p>\n<p>Archivado en: <a href=\"https:\/\/eldinero.com.do\/tag\/conectividad-aerea\/\" rel=\"tag\">conectividad a\u00e9rea<\/a><a href=\"https:\/\/eldinero.com.do\/tag\/hungria\/\" rel=\"tag\">Hungr\u00eda<\/a><\/p>\n<p>\u00a0<\/p>\n","protected":false},"excerpt":{"rendered":"<p>\u200b Tras a\u00f1os de negociaciones t\u00e9cnicas, los Gobiernos de Rep\u00fablica Dominicana y Hungr\u00eda avanzan en la formalizaci\u00f3n de acuerdos para fortalecer las relaciones aerocomerciales entre ambos pa\u00edses. El proceso de firma de los instrumentos que buscan impulsar los servicios a\u00e9reos binacionales se llev\u00f3 a cabo en una reuni\u00f3n este 27 de abril de 2026, en [&hellip;]<\/p>\n","protected":false},"author":1,"featured_media":25162,"comment_status":"open","ping_status":"open","sticky":false,"template":"","format":"standard","meta":{"amp_status":"","footnotes":""},"categories":[7],"tags":[],"class_list":["post-25161","post","type-post","status-publish","format-standard","has-post-thumbnail","hentry","category-economia"],"_links":{"self":[{"href":"https:\/\/ermdigital.com\/index.php\/wp-json\/wp\/v2\/posts\/25161","targetHints":{"allow":["GET"]}}],"collection":[{"href":"https:\/\/ermdigital.com\/index.php\/wp-json\/wp\/v2\/posts"}],"about":[{"href":"https:\/\/ermdigital.com\/index.php\/wp-json\/wp\/v2\/types\/post"}],"author":[{"embeddable":true,"href":"https:\/\/ermdigital.com\/index.php\/wp-json\/wp\/v2\/users\/1"}],"replies":[{"embeddable":true,"href":"https:\/\/ermdigital.com\/index.php\/wp-json\/wp\/v2\/comments?post=25161"}],"version-history":[{"count":0,"href":"https:\/\/ermdigital.com\/index.php\/wp-json\/wp\/v2\/posts\/25161\/revisions"}],"wp:featuredmedia":[{"embeddable":true,"href":"https:\/\/ermdigital.com\/index.php\/wp-json\/wp\/v2\/media\/25162"}],"wp:attachment":[{"href":"https:\/\/ermdigital.com\/index.php\/wp-json\/wp\/v2\/media?parent=25161"}],"wp:term":[{"taxonomy":"category","embeddable":true,"href":"https:\/\/ermdigital.com\/index.php\/wp-json\/wp\/v2\/categories?post=25161"},{"taxonomy":"post_tag","embeddable":true,"href":"https:\/\/ermdigital.com\/index.php\/wp-json\/wp\/v2\/tags?post=25161"}],"curies":[{"name":"wp","href":"https:\/\/api.w.org\/{rel}","templated":true}]}}