{"id":25159,"date":"2026-04-27T15:59:00","date_gmt":"2026-04-27T19:59:00","guid":{"rendered":"https:\/\/ermdigital.com\/index.php\/2026\/04\/27\/la-cepal-proyecta-crecimiento-de-2-2-para-america-latina-y-el-caribe-en-2026\/"},"modified":"2026-04-27T15:59:00","modified_gmt":"2026-04-27T19:59:00","slug":"la-cepal-proyecta-crecimiento-de-2-2-para-america-latina-y-el-caribe-en-2026","status":"publish","type":"post","link":"https:\/\/ermdigital.com\/index.php\/2026\/04\/27\/la-cepal-proyecta-crecimiento-de-2-2-para-america-latina-y-el-caribe-en-2026\/","title":{"rendered":"La Cepal proyecta crecimiento de 2.2% para Am\u00e9rica Latina y el Caribe en 2026"},"content":{"rendered":"<p>\u200b<\/p>\n<p><strong>La Comisi\u00f3n Econ\u00f3mica para Am\u00e9rica Latina y el Caribe<\/strong> (Cepal) proyect\u00f3 que las econom\u00edas de<strong> Am\u00e9rica Latina y el Caribe<\/strong> crecer\u00e1n en promedio un 2.2% en 2026, lo que representa <strong>una leve revisi\u00f3n a la baja<\/strong> frente al 2.3% estimado en diciembre de 2025, en un contexto internacional m\u00e1s complejo de lo previsto.<\/p>\n<p>El organismo se\u00f1ala que este ajuste responde al aumento de las tensiones geopol\u00edticas, condiciones financieras m\u00e1s restrictivas y el resurgimiento de presiones inflacionarias a nivel global. En este escenario, <strong>24 de los 33 pa\u00edses<\/strong> de la regi\u00f3n registrar\u00edan una desaceleraci\u00f3n del crecimiento, mientras solo siete mostrar\u00edan una aceleraci\u00f3n.<\/p>\n<p>Entre los factores externos que inciden en las proyecciones, destaca el incremento del <strong>precio del petr\u00f3leo,<\/strong> que en abril se ubic\u00f3 un 74% por encima del nivel registrado en diciembre de 2025, lo que ha elevado<strong> los costos de producci\u00f3n y transporte.<\/strong> A esto se suma el encarecimiento de los alimentos y la desaceleraci\u00f3n de socios comerciales clave como la zona euro,<strong> China e India.<\/strong><\/p>\n<p>Asimismo, la<strong> Organizaci\u00f3n Mundial del Comercio<\/strong> (OMC) proyecta que el comercio mundial crecer\u00e1 un 2.7% en 2026, por debajo del 4.7% registrado en 2025, reflejando un menor dinamismo del intercambio global.<\/p>\n<p>A nivel interno, la <strong>Cepal<\/strong> indica que el crecimiento estar\u00eda limitado principalmente por un menor dinamismo del consumo privado, mientras la inversi\u00f3n muestra se\u00f1ales de recuperaci\u00f3n, aunque de forma moderada. En l\u00ednea con este comportamiento, el empleo crecer\u00eda alrededor de un 1.1% en 2026, por debajo del 1.5% observado en 2025.<\/p>\n<p>En cuanto a la inflaci\u00f3n, se espera que la mediana regional supere el 3% en 2026, impulsada por el aumento de los precios internacionales y la volatilidad en los mercados, especialmente en las econom\u00edas de Am\u00e9rica del Sur.<\/p>\n<p><strong>Am\u00e9rica del Sur<\/strong> crecer\u00eda un 2.4% en 2026, por debajo del 2.9% registrado en 2025, lo que refleja una desaceleraci\u00f3n generalizada en la mayor\u00eda de las econom\u00edas de la subregi\u00f3n.<\/p>\n<p>En tanto, <strong>Am\u00e9rica Central<\/strong> moderar\u00eda su expansi\u00f3n y crecer\u00eda un 2.2% en 2026, frente al 2.3% del a\u00f1o anterior. Este desempe\u00f1o estar\u00eda influenciado por las contracciones previstas en<strong> Cuba y Hait\u00ed.<\/strong> No obstante, al excluir ambas econom\u00edas, el crecimiento promedio regional ascender\u00eda a 3.9% en 2026, ligeramente por encima del 3.8% observado en 2025.<\/p>\n<p>Por su parte, <strong>el Caribe<\/strong> de habla inglesa y neerlandesa registrar\u00eda un crecimiento de 5.6% en 2026, marginalmente superior al 5.5% de 2025, impulsado principalmente por el fuerte desempe\u00f1o esperado en <strong>Guyana<\/strong>. Sin este pa\u00eds, el promedio regional se ubicar\u00eda en 1.2%, por debajo del 2.0% del a\u00f1o anterior.<\/p>\n<p>La Cepal advierte que persisten riesgos a la baja, asociados a la volatilidad de los mercados internacionales, el alza de los precios de la energ\u00eda y los alimentos, as\u00ed como la debilidad de la demanda interna, en una regi\u00f3n que contin\u00faa mostrando limitaciones estructurales para acelerar su crecimiento.<\/p>\n<p>Archivado en: <a href=\"https:\/\/eldinero.com.do\/tag\/america-latina-y-el-caribe\/\" rel=\"tag\">Am\u00e9rica Latina y el Caribe<\/a><a href=\"https:\/\/eldinero.com.do\/tag\/cepal\/\" rel=\"tag\">Cepal<\/a><a href=\"https:\/\/eldinero.com.do\/tag\/crecimiento\/\" rel=\"tag\">crecimiento<\/a><\/p>\n<p>\u00a0<\/p>\n","protected":false},"excerpt":{"rendered":"<p>\u200b La Comisi\u00f3n Econ\u00f3mica para Am\u00e9rica Latina y el Caribe (Cepal) proyect\u00f3 que las econom\u00edas de Am\u00e9rica Latina y el Caribe crecer\u00e1n en promedio un 2.2% en 2026, lo que representa una leve revisi\u00f3n a la baja frente al 2.3% estimado en diciembre de 2025, en un contexto internacional m\u00e1s complejo de lo previsto. El [&hellip;]<\/p>\n","protected":false},"author":1,"featured_media":25160,"comment_status":"open","ping_status":"open","sticky":false,"template":"","format":"standard","meta":{"amp_status":"","footnotes":""},"categories":[7],"tags":[],"class_list":["post-25159","post","type-post","status-publish","format-standard","has-post-thumbnail","hentry","category-economia"],"_links":{"self":[{"href":"https:\/\/ermdigital.com\/index.php\/wp-json\/wp\/v2\/posts\/25159","targetHints":{"allow":["GET"]}}],"collection":[{"href":"https:\/\/ermdigital.com\/index.php\/wp-json\/wp\/v2\/posts"}],"about":[{"href":"https:\/\/ermdigital.com\/index.php\/wp-json\/wp\/v2\/types\/post"}],"author":[{"embeddable":true,"href":"https:\/\/ermdigital.com\/index.php\/wp-json\/wp\/v2\/users\/1"}],"replies":[{"embeddable":true,"href":"https:\/\/ermdigital.com\/index.php\/wp-json\/wp\/v2\/comments?post=25159"}],"version-history":[{"count":0,"href":"https:\/\/ermdigital.com\/index.php\/wp-json\/wp\/v2\/posts\/25159\/revisions"}],"wp:featuredmedia":[{"embeddable":true,"href":"https:\/\/ermdigital.com\/index.php\/wp-json\/wp\/v2\/media\/25160"}],"wp:attachment":[{"href":"https:\/\/ermdigital.com\/index.php\/wp-json\/wp\/v2\/media?parent=25159"}],"wp:term":[{"taxonomy":"category","embeddable":true,"href":"https:\/\/ermdigital.com\/index.php\/wp-json\/wp\/v2\/categories?post=25159"},{"taxonomy":"post_tag","embeddable":true,"href":"https:\/\/ermdigital.com\/index.php\/wp-json\/wp\/v2\/tags?post=25159"}],"curies":[{"name":"wp","href":"https:\/\/api.w.org\/{rel}","templated":true}]}}