{"id":25157,"date":"2026-04-27T16:19:48","date_gmt":"2026-04-27T20:19:48","guid":{"rendered":"https:\/\/ermdigital.com\/index.php\/2026\/04\/27\/abinader-entrega-obras-de-renovacion-de-la-playa-sosua-y-su-plaza-de-vendedores\/"},"modified":"2026-04-27T16:19:48","modified_gmt":"2026-04-27T20:19:48","slug":"abinader-entrega-obras-de-renovacion-de-la-playa-sosua-y-su-plaza-de-vendedores","status":"publish","type":"post","link":"https:\/\/ermdigital.com\/index.php\/2026\/04\/27\/abinader-entrega-obras-de-renovacion-de-la-playa-sosua-y-su-plaza-de-vendedores\/","title":{"rendered":"Abinader entrega obras de renovaci\u00f3n de la playa Sos\u00faa y su plaza de vendedores"},"content":{"rendered":"<p>\u200b<\/p>\n<p>El presidente Luis Abinader entreg\u00f3 este lunes las obras renovadas y la nueva plaza de vendedores en playa Sos\u00faa, marcando el inicio de una transformaci\u00f3n integral orientada a posicionar este destino como referente del turismo en Rep\u00fablica Dominicana, mediante un plan estatal que combina inversi\u00f3n, ordenamiento y desarrollo sostenible.<\/p>\n<p>Durante el acto, el mandatario resalt\u00f3 el valor hist\u00f3rico, social y tur\u00edstico de Sos\u00faa, al tiempo que evoc\u00f3 su v\u00ednculo personal con la zona desde la infancia, describi\u00e9ndola como una de las playas m\u00e1s emblem\u00e1ticas del pa\u00eds. Subray\u00f3 que este proyecto representa \u201cun renacer\u201d para el destino, tras a\u00f1os de desorden urban\u00edstico y deterioro en su imagen.<\/p>\n<p>Explic\u00f3 que la intervenci\u00f3n no solo contempla la reorganizaci\u00f3n del frente costero y la dignificaci\u00f3n de los espacios de venta, sino tambi\u00e9n un enfoque integral que incluye saneamiento ambiental, recuperaci\u00f3n de \u00e1reas p\u00fablicas y fortalecimiento de la oferta tur\u00edstica. En ese sentido, asegur\u00f3 que el objetivo es convertir a Sos\u00faa en un destino familiar, seguro y sostenible.<\/p>\n<p>El jefe de Estado enfatiz\u00f3 que el desarrollo tur\u00edstico debe impactar directamente a todos los sectores, desde vendedores y turoperadores hasta inversionistas y trabajadores locales. \u201cEste es un modelo donde ganamos todos\u201d, afirm\u00f3, al destacar que la transformaci\u00f3n permitir\u00e1 aumentar la llegada de visitantes y dinamizar la econom\u00eda de la zona.<\/p>\n<p><img loading=\"lazy\" decoding=\"async\" class=\"alignnone size-medium wp-image-363268\" src=\"https:\/\/eldinero.com.do\/wp-content\/uploads\/PLAYA-SOSUA-750x422.png\" alt=\"\" width=\"750\" height=\"422\" \/><\/p>\n<p>Como parte de la estrategia de relanzamiento, mencion\u00f3 proyectos complementarios como el desarrollo de Punta Bergant\u00edn, orientado a atraer marcas hoteleras internacionales y fortalecer la promoci\u00f3n del destino en mercados globales. Asimismo, valor\u00f3 la renovaci\u00f3n de infraestructuras hoteleras existentes, lo que contribuir\u00e1 a elevar los est\u00e1ndares de calidad en la oferta tur\u00edstica.<\/p>\n<p>En el \u00e1mbito de la salud, anunci\u00f3 la construcci\u00f3n de un hospital traumatol\u00f3gico en Sos\u00faa, cuya entrega est\u00e1 prevista para noviembre de este a\u00f1o. Este centro brindar\u00e1 atenci\u00f3n especializada en emergencias y accidentes, beneficiando a toda la regi\u00f3n Norte.<\/p>\n<p>Tambi\u00e9n adelant\u00f3 nuevas iniciativas en infraestructura, incluyendo proyectos en proceso de adjudicaci\u00f3n de la carretera del \u00c1mbar y la modernizaci\u00f3n del telef\u00e9rico. Adem\u00e1s, inform\u00f3 sobre el pr\u00f3ximo lanzamiento de un plan integral para el relanzamiento de Boca Chica.<\/p>\n<p>El presidente Abinader destac\u00f3 la importancia de la articulaci\u00f3n entre el Gobierno, el sector privado y las comunidades para lograr resultados sostenibles. Enfatiz\u00f3 que el progreso del pa\u00eds depende de la capacidad de alcanzar consensos y ejecutar pol\u00edticas p\u00fablicas que combinen orden con justicia social.<\/p>\n<p>Al concluir, agradeci\u00f3 el respaldo de autoridades locales, empresarios, trabajadores del sector tur\u00edstico y residentes, y expres\u00f3 su confianza en que Sos\u00faa se consolide como un referente del turismo dominicano renovado.<\/p>\n<h2>Cumplimiento de un proyecto anhelado por d\u00e9cadas<\/h2>\n<p>Por su parte, el ministro de la Presidencia, Jos\u00e9 Ignacio Paliza, destac\u00f3 el valor hist\u00f3rico y emocional de playa Sos\u00faa, resaltando que este destino ha sido parte esencial de la vida y los recuerdos de generaciones de dominicanos. Asimismo, reconoci\u00f3 la dedicaci\u00f3n de los hombres y mujeres que han mantenido viva su actividad y esencia a lo largo del tiempo.<\/p>\n<p>Afirm\u00f3 que el relanzamiento representa el cumplimiento de un proyecto anhelado por d\u00e9cadas, logrado gracias al impulso del gobierno del presidente Luis Abinader y al trabajo coordinado con el ministro de Turismo, David Collado, quienes apostaron por devolverle a Sos\u00faa su esplendor mediante una intervenci\u00f3n planificada y sostenible.<\/p>\n<p>Paliza defini\u00f3 esta transformaci\u00f3n como un renacer y un reencuentro para el pa\u00eds, subrayando que Sos\u00faa reafirma su identidad como punto de encuentro de culturas y destino emblem\u00e1tico, celebrando este momento como el regreso al Sos\u00faa so\u00f1ado por toda la comunidad y por quienes visitan este importante polo tur\u00edstico.<\/p>\n<h2>Turismo m\u00e1s inclusivo y ordenado<\/h2>\n<p>El ministro de Turismo, David Collado, afirm\u00f3 que el relanzamiento de Sos\u00faa responde a una visi\u00f3n de rescatar espacios p\u00fablicos y ponerlos al servicio de la gente, promoviendo un turismo m\u00e1s inclusivo y ordenado.<\/p>\n<p>Destac\u00f3 que el proyecto, con una inversi\u00f3n cercana a los US$10 millones, equivalentes a unos RD$568 millones, permiti\u00f3 recuperar el entorno, dignificar a los vendedores y fortalecer la oferta tur\u00edstica, garantizando mejores condiciones y oportunidades para quienes dependen de esta actividad.<\/p>\n<p>Indic\u00f3 que estas acciones forman parte de un plan nacional que ha impactado playas y malecones en todo el pa\u00eds, con m\u00e1s de RD$2,000 millones invertidos en Puerto Plata, como parte del compromiso con el desarrollo del destino.<\/p>\n<p>Asimismo, asegur\u00f3 que Rep\u00fablica Dominicana vive un momento hist\u00f3rico en turismo, con cifras r\u00e9cord de visitantes y nuevas rutas a\u00e9reas, respaldadas por la estabilidad y la alianza p\u00fablico-privada.<\/p>\n<p>El proyecto incorpora 79 locales comerciales: 57 destinados a la preparaci\u00f3n y venta de alimentos, 16 a la comercializaci\u00f3n de artesan\u00eda y regalos, adem\u00e1s de 2 bares y 4 quioscos, buscando diversificar la experiencia del visitante y fortalecer la econom\u00eda local.<\/p>\n<p>Adem\u00e1s de la oferta comercial, incluye un parque comunitario, gimnasio al aire libre, ba\u00f1os p\u00fablicos y \u00e1reas de esparcimiento, promoviendo su uso tanto por residentes como por visitantes.<\/p>\n<p>Los locales fueron entregados equipados con estufas, refrigeradores, extractores y fregaderos, mientras que las \u00e1reas comunes cuentan con mobiliario urbano, sistemas de seguridad y manejo de desechos, garantizando condiciones \u00f3ptimas de operaci\u00f3n y sostenibilidad.<\/p>\n<p>Representantes de la asociaci\u00f3n de vendedores valoraron la ejecuci\u00f3n de la obra, destacando su impacto positivo en la organizaci\u00f3n del comercio y el desarrollo tur\u00edstico, as\u00ed como la transparencia del proceso.<\/p>\n<h2>Entrega de reconocimiento<\/h2>\n<p>La Asociaci\u00f3n de Playa Sos\u00faa otorg\u00f3 un reconocimiento al presidente Luis Abinader, destacando su compromiso y visi\u00f3n para el desarrollo del destino tur\u00edstico.<\/p>\n<p>Seg\u00fan el texto de la placa, la distinci\u00f3n resalta el impulso a la construcci\u00f3n de una nueva plaza destinada a los trabajadores playeros, as\u00ed como las acciones orientadas a fortalecer el turismo, la econom\u00eda local y el bienestar de las familias de Sos\u00faa.<\/p>\n<p>El reconocimiento tambi\u00e9n expresa que estas iniciativas dejan una huella significativa en el progreso y la dignidad de la comunidad, valorando el impacto social de las obras ejecutadas en la zona.<\/p>\n<p>La entrega fue realizada como muestra de gratitud y respeto por los aportes realizados en favor del desarrollo integral del destino.<\/p>\n<p>Estuvieron presentes en el acto la gobernadora Claritza Rochtte Peralta; la senadora Ginette Bournigal; el alcalde Wilfredo Olivences; el presidente de la Direcci\u00f3n Nacional de Control de Drogas (DNCD), vicealmirante Jos\u00e9 Manuel Cabrera Ulloa; el director de la Polic\u00eda Tur\u00edstica (Politur), general Minoru Matsunaga; la fiscal Hilda Patricia Lagombra Polanco; el alcalde de Puerto Plata, Di\u00f3medes Roque, y los diputados Fiordaliza Est\u00e9vez, Lidia P\u00e9rez, Jhonny Medina y Emil Dur\u00e1n, as\u00ed como el pastor Hip\u00f3lito Chalas, entre otras personalidades.<\/p>\n<p>Archivado en: <a href=\"https:\/\/eldinero.com.do\/tag\/abinader\/\" rel=\"tag\">Abinader<\/a><a href=\"https:\/\/eldinero.com.do\/tag\/playa-sosua\/\" rel=\"tag\">playa Sos\u00faa<\/a><\/p>\n<p>\u00a0<\/p>\n","protected":false},"excerpt":{"rendered":"<p>\u200b El presidente Luis Abinader entreg\u00f3 este lunes las obras renovadas y la nueva plaza de vendedores en playa Sos\u00faa, marcando el inicio de una transformaci\u00f3n integral orientada a posicionar este destino como referente del turismo en Rep\u00fablica Dominicana, mediante un plan estatal que combina inversi\u00f3n, ordenamiento y desarrollo sostenible. Durante el acto, el mandatario [&hellip;]<\/p>\n","protected":false},"author":1,"featured_media":25158,"comment_status":"open","ping_status":"open","sticky":false,"template":"","format":"standard","meta":{"amp_status":"","footnotes":""},"categories":[7],"tags":[],"class_list":["post-25157","post","type-post","status-publish","format-standard","has-post-thumbnail","hentry","category-economia"],"_links":{"self":[{"href":"https:\/\/ermdigital.com\/index.php\/wp-json\/wp\/v2\/posts\/25157","targetHints":{"allow":["GET"]}}],"collection":[{"href":"https:\/\/ermdigital.com\/index.php\/wp-json\/wp\/v2\/posts"}],"about":[{"href":"https:\/\/ermdigital.com\/index.php\/wp-json\/wp\/v2\/types\/post"}],"author":[{"embeddable":true,"href":"https:\/\/ermdigital.com\/index.php\/wp-json\/wp\/v2\/users\/1"}],"replies":[{"embeddable":true,"href":"https:\/\/ermdigital.com\/index.php\/wp-json\/wp\/v2\/comments?post=25157"}],"version-history":[{"count":0,"href":"https:\/\/ermdigital.com\/index.php\/wp-json\/wp\/v2\/posts\/25157\/revisions"}],"wp:featuredmedia":[{"embeddable":true,"href":"https:\/\/ermdigital.com\/index.php\/wp-json\/wp\/v2\/media\/25158"}],"wp:attachment":[{"href":"https:\/\/ermdigital.com\/index.php\/wp-json\/wp\/v2\/media?parent=25157"}],"wp:term":[{"taxonomy":"category","embeddable":true,"href":"https:\/\/ermdigital.com\/index.php\/wp-json\/wp\/v2\/categories?post=25157"},{"taxonomy":"post_tag","embeddable":true,"href":"https:\/\/ermdigital.com\/index.php\/wp-json\/wp\/v2\/tags?post=25157"}],"curies":[{"name":"wp","href":"https:\/\/api.w.org\/{rel}","templated":true}]}}