{"id":25155,"date":"2026-04-27T16:37:07","date_gmt":"2026-04-27T20:37:07","guid":{"rendered":"https:\/\/ermdigital.com\/index.php\/2026\/04\/27\/fejus-impacta-en-sierra-prieta-con-entrega-de-alimentos-y-jornadas-de-valores-familiares\/"},"modified":"2026-04-27T16:37:07","modified_gmt":"2026-04-27T20:37:07","slug":"fejus-impacta-en-sierra-prieta-con-entrega-de-alimentos-y-jornadas-de-valores-familiares","status":"publish","type":"post","link":"https:\/\/ermdigital.com\/index.php\/2026\/04\/27\/fejus-impacta-en-sierra-prieta-con-entrega-de-alimentos-y-jornadas-de-valores-familiares\/","title":{"rendered":"Fejus impacta en Sierra Prieta con entrega de alimentos y jornadas de valores familiares"},"content":{"rendered":"<p>\u200b<\/p>\n<p>En un esfuerzo por mitigar las carencias en los sectores m\u00e1s vulnerables del pa\u00eds, la<strong> Fundaci\u00f3n Equidad y Justicia Social (Fejus)<\/strong> despleg\u00f3 su programa solidario de alimentos en la comunidad de <strong>Sierra Prieta, en Santo Domingo Norte,<\/strong> beneficiando de manera directa a m\u00e1s de 100 familias en condiciones de extrema necesidad en este municipio.<\/p>\n<p>El presidente de la entidad,<strong> Fidel Lorenzo Mer\u00e1n<\/strong>, destac\u00f3 que la iniciativa no se limit\u00f3 a la asistencia material, sino que represent\u00f3 una <strong>\u201cexpresi\u00f3n concreta de solidaridad\u201d<\/strong>, llevando un mensaje de esperanza y acompa\u00f1amiento social a quienes m\u00e1s lo necesitan.<\/p>\n<p>M\u00e1s all\u00e1 del apoyo a la seguridad alimentaria, Fejus implement\u00f3 una agenda de capacitaci\u00f3n comunitaria enfocada en pilares fundamentales para el fortalecimiento del tejido social, promoviendo valores familiares y la convivencia sana.<\/p>\n<p>Lorenzo Mer\u00e1n expuso sobre la importancia de impulsar los valores que fortalecen la unidad familiar, entre los que cit\u00f3 la honestidad como un pilar para construir una mejor sociedad. Sostuvo que, en esencia, el ser humano es un constructo social que observa el ejemplo de quienes est\u00e1n llamados a ser ejemplos, citando el rol que deben desempe\u00f1ar los padres para con sus hijos.<\/p>\n<p><img loading=\"lazy\" decoding=\"async\" class=\"alignnone size-medium wp-image-363280\" src=\"https:\/\/eldinero.com.do\/wp-content\/uploads\/WhatsApp-Image-2026-04-27-at-4.33.38-PM-720x480.jpeg\" alt=\"\" width=\"720\" height=\"480\" \/><\/p>\n<p>El operativo solidario fue liderado por un equipo de gesti\u00f3n social encabezado por el pastor Fidel Lorenzo Mer\u00e1n, quien estuvo acompa\u00f1ado por Jorge Cabeza, c\u00f3nsul general de Espa\u00f1a en Rep\u00fablica Dominicana; <strong>Jairon Severino, director del peri\u00f3dico elDinero<\/strong>; y Caimito Peralta, quienes participaron en la coordinaci\u00f3n log\u00edstica para asegurar que los alimentos llegaran a las familias previamente identificadas como prioritarias.<\/p>\n<p>Con esta intervenci\u00f3n, Fejus reafirma su compromiso como referente en la ejecuci\u00f3n de programas de alto impacto social, combinando la asistencia alimentaria con la formaci\u00f3n en valores para contribuir a la transformaci\u00f3n de la realidad de cientos de dominicanos.<\/p>\n<p>Archivado en: <a href=\"https:\/\/eldinero.com.do\/tag\/alimentos\/\" rel=\"tag\">Alimentos<\/a><a href=\"https:\/\/eldinero.com.do\/tag\/sierra-prieta\/\" rel=\"tag\">Sierra Prieta<\/a><\/p>\n<p>\u00a0<\/p>\n","protected":false},"excerpt":{"rendered":"<p>\u200b En un esfuerzo por mitigar las carencias en los sectores m\u00e1s vulnerables del pa\u00eds, la Fundaci\u00f3n Equidad y Justicia Social (Fejus) despleg\u00f3 su programa solidario de alimentos en la comunidad de Sierra Prieta, en Santo Domingo Norte, beneficiando de manera directa a m\u00e1s de 100 familias en condiciones de extrema necesidad en este municipio. [&hellip;]<\/p>\n","protected":false},"author":1,"featured_media":25156,"comment_status":"open","ping_status":"open","sticky":false,"template":"","format":"standard","meta":{"amp_status":"","footnotes":""},"categories":[7],"tags":[],"class_list":["post-25155","post","type-post","status-publish","format-standard","has-post-thumbnail","hentry","category-economia"],"_links":{"self":[{"href":"https:\/\/ermdigital.com\/index.php\/wp-json\/wp\/v2\/posts\/25155","targetHints":{"allow":["GET"]}}],"collection":[{"href":"https:\/\/ermdigital.com\/index.php\/wp-json\/wp\/v2\/posts"}],"about":[{"href":"https:\/\/ermdigital.com\/index.php\/wp-json\/wp\/v2\/types\/post"}],"author":[{"embeddable":true,"href":"https:\/\/ermdigital.com\/index.php\/wp-json\/wp\/v2\/users\/1"}],"replies":[{"embeddable":true,"href":"https:\/\/ermdigital.com\/index.php\/wp-json\/wp\/v2\/comments?post=25155"}],"version-history":[{"count":0,"href":"https:\/\/ermdigital.com\/index.php\/wp-json\/wp\/v2\/posts\/25155\/revisions"}],"wp:featuredmedia":[{"embeddable":true,"href":"https:\/\/ermdigital.com\/index.php\/wp-json\/wp\/v2\/media\/25156"}],"wp:attachment":[{"href":"https:\/\/ermdigital.com\/index.php\/wp-json\/wp\/v2\/media?parent=25155"}],"wp:term":[{"taxonomy":"category","embeddable":true,"href":"https:\/\/ermdigital.com\/index.php\/wp-json\/wp\/v2\/categories?post=25155"},{"taxonomy":"post_tag","embeddable":true,"href":"https:\/\/ermdigital.com\/index.php\/wp-json\/wp\/v2\/tags?post=25155"}],"curies":[{"name":"wp","href":"https:\/\/api.w.org\/{rel}","templated":true}]}}