{"id":25143,"date":"2026-04-27T17:41:22","date_gmt":"2026-04-27T21:41:22","guid":{"rendered":"https:\/\/ermdigital.com\/index.php\/2026\/04\/27\/mi-hermano-no-habria-sobrevivido-a-este-dolor-testimonio-de-eliezer-perez-hermano-de-rubby-perez\/"},"modified":"2026-04-27T17:41:22","modified_gmt":"2026-04-27T21:41:22","slug":"mi-hermano-no-habria-sobrevivido-a-este-dolor-testimonio-de-eliezer-perez-hermano-de-rubby-perez","status":"publish","type":"post","link":"https:\/\/ermdigital.com\/index.php\/2026\/04\/27\/mi-hermano-no-habria-sobrevivido-a-este-dolor-testimonio-de-eliezer-perez-hermano-de-rubby-perez\/","title":{"rendered":"\u201cMi hermano no habr\u00eda sobrevivido a este dolor\u201d: testimonio de Eliezer P\u00e9rez, hermano de Rubby P\u00e9rez"},"content":{"rendered":"<p>&lt;![CDATA[<\/p>\n<p><b>Eliezer P\u00e9rez<\/b>, hermano del reconocido merenguero <b>Rubby P\u00e9rez<\/b>, fallecido en la tragedia de la discoteca<b> Jet Set<\/b>, describi\u00f3 con voz quebrada pero firme el vac\u00edo insalvable que ha dejado la p\u00e9rdida de su hermano en la familia P\u00e9rez D\u00edaz.<\/p>\n<p><a href=\"https:\/\/listindiario.com\/entretenimiento\/farandula\/20260427\/mi-hermano-habria-sobrevivido-dolor-testimonio-eliezer-perez-hermano-rubby-perez_903472.html\">wf_cms.rss.read_more<\/a><\/p>\n<p>]]&gt;<\/p>\n<p>\u200bLa familia P\u00e9rez, de formaci\u00f3n cristiana, expres\u00f3 su indignaci\u00f3n ante lo que consideran una ligereza en el manejo del caso. Eliezer denunci\u00f3 que la tragedia es el resultado de una cadena de negligencias, en la que se evadieron procedimientos municipales, reclamos de juntas de vecinos y medidas de seguridad esenciales.\u00a0\u00a0Far\u00e1ndula\u00a0<\/p>\n","protected":false},"excerpt":{"rendered":"<p>&lt;![CDATA[ Eliezer P\u00e9rez, hermano del reconocido merenguero Rubby P\u00e9rez, fallecido en la tragedia de la discoteca Jet Set, describi\u00f3 con voz quebrada pero firme el vac\u00edo insalvable que ha dejado la p\u00e9rdida de su hermano en la familia P\u00e9rez D\u00edaz. wf_cms.rss.read_more ]]&gt; \u200bLa familia P\u00e9rez, de formaci\u00f3n cristiana, expres\u00f3 su indignaci\u00f3n ante lo que consideran [&hellip;]<\/p>\n","protected":false},"author":1,"featured_media":25144,"comment_status":"open","ping_status":"open","sticky":false,"template":"","format":"standard","meta":{"amp_status":"","footnotes":""},"categories":[9],"tags":[],"class_list":["post-25143","post","type-post","status-publish","format-standard","has-post-thumbnail","hentry","category-espectaculo"],"_links":{"self":[{"href":"https:\/\/ermdigital.com\/index.php\/wp-json\/wp\/v2\/posts\/25143","targetHints":{"allow":["GET"]}}],"collection":[{"href":"https:\/\/ermdigital.com\/index.php\/wp-json\/wp\/v2\/posts"}],"about":[{"href":"https:\/\/ermdigital.com\/index.php\/wp-json\/wp\/v2\/types\/post"}],"author":[{"embeddable":true,"href":"https:\/\/ermdigital.com\/index.php\/wp-json\/wp\/v2\/users\/1"}],"replies":[{"embeddable":true,"href":"https:\/\/ermdigital.com\/index.php\/wp-json\/wp\/v2\/comments?post=25143"}],"version-history":[{"count":0,"href":"https:\/\/ermdigital.com\/index.php\/wp-json\/wp\/v2\/posts\/25143\/revisions"}],"wp:featuredmedia":[{"embeddable":true,"href":"https:\/\/ermdigital.com\/index.php\/wp-json\/wp\/v2\/media\/25144"}],"wp:attachment":[{"href":"https:\/\/ermdigital.com\/index.php\/wp-json\/wp\/v2\/media?parent=25143"}],"wp:term":[{"taxonomy":"category","embeddable":true,"href":"https:\/\/ermdigital.com\/index.php\/wp-json\/wp\/v2\/categories?post=25143"},{"taxonomy":"post_tag","embeddable":true,"href":"https:\/\/ermdigital.com\/index.php\/wp-json\/wp\/v2\/tags?post=25143"}],"curies":[{"name":"wp","href":"https:\/\/api.w.org\/{rel}","templated":true}]}}