{"id":25139,"date":"2026-04-27T16:23:04","date_gmt":"2026-04-27T20:23:04","guid":{"rendered":"https:\/\/ermdigital.com\/index.php\/2026\/04\/27\/hermana-de-deivy-abreu-exige-justicia-que-caiga-todo-el-peso-de-la-ley-tras-envio-a-prision-de-siete-implicados\/"},"modified":"2026-04-27T16:23:04","modified_gmt":"2026-04-27T20:23:04","slug":"hermana-de-deivy-abreu-exige-justicia-que-caiga-todo-el-peso-de-la-ley-tras-envio-a-prision-de-siete-implicados","status":"publish","type":"post","link":"https:\/\/ermdigital.com\/index.php\/2026\/04\/27\/hermana-de-deivy-abreu-exige-justicia-que-caiga-todo-el-peso-de-la-ley-tras-envio-a-prision-de-siete-implicados\/","title":{"rendered":"Hermana de Deivy Abreu exige justicia: \u201cQue caiga todo el peso de la ley\u201d tras env\u00edo a prisi\u00f3n de siete implicados"},"content":{"rendered":"<p><strong>Santiago.-<\/strong> Un juez del distrito judicial de Santiago impuso este lunes tres meses de<a href=\"https:\/\/deultimominuto.net\/nacionales\/usan-turbas-de-motoristas\/\"> prisi\u00f3n<\/a> preventiva como medida de coerci\u00f3n contra siete hombres acusados de participar en la muerte del chofer recolector de basura Deivy Carlos Abreu Quezada, quien falleci\u00f3 tras un conflicto originado por un roce vehicular.<\/p>\n<p>La decisi\u00f3n fue adoptada por el juez coordinador de los Juzgados de la Instrucci\u00f3n, Jos\u00e9 Rafael de As\u00eds Burgos, quien orden\u00f3 el env\u00edo a prisi\u00f3n de Adony Antonio Ure\u00f1a Ventura, Andr\u00e9s Moncl\u00fa Gonz\u00e1lez, Carlos Andr\u00e9s Roa Mor\u00e1n, Miguel Garc\u00eda Balbuena, Joanfry Joel N\u00fa\u00f1ez, Juan Carlos Soto Ortiz y Kevin Francisco Metz Cruz, se\u00f1alados por las autoridades como vinculados directamente al crimen.<\/p>\n<p>De acuerdo con las investigaciones preliminares, el hecho se produjo luego de un incidente de tr\u00e1nsito entre la v\u00edctima y un motorista, lo que deriv\u00f3 en una agresi\u00f3n que termin\u00f3 con la vida del trabajador. El caso ha generado consternaci\u00f3n en la comunidad, debido a la violencia con la que escal\u00f3 una situaci\u00f3n considerada menor.<\/p>\n<p>Durante la audiencia, el Ministerio P\u00fablico sostuvo que existen suficientes elementos de prueba que vinculan a los imputados con el homicidio, por lo que solicit\u00f3 la medida de coerci\u00f3n m\u00e1s severa para garantizar su presencia en el proceso judicial.<\/p>\n<h5 class=\"wp-block-heading\"><strong>Recomendamos leer:<a href=\"https:\/\/deultimominuto.net\/nacionales\/ocultamiento-en-caso-deivy-abreu\/\">Brito revela red de ocultamiento en muerte de Deivy Abreu y advierte nuevos coautores en el asesinato<\/a><br \/><\/strong><\/h5>\n<p>Familiares de la v\u00edctima reaccionaron a la decisi\u00f3n judicial. Sarah Seline Abreu Quezada, hermana del fallecido, expres\u00f3 su esperanza de que se haga justicia. \u201cVamos a esperar que se haga la voluntad de Dios y que caiga todo el peso de la ley sobre los responsables\u201d, manifest\u00f3.<\/p>\n<p>Las autoridades indicaron que contin\u00faan profundizando las investigaciones mientras los acusados cumplir\u00e1n la medida en un centro penitenciario del pa\u00eds. El caso queda ahora en fase de instrucci\u00f3n, en la que se determinar\u00e1 si los implicados ser\u00e1n enviados a juicio de fondo.<\/p>\n<p>\u200bSantiago.- Un juez del distrito judicial de Santiago impuso este lunes tres meses de prisi\u00f3n preventiva como medida de coerci\u00f3n contra siete hombres acusados de participar en la muerte del chofer recolector de basura Deivy Carlos Abreu Quezada, quien falleci\u00f3 tras un conflicto originado por un roce vehicular. La decisi\u00f3n fue adoptada por el juez\u00a0\u00a0Nacionales, Santiago\u00a0\u00a0<\/p>\n","protected":false},"excerpt":{"rendered":"<p>Santiago.- Un juez del distrito judicial de Santiago impuso este lunes tres meses de prisi\u00f3n preventiva como medida de coerci\u00f3n contra siete hombres acusados de participar en la muerte del chofer recolector de basura Deivy Carlos Abreu Quezada, quien falleci\u00f3 tras un conflicto originado por un roce vehicular. La decisi\u00f3n fue adoptada por el juez [&hellip;]<\/p>\n","protected":false},"author":1,"featured_media":25140,"comment_status":"open","ping_status":"open","sticky":false,"template":"","format":"standard","meta":{"amp_status":"","footnotes":""},"categories":[3],"tags":[],"class_list":["post-25139","post","type-post","status-publish","format-standard","has-post-thumbnail","hentry","category-de-ultimo-minuto"],"_links":{"self":[{"href":"https:\/\/ermdigital.com\/index.php\/wp-json\/wp\/v2\/posts\/25139","targetHints":{"allow":["GET"]}}],"collection":[{"href":"https:\/\/ermdigital.com\/index.php\/wp-json\/wp\/v2\/posts"}],"about":[{"href":"https:\/\/ermdigital.com\/index.php\/wp-json\/wp\/v2\/types\/post"}],"author":[{"embeddable":true,"href":"https:\/\/ermdigital.com\/index.php\/wp-json\/wp\/v2\/users\/1"}],"replies":[{"embeddable":true,"href":"https:\/\/ermdigital.com\/index.php\/wp-json\/wp\/v2\/comments?post=25139"}],"version-history":[{"count":0,"href":"https:\/\/ermdigital.com\/index.php\/wp-json\/wp\/v2\/posts\/25139\/revisions"}],"wp:featuredmedia":[{"embeddable":true,"href":"https:\/\/ermdigital.com\/index.php\/wp-json\/wp\/v2\/media\/25140"}],"wp:attachment":[{"href":"https:\/\/ermdigital.com\/index.php\/wp-json\/wp\/v2\/media?parent=25139"}],"wp:term":[{"taxonomy":"category","embeddable":true,"href":"https:\/\/ermdigital.com\/index.php\/wp-json\/wp\/v2\/categories?post=25139"},{"taxonomy":"post_tag","embeddable":true,"href":"https:\/\/ermdigital.com\/index.php\/wp-json\/wp\/v2\/tags?post=25139"}],"curies":[{"name":"wp","href":"https:\/\/api.w.org\/{rel}","templated":true}]}}