{"id":25137,"date":"2026-04-27T16:23:41","date_gmt":"2026-04-27T20:23:41","guid":{"rendered":"https:\/\/ermdigital.com\/index.php\/2026\/04\/27\/defensa-alega-percepcion-erronea-de-imputado-en-caso-de-muerte-de-recolector-en-santiago\/"},"modified":"2026-04-27T16:23:41","modified_gmt":"2026-04-27T20:23:41","slug":"defensa-alega-percepcion-erronea-de-imputado-en-caso-de-muerte-de-recolector-en-santiago","status":"publish","type":"post","link":"https:\/\/ermdigital.com\/index.php\/2026\/04\/27\/defensa-alega-percepcion-erronea-de-imputado-en-caso-de-muerte-de-recolector-en-santiago\/","title":{"rendered":"Defensa alega \u201cpercepci\u00f3n err\u00f3nea\u201d de imputado en caso de muerte de recolector en Santiago"},"content":{"rendered":"<p><strong>Santiago.<\/strong>\u2013 El juez coordinador de los Juzgados de la Instrucci\u00f3n, Jos\u00e9 Rafael de As\u00eds Burgos, dict\u00f3 este lunes prisi\u00f3n preventiva contra siete hombres acusados de participar en la muerte del recolector de basura Deivy Carlos Abreu Quezada, ocurrida tras un conflicto vial con un motorista en esta ciudad.<\/p>\n<p>Los imputados, identificados como Adony Antonio Ure\u00f1a Ventura, Andr\u00e9s Moncl\u00fa Gonz\u00e1lez, Carlos Andr\u00e9s Roa Mor\u00e1n, Miguel Garc\u00eda Balbuena, Joanfry Joel N\u00fa\u00f1ez, Juan Carlos Soto Ortiz y Kevin Francisco Metz Cruz, fueron enviados al Centro de Correcci\u00f3n y Rehabilitaci\u00f3n Rafey Hombres, mientras el Ministerio P\u00fablico contin\u00faa las investigaciones del caso.<\/p>\n<p>De acuerdo con las autoridades, el hecho se origin\u00f3 a partir de un roce vehicular que deriv\u00f3 en una agresi\u00f3n colectiva contra la v\u00edctima, quien se desempe\u00f1aba como chofer de un cami\u00f3n recolector de basura. El incidente, que qued\u00f3 registrado en video, muestra c\u00f3mo varios individuos reaccionaron violentamente sin conocer con claridad las circunstancias previas del altercado.<\/p>\n<p><strong>Recomendamos leer<a href=\"https:\/\/deultimominuto.net\/enlaces\/\" data-type=\"page\" data-id=\"491852\">:Dictan tres meses de prisi\u00f3n preventiva a implicados en muerte de chofer en Santiago<\/a><\/strong><\/p>\n<p>Tras la audiencia, el abogado Rusell Aracena, representante de uno de los imputados, explic\u00f3 que su defendido actu\u00f3 bajo una percepci\u00f3n err\u00f3nea de los hechos, al entender que la v\u00edctima hab\u00eda cometido una falta grave. No obstante, reconoci\u00f3 que la reacci\u00f3n fue desproporcionada y que las acciones de los implicados generaron consecuencias legales severas.<\/p>\n<p>El tribunal consider\u00f3 que la conducta de los acusados evidencia falta de control y respeto por el orden p\u00fablico, incluso en las inmediaciones del Palacio de Justicia, lo que justific\u00f3 la imposici\u00f3n de la medida de coerci\u00f3n m\u00e1s gravosa.<\/p>\n<p>Asimismo, el Ministerio P\u00fablico sostuvo que este caso env\u00eda un mensaje claro a la ciudadan\u00eda sobre las consecuencias jur\u00eddicas de actos violentos, aun cuando estos surjan de situaciones aparentemente menores.<\/p>\n<p>La defensa indic\u00f3 que buscar\u00e1 aportar nuevas pruebas para procurar una calificaci\u00f3n jur\u00eddica menos severa en favor de sus representados, mientras avanza el proceso judicial.<\/p>\n<p>\u200bSantiago.\u2013 El juez coordinador de los Juzgados de la Instrucci\u00f3n, Jos\u00e9 Rafael de As\u00eds Burgos, dict\u00f3 este lunes prisi\u00f3n preventiva contra siete hombres acusados de participar en la muerte del recolector de basura Deivy Carlos Abreu Quezada, ocurrida tras un conflicto vial con un motorista en esta ciudad. Los imputados, identificados como Adony Antonio Ure\u00f1a\u00a0\u00a0Nacionales, chofer, imputados, Muerte, Santiago\u00a0\u00a0<\/p>\n","protected":false},"excerpt":{"rendered":"<p>Santiago.\u2013 El juez coordinador de los Juzgados de la Instrucci\u00f3n, Jos\u00e9 Rafael de As\u00eds Burgos, dict\u00f3 este lunes prisi\u00f3n preventiva contra siete hombres acusados de participar en la muerte del recolector de basura Deivy Carlos Abreu Quezada, ocurrida tras un conflicto vial con un motorista en esta ciudad. Los imputados, identificados como Adony Antonio Ure\u00f1a [&hellip;]<\/p>\n","protected":false},"author":1,"featured_media":25138,"comment_status":"open","ping_status":"open","sticky":false,"template":"","format":"standard","meta":{"amp_status":"","footnotes":""},"categories":[3],"tags":[],"class_list":["post-25137","post","type-post","status-publish","format-standard","has-post-thumbnail","hentry","category-de-ultimo-minuto"],"_links":{"self":[{"href":"https:\/\/ermdigital.com\/index.php\/wp-json\/wp\/v2\/posts\/25137","targetHints":{"allow":["GET"]}}],"collection":[{"href":"https:\/\/ermdigital.com\/index.php\/wp-json\/wp\/v2\/posts"}],"about":[{"href":"https:\/\/ermdigital.com\/index.php\/wp-json\/wp\/v2\/types\/post"}],"author":[{"embeddable":true,"href":"https:\/\/ermdigital.com\/index.php\/wp-json\/wp\/v2\/users\/1"}],"replies":[{"embeddable":true,"href":"https:\/\/ermdigital.com\/index.php\/wp-json\/wp\/v2\/comments?post=25137"}],"version-history":[{"count":0,"href":"https:\/\/ermdigital.com\/index.php\/wp-json\/wp\/v2\/posts\/25137\/revisions"}],"wp:featuredmedia":[{"embeddable":true,"href":"https:\/\/ermdigital.com\/index.php\/wp-json\/wp\/v2\/media\/25138"}],"wp:attachment":[{"href":"https:\/\/ermdigital.com\/index.php\/wp-json\/wp\/v2\/media?parent=25137"}],"wp:term":[{"taxonomy":"category","embeddable":true,"href":"https:\/\/ermdigital.com\/index.php\/wp-json\/wp\/v2\/categories?post=25137"},{"taxonomy":"post_tag","embeddable":true,"href":"https:\/\/ermdigital.com\/index.php\/wp-json\/wp\/v2\/tags?post=25137"}],"curies":[{"name":"wp","href":"https:\/\/api.w.org\/{rel}","templated":true}]}}