{"id":25129,"date":"2026-04-27T16:47:55","date_gmt":"2026-04-27T20:47:55","guid":{"rendered":"https:\/\/ermdigital.com\/index.php\/2026\/04\/27\/organizaciones-de-la-caleta-reclaman-al-gobierno-respuesta-urgente-a-demandas-pendientes\/"},"modified":"2026-04-27T16:47:55","modified_gmt":"2026-04-27T20:47:55","slug":"organizaciones-de-la-caleta-reclaman-al-gobierno-respuesta-urgente-a-demandas-pendientes","status":"publish","type":"post","link":"https:\/\/ermdigital.com\/index.php\/2026\/04\/27\/organizaciones-de-la-caleta-reclaman-al-gobierno-respuesta-urgente-a-demandas-pendientes\/","title":{"rendered":"Organizaciones de La Caleta reclaman al Gobierno respuesta urgente a demandas pendientes"},"content":{"rendered":"<p><strong>Por: Jonatan Contreras<\/strong><\/p>\n<p><strong>Santo Domingo.<\/strong>\u2013 Diversas organizaciones comunitarias y sociales, agrupadas en el Movimiento Municipal por los Derechos, exigieron este lunes al Gobierno central dar respuesta al pliego de demandas entregado en el Palacio Nacional el pasado 16 de mayo de 2025, el cual, aseguran, permanece sin atenci\u00f3n oficial.<\/p>\n<p>A trav\u00e9s de una declaraci\u00f3n de prensa, denunciaron que el municipio contin\u00faa enfrentando serias deficiencias en servicios b\u00e1sicos e infraestructura, por lo que consideran impostergable una intervenci\u00f3n efectiva por parte de las autoridades.<\/p>\n<p>Entre sus principales exigencias destacan el cese de los desalojos forzosos en comunidades establecidas, el acceso a viviendas dignas en terrenos seguros y debidamente titulados, as\u00ed como la reducci\u00f3n en los precios de los combustibles y de los productos de la canasta b\u00e1sica.<\/p>\n<p>De igual manera, demandaron la construcci\u00f3n de aceras y contenes, el asfaltado de calles, la implementaci\u00f3n de sistemas de drenaje pluvial y sanitario, adem\u00e1s de la edificaci\u00f3n de un hospital municipal y nuevos centros educativos.<\/p>\n<p><strong>Recomendamos leer<a href=\"https:\/\/deultimominuto.net\/enlaces\/\" data-type=\"page\" data-id=\"491852\">:L\u00eda D\u00edaz y Marino Lebr\u00f3n trazan agenda com\u00fan en favor de la educaci\u00f3n de Azua<\/a><\/strong><\/p>\n<p>En la rueda de prensa participaron representantes de CODECOC, FENATRANO, ADECASVAZA y Red Urbana, as\u00ed como l\u00edderes de iglesias y juntas comunitarias, quienes advirtieron que continuar\u00e1n en pie de lucha hasta lograr respuestas concretas y soluciones reales a sus demandas.<\/p>\n<p>\u200bPor: Jonatan Contreras Santo Domingo.\u2013 Diversas organizaciones comunitarias y sociales, agrupadas en el Movimiento Municipal por los Derechos, exigieron este lunes al Gobierno central dar respuesta al pliego de demandas entregado en el Palacio Nacional el pasado 16 de mayo de 2025, el cual, aseguran, permanece sin atenci\u00f3n oficial. A trav\u00e9s de una declaraci\u00f3n de\u00a0\u00a0Nacionales, Gobierno, Las caletas, reclaman\u00a0\u00a0<\/p>\n","protected":false},"excerpt":{"rendered":"<p>Por: Jonatan Contreras Santo Domingo.\u2013 Diversas organizaciones comunitarias y sociales, agrupadas en el Movimiento Municipal por los Derechos, exigieron este lunes al Gobierno central dar respuesta al pliego de demandas entregado en el Palacio Nacional el pasado 16 de mayo de 2025, el cual, aseguran, permanece sin atenci\u00f3n oficial. A trav\u00e9s de una declaraci\u00f3n de [&hellip;]<\/p>\n","protected":false},"author":1,"featured_media":25130,"comment_status":"open","ping_status":"open","sticky":false,"template":"","format":"standard","meta":{"amp_status":"","footnotes":""},"categories":[3],"tags":[],"class_list":["post-25129","post","type-post","status-publish","format-standard","has-post-thumbnail","hentry","category-de-ultimo-minuto"],"_links":{"self":[{"href":"https:\/\/ermdigital.com\/index.php\/wp-json\/wp\/v2\/posts\/25129","targetHints":{"allow":["GET"]}}],"collection":[{"href":"https:\/\/ermdigital.com\/index.php\/wp-json\/wp\/v2\/posts"}],"about":[{"href":"https:\/\/ermdigital.com\/index.php\/wp-json\/wp\/v2\/types\/post"}],"author":[{"embeddable":true,"href":"https:\/\/ermdigital.com\/index.php\/wp-json\/wp\/v2\/users\/1"}],"replies":[{"embeddable":true,"href":"https:\/\/ermdigital.com\/index.php\/wp-json\/wp\/v2\/comments?post=25129"}],"version-history":[{"count":0,"href":"https:\/\/ermdigital.com\/index.php\/wp-json\/wp\/v2\/posts\/25129\/revisions"}],"wp:featuredmedia":[{"embeddable":true,"href":"https:\/\/ermdigital.com\/index.php\/wp-json\/wp\/v2\/media\/25130"}],"wp:attachment":[{"href":"https:\/\/ermdigital.com\/index.php\/wp-json\/wp\/v2\/media?parent=25129"}],"wp:term":[{"taxonomy":"category","embeddable":true,"href":"https:\/\/ermdigital.com\/index.php\/wp-json\/wp\/v2\/categories?post=25129"},{"taxonomy":"post_tag","embeddable":true,"href":"https:\/\/ermdigital.com\/index.php\/wp-json\/wp\/v2\/tags?post=25129"}],"curies":[{"name":"wp","href":"https:\/\/api.w.org\/{rel}","templated":true}]}}