{"id":25121,"date":"2026-04-27T16:28:20","date_gmt":"2026-04-27T20:28:20","guid":{"rendered":"https:\/\/ermdigital.com\/index.php\/2026\/04\/27\/eso-no-debio-pasar-ahi-no-debio-morir-una-sola-persona-el-duro-testimonio-de-gregory-adames\/"},"modified":"2026-04-27T16:28:20","modified_gmt":"2026-04-27T20:28:20","slug":"eso-no-debio-pasar-ahi-no-debio-morir-una-sola-persona-el-duro-testimonio-de-gregory-adames","status":"publish","type":"post","link":"https:\/\/ermdigital.com\/index.php\/2026\/04\/27\/eso-no-debio-pasar-ahi-no-debio-morir-una-sola-persona-el-duro-testimonio-de-gregory-adames\/","title":{"rendered":"\"Eso no debi\u00f3 pasar, ah\u00ed no debi\u00f3 morir una sola persona\": El duro testimonio de Gregory Adames\u00a0"},"content":{"rendered":"<p>&lt;![CDATA[<\/p>\n<p><b>Gregory Adames<\/b>, v\u00edctima de la tragedia ocurrida en la discoteca <b>Jet Set<\/b>, ofreci\u00f3 su testimonio en el que expuso presuntas negligencias y la \"insensibilidad\" de la administraci\u00f3n del establecimiento antes del colapso que cobr\u00f3 la vida de 236 personas y m\u00e1s de 180 personas heridas.<\/p>\n<p><a href=\"https:\/\/listindiario.com\/la-republica\/justicia\/20260427\/devastador-testimonio-gregory-adames-caso-jet-set_903465.html\">wf_cms.rss.read_more<\/a><\/p>\n<p>]]&gt;<\/p>\n<p>\u200bAdames, quien era empleado del establecimiento comercial, declar\u00f3 ante el juez del Primer Juzgado de la Instrucci\u00f3n del Distrito Nacional, que la tragedia fue una \"muerte anunciada\" y que la ambici\u00f3n econ\u00f3mica se antepuso a la seguridad de los clientes y empleados.\u00a0\u00a0Justicia\u00a0<\/p>\n","protected":false},"excerpt":{"rendered":"<p>&lt;![CDATA[ Gregory Adames, v\u00edctima de la tragedia ocurrida en la discoteca Jet Set, ofreci\u00f3 su testimonio en el que expuso presuntas negligencias y la \"insensibilidad\" de la administraci\u00f3n del establecimiento antes del colapso que cobr\u00f3 la vida de 236 personas y m\u00e1s de 180 personas heridas. wf_cms.rss.read_more ]]&gt; \u200bAdames, quien era empleado del establecimiento comercial, [&hellip;]<\/p>\n","protected":false},"author":1,"featured_media":25122,"comment_status":"open","ping_status":"open","sticky":false,"template":"","format":"standard","meta":{"amp_status":"","footnotes":""},"categories":[5],"tags":[],"class_list":["post-25121","post","type-post","status-publish","format-standard","has-post-thumbnail","hentry","category-politica"],"_links":{"self":[{"href":"https:\/\/ermdigital.com\/index.php\/wp-json\/wp\/v2\/posts\/25121","targetHints":{"allow":["GET"]}}],"collection":[{"href":"https:\/\/ermdigital.com\/index.php\/wp-json\/wp\/v2\/posts"}],"about":[{"href":"https:\/\/ermdigital.com\/index.php\/wp-json\/wp\/v2\/types\/post"}],"author":[{"embeddable":true,"href":"https:\/\/ermdigital.com\/index.php\/wp-json\/wp\/v2\/users\/1"}],"replies":[{"embeddable":true,"href":"https:\/\/ermdigital.com\/index.php\/wp-json\/wp\/v2\/comments?post=25121"}],"version-history":[{"count":0,"href":"https:\/\/ermdigital.com\/index.php\/wp-json\/wp\/v2\/posts\/25121\/revisions"}],"wp:featuredmedia":[{"embeddable":true,"href":"https:\/\/ermdigital.com\/index.php\/wp-json\/wp\/v2\/media\/25122"}],"wp:attachment":[{"href":"https:\/\/ermdigital.com\/index.php\/wp-json\/wp\/v2\/media?parent=25121"}],"wp:term":[{"taxonomy":"category","embeddable":true,"href":"https:\/\/ermdigital.com\/index.php\/wp-json\/wp\/v2\/categories?post=25121"},{"taxonomy":"post_tag","embeddable":true,"href":"https:\/\/ermdigital.com\/index.php\/wp-json\/wp\/v2\/tags?post=25121"}],"curies":[{"name":"wp","href":"https:\/\/api.w.org\/{rel}","templated":true}]}}