{"id":25115,"date":"2026-04-27T15:51:51","date_gmt":"2026-04-27T19:51:51","guid":{"rendered":"https:\/\/ermdigital.com\/index.php\/2026\/04\/27\/jorge-feliz-pacheco-elegido-vicevocero-del-bloque-de-regidores-del-pld\/"},"modified":"2026-04-27T15:51:51","modified_gmt":"2026-04-27T19:51:51","slug":"jorge-feliz-pacheco-elegido-vicevocero-del-bloque-de-regidores-del-pld","status":"publish","type":"post","link":"https:\/\/ermdigital.com\/index.php\/2026\/04\/27\/jorge-feliz-pacheco-elegido-vicevocero-del-bloque-de-regidores-del-pld\/","title":{"rendered":"Jorge Feliz Pacheco elegido vicevocero del Bloque de Regidores del PLD"},"content":{"rendered":"<p>Santo Domingo, D.N. \u2013 El bloque de regidores del <strong>Partido de la Liberaci\u00f3n Dominicana (PLD)<\/strong> en el Ayuntamiento del Distrito Nacional anunci\u00f3 la elecci\u00f3n de Domingo Corniel como vocero y de <strong>Jorge Feliz Pacheco como vicevocero<\/strong>, en una decisi\u00f3n que fortalece la renovaci\u00f3n pol\u00edtica, el relevo generacional y la institucionalidad de la organizaci\u00f3n en la capital.<\/p>\n<p>Domingo Corniel, reconocido dirigente pol\u00edtico y educador, posee una destacada trayectoria en el \u00e1mbito acad\u00e9mico y organizativo. Es licenciado en Derecho, profesor y cuenta con una maestr\u00eda en Educaci\u00f3n. Actualmente dirige el Liceo Jos\u00e9 Francisco Pe\u00f1a G\u00f3mez, ubicado en el sector Los Girasoles. En el plano partidario, se desempe\u00f1a como secretario de organizaci\u00f3n del PLD en la Circunscripci\u00f3n No. 2 del Distrito Nacional; es <a href=\"https:\/\/deultimominuto.net\/nacionales\/presentaran-querella-contra-comunicador-por-agredir-a-familiar-de-victimas-en-caso-jet-set\/\">miembro <\/a>del Comit\u00e9 Central y forma parte de la corriente magisterial Eugenio Mar\u00eda de Hostos, adem\u00e1s de ocupar funciones en la Secretar\u00eda de Di\u00e1logos y Resoluci\u00f3n de Conflictos.<\/p>\n<p><strong>LEER TAMBI\u00c9N: <a href=\"https:\/\/deultimominuto.net\/nacionales\/politica\/jorge-feliz-vaticina-fuga\/\" data-type=\"post\" data-id=\"600141\">Jorge Feliz Pacheco vaticina fuga masiva de perreme\u00edstas hacia la oposici\u00f3n<\/a><\/strong><\/p>\n<p>De su lado, <strong><a href=\"https:\/\/jorgefelizpacheco.com\/\" target=\"_blank\" rel=\"noopener\">Jorge Feliz Pacheco<\/a><\/strong> asume la vicevocer\u00eda con el compromiso de impulsar una agenda municipal centrada en soluciones concretas para la ciudad, el fortalecimiento de los gobiernos locales y una gesti\u00f3n cercana a la ciudadan\u00eda.<\/p>\n<p>Con estas designaciones, el bloque de regidores del PLD reafirma su compromiso con una representaci\u00f3n responsable, articulada y orientada a resultados, apostando por liderazgos que integran experiencia, formaci\u00f3n y vocaci\u00f3n de servicio en favor del desarrollo del Distrito Nacional.<\/p>\n<p>\u200bSanto Domingo, D.N. \u2013 El bloque de regidores del Partido de la Liberaci\u00f3n Dominicana (PLD) en el Ayuntamiento del Distrito Nacional anunci\u00f3 la elecci\u00f3n de Domingo Corniel como vocero y de Jorge Feliz Pacheco como vicevocero, en una decisi\u00f3n que fortalece la renovaci\u00f3n pol\u00edtica, el relevo generacional y la institucionalidad de la organizaci\u00f3n en la\u00a0\u00a0Pol\u00edtica, Jorge Feliz Pacheco, PLD\u00a0\u00a0<\/p>\n","protected":false},"excerpt":{"rendered":"<p>Santo Domingo, D.N. \u2013 El bloque de regidores del Partido de la Liberaci\u00f3n Dominicana (PLD) en el Ayuntamiento del Distrito Nacional anunci\u00f3 la elecci\u00f3n de Domingo Corniel como vocero y de Jorge Feliz Pacheco como vicevocero, en una decisi\u00f3n que fortalece la renovaci\u00f3n pol\u00edtica, el relevo generacional y la institucionalidad de la organizaci\u00f3n en la [&hellip;]<\/p>\n","protected":false},"author":1,"featured_media":25116,"comment_status":"open","ping_status":"open","sticky":false,"template":"","format":"standard","meta":{"amp_status":"","footnotes":""},"categories":[3],"tags":[],"class_list":["post-25115","post","type-post","status-publish","format-standard","has-post-thumbnail","hentry","category-de-ultimo-minuto"],"_links":{"self":[{"href":"https:\/\/ermdigital.com\/index.php\/wp-json\/wp\/v2\/posts\/25115","targetHints":{"allow":["GET"]}}],"collection":[{"href":"https:\/\/ermdigital.com\/index.php\/wp-json\/wp\/v2\/posts"}],"about":[{"href":"https:\/\/ermdigital.com\/index.php\/wp-json\/wp\/v2\/types\/post"}],"author":[{"embeddable":true,"href":"https:\/\/ermdigital.com\/index.php\/wp-json\/wp\/v2\/users\/1"}],"replies":[{"embeddable":true,"href":"https:\/\/ermdigital.com\/index.php\/wp-json\/wp\/v2\/comments?post=25115"}],"version-history":[{"count":0,"href":"https:\/\/ermdigital.com\/index.php\/wp-json\/wp\/v2\/posts\/25115\/revisions"}],"wp:featuredmedia":[{"embeddable":true,"href":"https:\/\/ermdigital.com\/index.php\/wp-json\/wp\/v2\/media\/25116"}],"wp:attachment":[{"href":"https:\/\/ermdigital.com\/index.php\/wp-json\/wp\/v2\/media?parent=25115"}],"wp:term":[{"taxonomy":"category","embeddable":true,"href":"https:\/\/ermdigital.com\/index.php\/wp-json\/wp\/v2\/categories?post=25115"},{"taxonomy":"post_tag","embeddable":true,"href":"https:\/\/ermdigital.com\/index.php\/wp-json\/wp\/v2\/tags?post=25115"}],"curies":[{"name":"wp","href":"https:\/\/api.w.org\/{rel}","templated":true}]}}