{"id":25113,"date":"2026-04-27T16:10:56","date_gmt":"2026-04-27T20:10:56","guid":{"rendered":"https:\/\/ermdigital.com\/index.php\/2026\/04\/27\/fenticommc-llama-a-empleadores-a-garantizar-bienestar-laboral-en-el-dia-de-la-salud-y-seguridad-en-el-trabajo\/"},"modified":"2026-04-27T16:10:56","modified_gmt":"2026-04-27T20:10:56","slug":"fenticommc-llama-a-empleadores-a-garantizar-bienestar-laboral-en-el-dia-de-la-salud-y-seguridad-en-el-trabajo","status":"publish","type":"post","link":"https:\/\/ermdigital.com\/index.php\/2026\/04\/27\/fenticommc-llama-a-empleadores-a-garantizar-bienestar-laboral-en-el-dia-de-la-salud-y-seguridad-en-el-trabajo\/","title":{"rendered":"FENTICOMMC llama a empleadores a garantizar bienestar laboral en el D\u00eda de la Salud y Seguridad en el Trabajo"},"content":{"rendered":"<p><strong>Santo Domingo<\/strong>.- En el marco de la conmemoraci\u00f3n del D\u00eda Internacional de la Salud y la Seguridad en el Trabajo, la Federaci\u00f3n Nacional de Trabajadores de la Industria de la Construcci\u00f3n, Madera, Materiales de la Construcci\u00f3n (FENTICOMMC) realiz\u00f3 un encendido de velas, haciendo un firme llamado al Estado dominicano y a los empleadores a priorizar la protecci\u00f3n, el bienestar y la dignidad de sus trabajadores en todos los espacios laborales.<\/p>\n<p>Nilton Freitas, director de la Internacional de la Industria de la Construcci\u00f3n y la Madera (ICM), dijo que en el mundo la muerte de trabajadores es de 3 millones al a\u00f1o. Indic\u00f3 que cada 15 minutos sucede un hecho lamentable de accidente laboral.<\/p>\n<p>Asimismo, inform\u00f3 que en la Rep\u00fablica Dominicana, todos los a\u00f1os mueren 2,500 trabajadores de la construcci\u00f3n por condiciones de trabajo inhumanas.<\/p>\n<p>\u201cEl sector construcci\u00f3n, en particular, se mantiene entre los de mayor riesgo, ocupando el segundo lugar en mortalidad laboral en el pa\u00eds, lo que refuerza la urgencia de implementar medidas m\u00e1s estrictas de seguridad en los lugares de trabajo\u201d, asegur\u00f3 Freitas.<\/p>\n<p>La organizaci\u00f3n destac\u00f3 que la salud y la seguridad en el trabajo no deben ser vistas como un cumplimiento opcional, sino como una responsabilidad \u00e9tica y legal que impacta directamente la calidad de vida de los trabajadores y la productividad de las empresas.<\/p>\n<p><strong>Recomendamos leer:<a href=\"https:\/\/deultimominuto.net\/enlaces\/\" data-type=\"page\" data-id=\"491852\">Jorge Feliz Pacheco elegido vicevocero del Bloque de Regidores del PLD<\/a><\/strong><\/p>\n<p>Pedro Julio Alc\u00e1ntara, presidente de FENTICOMMC, se\u00f1al\u00f3 que en sectores como la construcci\u00f3n, donde los riesgos laborales son elevados, resulta imprescindible reforzar las medidas de prevenci\u00f3n, el uso adecuado de equipos de protecci\u00f3n personal y la capacitaci\u00f3n continua del personal.<\/p>\n<p>Asimismo, enfatiz\u00f3 la importancia de fomentar una cultura de prevenci\u00f3n que involucre tanto a empleadores como a trabajadores.<\/p>\n<p>\u201cHoy m\u00e1s que nunca, reiteramos nuestro compromiso de seguir velando por condiciones laborales seguras y dignas. Exhortamos a los empleadores a asumir un rol activo en la protecci\u00f3n del bienestar f\u00edsico y mental de sus colaboradores\u201d, expres\u00f3 Alc\u00e1ntara.<\/p>\n<p>La federaci\u00f3n tambi\u00e9n inst\u00f3 a las autoridades competentes a fortalecer la supervisi\u00f3n y el cumplimiento de las normativas vigentes en materia de seguridad y salud ocupacional, garantizando entornos de trabajo m\u00e1s seguros para todos.<\/p>\n<p>En este D\u00eda Internacional de la Salud y la Seguridad en el Trabajo, FENTICOMMC reafirma su compromiso con la defensa de los derechos laborales y la promoci\u00f3n de entornos de trabajo seguros, saludables y humanos.<\/p>\n<p>\u200bSanto Domingo.- En el marco de la conmemoraci\u00f3n del D\u00eda Internacional de la Salud y la Seguridad en el Trabajo, la Federaci\u00f3n Nacional de Trabajadores de la Industria de la Construcci\u00f3n, Madera, Materiales de la Construcci\u00f3n (FENTICOMMC) realiz\u00f3 un encendido de velas, haciendo un firme llamado al Estado dominicano y a los empleadores a priorizar\u00a0\u00a0Nacionales, bienestar, FENTICOMMC, Trabajadores\u00a0\u00a0<\/p>\n","protected":false},"excerpt":{"rendered":"<p>Santo Domingo.- En el marco de la conmemoraci\u00f3n del D\u00eda Internacional de la Salud y la Seguridad en el Trabajo, la Federaci\u00f3n Nacional de Trabajadores de la Industria de la Construcci\u00f3n, Madera, Materiales de la Construcci\u00f3n (FENTICOMMC) realiz\u00f3 un encendido de velas, haciendo un firme llamado al Estado dominicano y a los empleadores a priorizar [&hellip;]<\/p>\n","protected":false},"author":1,"featured_media":25114,"comment_status":"open","ping_status":"open","sticky":false,"template":"","format":"standard","meta":{"amp_status":"","footnotes":""},"categories":[3],"tags":[],"class_list":["post-25113","post","type-post","status-publish","format-standard","has-post-thumbnail","hentry","category-de-ultimo-minuto"],"_links":{"self":[{"href":"https:\/\/ermdigital.com\/index.php\/wp-json\/wp\/v2\/posts\/25113","targetHints":{"allow":["GET"]}}],"collection":[{"href":"https:\/\/ermdigital.com\/index.php\/wp-json\/wp\/v2\/posts"}],"about":[{"href":"https:\/\/ermdigital.com\/index.php\/wp-json\/wp\/v2\/types\/post"}],"author":[{"embeddable":true,"href":"https:\/\/ermdigital.com\/index.php\/wp-json\/wp\/v2\/users\/1"}],"replies":[{"embeddable":true,"href":"https:\/\/ermdigital.com\/index.php\/wp-json\/wp\/v2\/comments?post=25113"}],"version-history":[{"count":0,"href":"https:\/\/ermdigital.com\/index.php\/wp-json\/wp\/v2\/posts\/25113\/revisions"}],"wp:featuredmedia":[{"embeddable":true,"href":"https:\/\/ermdigital.com\/index.php\/wp-json\/wp\/v2\/media\/25114"}],"wp:attachment":[{"href":"https:\/\/ermdigital.com\/index.php\/wp-json\/wp\/v2\/media?parent=25113"}],"wp:term":[{"taxonomy":"category","embeddable":true,"href":"https:\/\/ermdigital.com\/index.php\/wp-json\/wp\/v2\/categories?post=25113"},{"taxonomy":"post_tag","embeddable":true,"href":"https:\/\/ermdigital.com\/index.php\/wp-json\/wp\/v2\/tags?post=25113"}],"curies":[{"name":"wp","href":"https:\/\/api.w.org\/{rel}","templated":true}]}}