{"id":25111,"date":"2026-04-27T15:31:23","date_gmt":"2026-04-27T19:31:23","guid":{"rendered":"https:\/\/ermdigital.com\/index.php\/2026\/04\/27\/presidente-abinader-entrega-obras-de-renovacion-de-la-playa-sosua-y-su-plaza-de-vendedores\/"},"modified":"2026-04-27T15:31:23","modified_gmt":"2026-04-27T19:31:23","slug":"presidente-abinader-entrega-obras-de-renovacion-de-la-playa-sosua-y-su-plaza-de-vendedores","status":"publish","type":"post","link":"https:\/\/ermdigital.com\/index.php\/2026\/04\/27\/presidente-abinader-entrega-obras-de-renovacion-de-la-playa-sosua-y-su-plaza-de-vendedores\/","title":{"rendered":"Presidente Abinader entrega obras de renovaci\u00f3n de la playa Sos\u00faa y su plaza de vendedores"},"content":{"rendered":"<p><span class=\"field field--name-title field--type-string field--label-hidden\">Presidente Abinader entrega obras de renovaci\u00f3n de la playa Sos\u00faa y su plaza de vendedores <\/span><br \/>\n<span class=\"field field--name-uid field--type-entity-reference field--label-hidden\"><span>rosahenriquez<\/span><\/span><br \/>\n<span class=\"field field--name-created field--type-created field--label-hidden\"><time datetime=\"2026-04-27T15:31:23-04:00\" title=\"Lunes, Abril 27, 2026 - 15:31\" class=\"datetime\">27 de  Abril 2026 | 15:31<\/time><br \/>\n<\/span><\/p>\n<div class=\"clearfix text-formatted field field--name-body field--type-text-with-summary field--label-hidden field__item\">\n<div class=\"OutlineElement Ltr SCXW266832107 BCX0\">\n<p class=\"text-align-justify\"><span class=\"TextRun SCXW266832107 BCX0 NormalTextRun\" lang=\"ES-ES\">Puerto <\/span><span class=\"TextRun SCXW266832107 BCX0 NormalTextRun ContextualSpellingAndGrammarErrorV2Themed\" lang=\"ES-ES\">Plata.-<\/span><span class=\"TextRun SCXW266832107 BCX0 NormalTextRun\" lang=\"ES-ES\"> <strong>El presidente Luis <\/strong><\/span><span class=\"TextRun SCXW266832107 BCX0 NormalTextRun SpellingErrorV2Themed\" lang=\"ES-ES\"><strong>Abinader<\/strong><\/span><span class=\"TextRun SCXW266832107 BCX0 NormalTextRun\" lang=\"ES-ES\"> entreg\u00f3 este lunes las <strong>obras renovadas<\/strong> y la <strong>nueva plaza de vendedores en playa <\/strong><\/span><span class=\"TextRun SCXW266832107 BCX0 NormalTextRun SpellingErrorV2Themed\" lang=\"ES-ES\"><strong>Sos\u00faa<\/strong><\/span><span class=\"TextRun SCXW266832107 BCX0 NormalTextRun\" lang=\"ES-ES\">, marcando el inicio de una transformaci\u00f3n integral orientada a posicionar este destino como <strong>referente del turismo en la Rep\u00fablica Dominicana<\/strong>, mediante un plan estatal que combina <strong>inversi\u00f3n, ordenamiento y desarrollo sostenible.<\/strong><\/span><span class=\"EOP SCXW266832107 BCX0\">\u00a0<\/span><\/p>\n<\/div>\n<div class=\"OutlineElement Ltr SCXW266832107 BCX0\">\n<p class=\"text-align-justify\"><span class=\"TextRun SCXW266832107 BCX0 NormalTextRun\" lang=\"ES\"><\/span><span class=\"TextRun SCXW266832107 BCX0 NormalTextRun\" lang=\"ES-ES\">Durante el acto, el mandatario resalt\u00f3 el <strong>valor<\/strong> <strong>hist\u00f3rico, social y tur\u00edstico<\/strong> de <\/span><span class=\"TextRun SCXW266832107 BCX0 NormalTextRun SpellingErrorV2Themed\" lang=\"ES-ES\">Sos\u00faa<\/span><span class=\"TextRun SCXW266832107 BCX0 NormalTextRun\" lang=\"ES-ES\">, al tiempo que evoc\u00f3 su v\u00ednculo personal con la zona desde la infancia, describi\u00e9ndola como una de las <strong>playas m\u00e1s emblem\u00e1ticas<\/strong> del pa\u00eds. Subray\u00f3 que este proyecto representa<\/span><em><span class=\"TextRun SCXW266832107 BCX0 NormalTextRun\" lang=\"ES-ES\"> \u201cun renacer\u201d<\/span><\/em><span class=\"TextRun SCXW266832107 BCX0 NormalTextRun\" lang=\"ES-ES\"> para el destino, tras <strong>a\u00f1os de desorden urban\u00edstico y deterioro<\/strong> en su imagen.<\/span><span class=\"EOP SCXW266832107 BCX0\">\u00a0<\/span><\/p>\n<\/div>\n<div class=\"OutlineElement Ltr SCXW266832107 BCX0\">\n<p class=\"text-align-justify\"><span class=\"TextRun SCXW266832107 BCX0 NormalTextRun\" lang=\"ES\"><\/span><span class=\"TextRun SCXW266832107 BCX0 NormalTextRun\" lang=\"ES-ES\">Explic\u00f3 que la intervenci\u00f3n no solo contempla la <strong>reorganizaci\u00f3n del frente costero y la dignificaci\u00f3n<\/strong> de los espacios de venta, sino tambi\u00e9n un enfoque integral que incluye <strong>saneamiento ambiental,<\/strong> recuperaci\u00f3n de \u00e1reas p\u00fablicas y <strong>fortalecimiento de la oferta tur\u00edstica<\/strong>. En ese sentido, asegur\u00f3 que el objetivo es convertir a <\/span><span class=\"TextRun SCXW266832107 BCX0 NormalTextRun SpellingErrorV2Themed\" lang=\"ES-ES\">Sos\u00faa<\/span><span class=\"TextRun SCXW266832107 BCX0 NormalTextRun\" lang=\"ES-ES\"> en un destino <strong>familiar, seguro y sostenible.<\/strong><\/span><span class=\"EOP SCXW266832107 BCX0\">\u00a0<\/span><\/p>\n<\/div>\n<div class=\"OutlineElement Ltr SCXW266832107 BCX0\">\n<p class=\"text-align-justify\"><span class=\"TextRun SCXW266832107 BCX0 NormalTextRun\" lang=\"ES\"><\/span><span class=\"TextRun SCXW266832107 BCX0 NormalTextRun\" lang=\"ES\">El jefe de Estado enfatiz\u00f3 que el desarrollo tur\u00edstico debe impactar directamente a todos los sectores, desde vendedores y turoperadores hasta inversionistas y trabajadores locales.<\/span><em><span class=\"TextRun SCXW266832107 BCX0 NormalTextRun\" lang=\"ES\"> \u201cEste es un modelo donde ganamos todos\u201d,<\/span><\/em><span class=\"TextRun SCXW266832107 BCX0 NormalTextRun\" lang=\"ES\"> afirm\u00f3, al destacar que la transformaci\u00f3n permitir\u00e1 <strong>aumentar la llegada de visitantes y dinamizar la econom\u00eda<\/strong> de la zona.<\/span><span class=\"EOP SCXW266832107 BCX0\">\u00a0<\/span><\/p>\n<\/div>\n<p><img decoding=\"async\" src=\"https:\/\/www.presidencia.gob.do\/sites\/default\/files\/inline-images\/Dise%C3%B1o%20sin%20t%C3%ADtulo%20%2833%29.png\" data-entity-uuid=\"d8a9f956-f102-4fb5-accd-2176fd5cf9a6\" data-entity-type=\"file\" width=\"1300\" height=\"730\" loading=\"lazy\">\n<\/p>\n<div class=\"OutlineElement Ltr SCXW266832107 BCX0\">\n<p class=\"text-align-justify\"><span class=\"TextRun SCXW266832107 BCX0 NormalTextRun\" lang=\"ES\"><\/span><span class=\"TextRun SCXW266832107 BCX0 NormalTextRun\" lang=\"ES\">Como parte de la estrategia de relanzamiento, mencion\u00f3 proyectos complementarios como el desarrollo de <strong>Punta Bergant\u00edn<\/strong>, orientado a atraer marcas hoteleras internacionales y fortalecer la promoci\u00f3n del destino en mercados globales. Asimismo, valor\u00f3 la renovaci\u00f3n de infraestructuras hoteleras existentes, lo que contribuir\u00e1 a <strong>elevar los est\u00e1ndares de calidad<\/strong> en la oferta tur\u00edstica.<\/span><span class=\"EOP SCXW266832107 BCX0\">\u00a0<\/span><\/p>\n<\/div>\n<div class=\"OutlineElement Ltr SCXW266832107 BCX0\">\n<p class=\"text-align-justify\"><span class=\"TextRun SCXW266832107 BCX0 NormalTextRun\" lang=\"ES\"><\/span><span class=\"TextRun SCXW266832107 BCX0 NormalTextRun\" lang=\"ES-ES\">En el \u00e1mbito de la salud, anunci\u00f3 la construcci\u00f3n de un <strong>hospital traumatol\u00f3gico en <\/strong><\/span><span class=\"TextRun SCXW266832107 BCX0 NormalTextRun SpellingErrorV2Themed\" lang=\"ES-ES\"><strong>Sos\u00faa<\/strong><\/span><span class=\"TextRun SCXW266832107 BCX0 NormalTextRun\" lang=\"ES-ES\">, cuya entrega est\u00e1 prevista para noviembre de este a\u00f1o. Este centro brindar\u00e1 atenci\u00f3n especializada en emergencias y accidentes, beneficiando a toda la regi\u00f3n Norte.<\/span><span class=\"EOP SCXW266832107 BCX0\">\u00a0<\/span><\/p>\n<\/div>\n<div class=\"OutlineElement Ltr SCXW266832107 BCX0\">\n<p class=\"text-align-justify\"><span class=\"TextRun SCXW266832107 BCX0 NormalTextRun\" lang=\"ES\"><\/span><span class=\"TextRun SCXW266832107 BCX0 NormalTextRun\" lang=\"ES\">Tambi\u00e9n adelant\u00f3 nuevas iniciativas en infraestructura, incluyendo proyectos en proceso de adjudicaci\u00f3n de la <strong>carretera del \u00c1mbar y la modernizaci\u00f3n del telef\u00e9rico<\/strong>. Adem\u00e1s, inform\u00f3 sobre el pr\u00f3ximo lanzamiento de un plan integral para el relanzamiento de <strong>Boca Chica.<\/strong><\/span><span class=\"EOP SCXW266832107 BCX0\">\u00a0<\/span><\/p>\n<\/div>\n<div class=\"OutlineElement Ltr SCXW266832107 BCX0\">\n<p class=\"text-align-justify\"><span class=\"TextRun SCXW266832107 BCX0 NormalTextRun\" lang=\"ES\"><\/span><span class=\"TextRun SCXW266832107 BCX0 NormalTextRun\" lang=\"ES-ES\">El presidente <\/span><span class=\"TextRun SCXW266832107 BCX0 NormalTextRun SpellingErrorV2Themed\" lang=\"ES-ES\">Abinader<\/span><span class=\"TextRun SCXW266832107 BCX0 NormalTextRun\" lang=\"ES-ES\"> destac\u00f3 la importancia de la articulaci\u00f3n entre el <strong>Gobierno, el sector privado y las comunidades<\/strong> para lograr resultados sostenibles. Enfatiz\u00f3 que el progreso del pa\u00eds depende de la capacidad de alcanzar consensos y ejecutar <strong>pol\u00edticas p\u00fablicas<\/strong> que combinen <strong>orden con justicia social.<\/strong><\/span><span class=\"EOP SCXW266832107 BCX0\">\u00a0<\/span><\/p>\n<\/div>\n<p><img decoding=\"async\" src=\"https:\/\/www.presidencia.gob.do\/sites\/default\/files\/inline-images\/Dise%C3%B1o%20sin%20t%C3%ADtulo%20%2835%29.png\" data-entity-uuid=\"69583700-cfd7-4087-8873-4bbc78229e1c\" data-entity-type=\"file\" width=\"1300\" height=\"730\" loading=\"lazy\">\n<\/p>\n<div class=\"OutlineElement Ltr SCXW266832107 BCX0\">\n<p class=\"text-align-justify\"><span class=\"TextRun SCXW266832107 BCX0 NormalTextRun\" lang=\"ES\"><\/span><span class=\"TextRun SCXW266832107 BCX0 NormalTextRun\" lang=\"ES-ES\">Al concluir, agradeci\u00f3 el respaldo de autoridades locales, empresarios, trabajadores del sector tur\u00edstico y residentes, y expres\u00f3 su confianza en que <\/span><span class=\"TextRun SCXW266832107 BCX0 NormalTextRun SpellingErrorV2Themed\" lang=\"ES-ES\">Sos\u00faa<\/span><span class=\"TextRun SCXW266832107 BCX0 NormalTextRun\" lang=\"ES-ES\"> se consolide como un <strong>referente del turismo dominicano renovado.<\/strong><\/span><span class=\"EOP SCXW266832107 BCX0\">\u00a0<\/span><\/p>\n<\/div>\n<div class=\"OutlineElement Ltr SCXW266832107 BCX0\">\n<p class=\"text-align-justify\"><span class=\"TextRun SCXW266832107 BCX0 NormalTextRun\" lang=\"ES\"><\/span><span class=\"TextRun SCXW266832107 BCX0 NormalTextRun\" lang=\"ES\"><strong>Cumplimiento de un proyecto anhelado por d\u00e9cadas<\/strong><\/span><span class=\"EOP SCXW266832107 BCX0\">\u00a0<\/span><\/p>\n<\/div>\n<div class=\"OutlineElement Ltr SCXW266832107 BCX0\">\n<p class=\"text-align-justify\"><span class=\"TextRun SCXW266832107 BCX0 NormalTextRun\" lang=\"ES\"><\/span><span class=\"TextRun SCXW266832107 BCX0 NormalTextRun\" lang=\"ES-ES\">Por su parte, el ministro de la Presidencia, <strong>Jos\u00e9 Ignacio Paliza<\/strong>, destac\u00f3 el valor <strong>hist\u00f3rico y emocional<\/strong> de playa <\/span><span class=\"TextRun SCXW266832107 BCX0 NormalTextRun SpellingErrorV2Themed\" lang=\"ES-ES\">Sos\u00faa<\/span><span class=\"TextRun SCXW266832107 BCX0 NormalTextRun\" lang=\"ES-ES\">, resaltando que este destino ha sido parte esencial de la vida y los recuerdos de generaciones de dominicanos. Asimismo, reconoci\u00f3 la dedicaci\u00f3n de los hombres y mujeres que han mantenido viva su actividad y esencia a lo largo del tiempo.<\/span><span class=\"EOP SCXW266832107 BCX0\">\u00a0<\/span><\/p>\n<\/div>\n<div class=\"OutlineElement Ltr SCXW266832107 BCX0\">\n<p class=\"text-align-justify\"><span class=\"TextRun SCXW266832107 BCX0 NormalTextRun\" lang=\"ES\"><\/span><span class=\"TextRun SCXW266832107 BCX0 NormalTextRun\" lang=\"ES-ES\">Afirm\u00f3 que el relanzamiento representa el cumplimiento de un proyecto anhelado por d\u00e9cadas, logrado gracias al impulso del <strong>gobierno del presidente Luis <\/strong><\/span><span class=\"TextRun SCXW266832107 BCX0 NormalTextRun SpellingErrorV2Themed\" lang=\"ES-ES\"><strong>Abinader<\/strong><\/span><span class=\"TextRun SCXW266832107 BCX0 NormalTextRun\" lang=\"ES-ES\"> y al trabajo coordinado con el ministro de Turismo, <strong>David Collado,<\/strong> quienes apostaron por devolverle a <\/span><span class=\"TextRun SCXW266832107 BCX0 NormalTextRun SpellingErrorV2Themed\" lang=\"ES-ES\">Sos\u00faa<\/span><span class=\"TextRun SCXW266832107 BCX0 NormalTextRun\" lang=\"ES-ES\"> su esplendor mediante una intervenci\u00f3n <strong>planificada y sostenible<\/strong>.<\/span><span class=\"EOP SCXW266832107 BCX0\">\u00a0<\/span><\/p>\n<\/div>\n<div class=\"OutlineElement Ltr SCXW266832107 BCX0\">\n<p class=\"text-align-justify\"><span class=\"TextRun SCXW266832107 BCX0 NormalTextRun\" lang=\"ES\"><\/span><span class=\"TextRun SCXW266832107 BCX0 NormalTextRun\" lang=\"ES-ES\">Paliza defini\u00f3 esta transformaci\u00f3n como un renacer y un reencuentro para el pa\u00eds, subrayando que <\/span><span class=\"TextRun SCXW266832107 BCX0 NormalTextRun SpellingErrorV2Themed\" lang=\"ES-ES\">Sos\u00faa<\/span><span class=\"TextRun SCXW266832107 BCX0 NormalTextRun\" lang=\"ES-ES\"> reafirma su identidad como <strong>punto de encuentro de culturas y destino emblem\u00e1tico,<\/strong> celebrando este momento como el regreso al <\/span><span class=\"TextRun SCXW266832107 BCX0 NormalTextRun SpellingErrorV2Themed\" lang=\"ES-ES\">Sos\u00faa<\/span><span class=\"TextRun SCXW266832107 BCX0 NormalTextRun\" lang=\"ES-ES\"> so\u00f1ado por toda la comunidad y por quienes visitan este importante polo tur\u00edstico.<\/span><span class=\"EOP SCXW266832107 BCX0\">\u00a0<\/span><\/p>\n<\/div>\n<p><img decoding=\"async\" src=\"https:\/\/www.presidencia.gob.do\/sites\/default\/files\/inline-images\/Dise%C3%B1o%20sin%20t%C3%ADtulo%20%2834%29_0.png\" data-entity-uuid=\"180cb2ee-8932-4c60-980c-ccfd4c3a7ddb\" data-entity-type=\"file\" width=\"1300\" height=\"730\" loading=\"lazy\">\n<\/p>\n<div class=\"OutlineElement Ltr SCXW266832107 BCX0\">\n<p class=\"text-align-justify\"><span class=\"TextRun SCXW266832107 BCX0 NormalTextRun\" lang=\"ES\"><\/span><span class=\"TextRun SCXW266832107 BCX0 NormalTextRun\" lang=\"ES\"><strong>Turismo m\u00e1s inclusivo y ordenado<\/strong><\/span><span class=\"EOP SCXW266832107 BCX0\">\u00a0<\/span><\/p>\n<\/div>\n<div class=\"OutlineElement Ltr SCXW266832107 BCX0\">\n<p class=\"text-align-justify\"><span class=\"TextRun SCXW266832107 BCX0 NormalTextRun\" lang=\"ES\"><\/span><span class=\"TextRun SCXW266832107 BCX0 NormalTextRun\" lang=\"ES-ES\">El ministro de Turismo, <strong>David Collado,<\/strong> afirm\u00f3 que el relanzamiento de <\/span><span class=\"TextRun SCXW266832107 BCX0 NormalTextRun SpellingErrorV2Themed\" lang=\"ES-ES\">Sos\u00faa<\/span><span class=\"TextRun SCXW266832107 BCX0 NormalTextRun\" lang=\"ES-ES\"> responde a una visi\u00f3n de rescatar espacios p\u00fablicos y ponerlos al servicio de la gente, promoviendo un <strong>turismo m\u00e1s inclusivo y ordenado.<\/strong><\/span><span class=\"EOP SCXW266832107 BCX0\">\u00a0<\/span><\/p>\n<\/div>\n<div class=\"OutlineElement Ltr SCXW266832107 BCX0\">\n<p class=\"text-align-justify\"><span class=\"TextRun SCXW266832107 BCX0 NormalTextRun\" lang=\"ES\"><\/span>D<span class=\"TextRun SCXW266832107 BCX0 NormalTextRun\" lang=\"ES\">estac\u00f3 que el proyecto, con una inversi\u00f3n cercana a los <strong>10 millones de d\u00f3lares,<\/strong> equivalentes a unos <strong>RD 568 millones<\/strong>, permiti\u00f3 recuperar el entorno, dignificar a los vendedores y fortalecer la oferta tur\u00edstica, garantizando <strong>mejores condiciones y oportunidades<\/strong> para quienes dependen de esta actividad.<\/span><span class=\"EOP SCXW266832107 BCX0\">\u00a0<\/span><\/p>\n<\/div>\n<div class=\"OutlineElement Ltr SCXW266832107 BCX0\">\n<p class=\"text-align-justify\"><span class=\"TextRun SCXW266832107 BCX0 NormalTextRun\" lang=\"ES\"><\/span><span class=\"TextRun SCXW266832107 BCX0 NormalTextRun\" lang=\"ES\">Indic\u00f3 que estas acciones forman parte de un plan nacional que ha impactado playas y malecones en todo el pa\u00eds, con m\u00e1s de <strong>RD 2,000 millones<\/strong> invertidos en <strong>Puerto Plata, <\/strong>como parte del compromiso con el desarrollo del destino.<\/span><span class=\"EOP SCXW266832107 BCX0\">\u00a0<\/span><\/p>\n<\/div>\n<div class=\"OutlineElement Ltr SCXW266832107 BCX0\">\n<p class=\"text-align-justify\"><span class=\"TextRun SCXW266832107 BCX0 NormalTextRun\" lang=\"ES\"><\/span><span class=\"TextRun SCXW266832107 BCX0 NormalTextRun\" lang=\"ES\">Asimismo, asegur\u00f3 que la Rep\u00fablica Dominicana vive un <strong>momento hist\u00f3rico en turismo, <\/strong>con cifras r\u00e9cord de visitantes y nuevas rutas a\u00e9reas, respaldadas por la estabilidad y la <strong>alianza p\u00fablico-privada.<\/strong><\/span><span class=\"EOP SCXW266832107 BCX0\">\u00a0<\/span><\/p>\n<\/div>\n<div class=\"OutlineElement Ltr SCXW266832107 BCX0\">\n<p class=\"text-align-justify\"><span class=\"TextRun SCXW266832107 BCX0 NormalTextRun\" lang=\"ES\"><\/span><span class=\"TextRun SCXW266832107 BCX0 NormalTextRun\" lang=\"ES\">El proyecto incorpora <strong>79 locales comerciales<\/strong>: 57 destinados a la preparaci\u00f3n y venta de alimentos, 16 a la comercializaci\u00f3n de artesan\u00eda y regalos, adem\u00e1s de 2 bares y 4 quioscos, buscando <strong>diversificar la experiencia<\/strong> <strong>del visitante<\/strong> y fortalecer la econom\u00eda local.<\/span><span class=\"EOP SCXW266832107 BCX0\">\u00a0<\/span><\/p>\n<\/div>\n<p><img decoding=\"async\" src=\"https:\/\/www.presidencia.gob.do\/sites\/default\/files\/inline-images\/Dise%C3%B1o%20sin%20t%C3%ADtulo%20%2837%29_0.png\" data-entity-uuid=\"14bb2b78-a6cb-4e88-be75-267e3fbac4ba\" data-entity-type=\"file\" width=\"1300\" height=\"730\" loading=\"lazy\">\n<\/p>\n<div class=\"OutlineElement Ltr SCXW266832107 BCX0\">\n<p class=\"text-align-justify\"><span class=\"TextRun SCXW266832107 BCX0 NormalTextRun\" lang=\"ES\"><\/span><span class=\"TextRun SCXW266832107 BCX0 NormalTextRun\" lang=\"ES\">Adem\u00e1s de la oferta comercial, incluye un parque comunitario, gimnasio al aire libre, ba\u00f1os p\u00fablicos y \u00e1reas de esparcimiento, promoviendo su uso tanto por residentes como por visitantes.<\/span><span class=\"EOP SCXW266832107 BCX0\">\u00a0<\/span><\/p>\n<\/div>\n<div class=\"OutlineElement Ltr SCXW266832107 BCX0\">\n<p class=\"text-align-justify\"><span class=\"TextRun SCXW266832107 BCX0 NormalTextRun\" lang=\"ES\"><\/span><span class=\"TextRun SCXW266832107 BCX0 NormalTextRun\" lang=\"ES\">Los locales <strong>fueron entregados equipados<\/strong> con estufas, refrigeradores, extractores y fregaderos, mientras que las \u00e1reas comunes cuentan con mobiliario urbano, sistemas de seguridad y manejo de desechos, garantizando <strong>condiciones \u00f3ptimas de operaci\u00f3n y sostenibilidad.<\/strong><\/span><span class=\"EOP SCXW266832107 BCX0\">\u00a0<\/span><\/p>\n<\/div>\n<div class=\"OutlineElement Ltr SCXW266832107 BCX0\">\n<p class=\"text-align-justify\"><span class=\"TextRun SCXW266832107 BCX0 NormalTextRun\" lang=\"ES\"><\/span><span class=\"TextRun SCXW266832107 BCX0 NormalTextRun\" lang=\"ES\">Representantes de la asociaci\u00f3n de vendedores valoraron la ejecuci\u00f3n de la obra, destacando su impacto positivo en la <strong>organizaci\u00f3n del comercio y el desarrollo tur\u00edstico, <\/strong>as\u00ed como la <strong>transparencia del proceso.<\/strong><\/span><span class=\"EOP SCXW266832107 BCX0\">\u00a0<\/span><\/p>\n<\/div>\n<div class=\"OutlineElement Ltr SCXW266832107 BCX0\">\n<p class=\"text-align-justify\"><span class=\"TextRun SCXW266832107 BCX0 NormalTextRun\" lang=\"ES\"><\/span><span class=\"TextRun SCXW266832107 BCX0 NormalTextRun\" lang=\"ES\"><strong>Entrega de reconocimiento<\/strong><\/span><span class=\"EOP SCXW266832107 BCX0\">\u00a0<\/span><\/p>\n<\/div>\n<div class=\"OutlineElement Ltr SCXW266832107 BCX0\">\n<p class=\"text-align-justify\"><span class=\"TextRun SCXW266832107 BCX0 NormalTextRun\" lang=\"ES\"><\/span><span class=\"TextRun SCXW266832107 BCX0 NormalTextRun\" lang=\"ES-ES\">La <strong>Asociaci\u00f3n de Playa <\/strong><\/span><span class=\"TextRun SCXW266832107 BCX0 NormalTextRun SpellingErrorV2Themed\" lang=\"ES-ES\"><strong>Sos\u00faa<\/strong><\/span><span class=\"TextRun SCXW266832107 BCX0 NormalTextRun\" lang=\"ES-ES\"> otorg\u00f3 un reconocimiento al presidente Luis <\/span><span class=\"TextRun SCXW266832107 BCX0 NormalTextRun SpellingErrorV2Themed\" lang=\"ES-ES\">Abinader<\/span><span class=\"TextRun SCXW266832107 BCX0 NormalTextRun\" lang=\"ES-ES\">, destacando su <strong>compromiso y visi\u00f3n<\/strong> para el desarrollo del destino tur\u00edstico.<\/span><span class=\"EOP SCXW266832107 BCX0\">\u00a0<\/span><\/p>\n<\/div>\n<div class=\"OutlineElement Ltr SCXW266832107 BCX0\">\n<p class=\"text-align-justify\"><span class=\"TextRun SCXW266832107 BCX0 NormalTextRun\" lang=\"ES\"><\/span><span class=\"TextRun SCXW266832107 BCX0 NormalTextRun\" lang=\"ES-ES\">Seg\u00fan el texto de la placa, la distinci\u00f3n resalta el impulso a la construcci\u00f3n de una nueva plaza destinada a los trabajadores playeros, as\u00ed como las acciones orientadas a fortalecer el <strong>turismo, la econom\u00eda local y el bienestar<\/strong> de las familias de <\/span><span class=\"TextRun SCXW266832107 BCX0 NormalTextRun SpellingErrorV2Themed\" lang=\"ES-ES\">Sos\u00faa<\/span><span class=\"TextRun SCXW266832107 BCX0 NormalTextRun\" lang=\"ES-ES\">.<\/span><span class=\"EOP SCXW266832107 BCX0\">\u00a0<\/span><\/p>\n<\/div>\n<div class=\"OutlineElement Ltr SCXW266832107 BCX0\">\n<p class=\"text-align-justify\"><span class=\"TextRun SCXW266832107 BCX0 NormalTextRun\" lang=\"ES\"><\/span><span class=\"TextRun SCXW266832107 BCX0 NormalTextRun\" lang=\"ES\">El reconocimiento tambi\u00e9n expresa que estas iniciativas dejan una huella significativa en el <strong>progreso y la dignidad<\/strong> de la comunidad, valorando el <strong>impacto social <\/strong>de las obras ejecutadas en la zona.<\/span><span class=\"EOP SCXW266832107 BCX0\">\u00a0<\/span><\/p>\n<\/div>\n<div class=\"OutlineElement Ltr SCXW266832107 BCX0\">\n<p class=\"text-align-justify\"><span class=\"TextRun SCXW266832107 BCX0 NormalTextRun\" lang=\"ES\"><\/span><span class=\"TextRun SCXW266832107 BCX0 NormalTextRun\" lang=\"ES\">La entrega fue realizada como muestra de gratitud y respeto por los <strong>aportes realizados <\/strong>en favor del desarrollo integral del destino.<\/span><span class=\"EOP SCXW266832107 BCX0\">\u00a0<\/span><\/p>\n<\/div>\n<div class=\"OutlineElement Ltr SCXW266832107 BCX0\">\n<p class=\"text-align-justify\"><span class=\"TextRun SCXW266832107 BCX0 NormalTextRun\" lang=\"ES\"><\/span><span class=\"TextRun SCXW266832107 BCX0 NormalTextRun\" lang=\"ES-ES\">Estuvieron presentes en el acto la gobernadora <strong>Claritza <\/strong><\/span><span class=\"TextRun SCXW266832107 BCX0 NormalTextRun SpellingErrorV2Themed\" lang=\"ES-ES\"><strong>Rochtte<\/strong><\/span><span class=\"TextRun SCXW266832107 BCX0 NormalTextRun\" lang=\"ES-ES\"><strong> Peralta<\/strong>; la senadora <\/span><span class=\"TextRun SCXW266832107 BCX0 NormalTextRun SpellingErrorV2Themed\" lang=\"ES-ES\"><strong>Ginette<\/strong><\/span><span class=\"TextRun SCXW266832107 BCX0 NormalTextRun\" lang=\"ES-ES\"><strong> <\/strong><\/span><span class=\"TextRun SCXW266832107 BCX0 NormalTextRun SpellingErrorV2Themed\" lang=\"ES-ES\"><strong>Bournigal<\/strong><\/span><span class=\"TextRun SCXW266832107 BCX0 NormalTextRun\" lang=\"ES-ES\">; el alcalde <strong>Wilfredo <\/strong><\/span><span class=\"TextRun SCXW266832107 BCX0 NormalTextRun SpellingErrorV2Themed\" lang=\"ES-ES\"><strong>Olivences<\/strong><\/span><span class=\"TextRun SCXW266832107 BCX0 NormalTextRun\" lang=\"ES-ES\">; el presidente de la Direcci\u00f3n Nacional de Control de Drogas (DNCD), <strong>vicealmirante Jos\u00e9 Manuel Cabrera Ulloa<\/strong>; el director de la Polic\u00eda Tur\u00edstica (<\/span><span class=\"TextRun SCXW266832107 BCX0 NormalTextRun SpellingErrorV2Themed\" lang=\"ES-ES\">Politur<\/span><span class=\"TextRun SCXW266832107 BCX0 NormalTextRun\" lang=\"ES-ES\">), <strong>general <\/strong><\/span><span class=\"TextRun SCXW266832107 BCX0 NormalTextRun SpellingErrorV2Themed\" lang=\"ES-ES\"><strong>Minoru<\/strong><\/span><span class=\"TextRun SCXW266832107 BCX0 NormalTextRun\" lang=\"ES-ES\"><strong> <\/strong><\/span><span class=\"TextRun SCXW266832107 BCX0 NormalTextRun SpellingErrorV2Themed\" lang=\"ES-ES\"><strong>Matsunaga<\/strong><\/span><span class=\"TextRun SCXW266832107 BCX0 NormalTextRun\" lang=\"ES-ES\">; la fiscal <strong>Hilda Patricia <\/strong><\/span><span class=\"TextRun SCXW266832107 BCX0 NormalTextRun SpellingErrorV2Themed\" lang=\"ES-ES\"><strong>Lagombra<\/strong><\/span><span class=\"TextRun SCXW266832107 BCX0 NormalTextRun\" lang=\"ES-ES\"><strong> Polanco<\/strong>; el alcalde de Puerto Plata, <\/span><span class=\"TextRun SCXW266832107 BCX0 NormalTextRun SpellingErrorV2Themed\" lang=\"ES-ES\"><strong>Di\u00f3medes<\/strong><\/span><span class=\"TextRun SCXW266832107 BCX0 NormalTextRun\" lang=\"ES-ES\"><strong> Roque<\/strong>, y los diputados <\/span><span class=\"TextRun SCXW266832107 BCX0 NormalTextRun SpellingErrorV2Themed\" lang=\"ES-ES\"><strong>Fiordaliza<\/strong><\/span><span class=\"TextRun SCXW266832107 BCX0 NormalTextRun\" lang=\"ES-ES\"><strong> Est\u00e9vez, Lidia P\u00e9rez, <\/strong><\/span><span class=\"TextRun SCXW266832107 BCX0 NormalTextRun SpellingErrorV2Themed\" lang=\"ES-ES\"><strong>Jhonny<\/strong><\/span><span class=\"TextRun SCXW266832107 BCX0 NormalTextRun\" lang=\"ES-ES\"><strong> Medina y Emil Dur\u00e1n<\/strong>, as\u00ed como el pastor <strong>Hip\u00f3lito Chalas, <\/strong>entre otras personalidades.<\/span><span class=\"EOP SCXW266832107 BCX0\">\u00a0<\/span><\/p>\n<\/div>\n<div class=\"OutlineElement Ltr SCXW266832107 BCX0\">\n<p class=\"text-align-justify\"><span class=\"TextRun SCXW266832107 BCX0 NormalTextRun\" lang=\"ES\"><\/span><span class=\"EOP SCXW266832107 BCX0\">\u00a0<\/span><\/p>\n<\/div>\n<\/div>\n<div class=\"field field--name-field-image field--type-image field--label-hidden field__item\">  <img decoding=\"async\" loading=\"lazy\" src=\"https:\/\/www.presidencia.gob.do\/sites\/default\/files\/news\/2026-04\/Dise%C3%B1o%20sin%20t%C3%ADtulo%20%2836%29.png\" width=\"1300\" height=\"730\" alt=\"Sos\u00faa\"><\/p>\n<\/div>\n<p>\u00a0Presidente Abinader entrega obras de renovaci\u00f3n de la playa Sos\u00faa y su plaza de vendedores<br \/>\nrosahenriquez<br \/>\n27 de  Abril 2026 | 15:31<\/p>\n<p>Puerto Plata.- El presidente Luis Abinader entreg\u00f3 este lunes las obras renovadas y la nueva plaza de vendedores en playa Sos\u00faa, marcando el inicio de una transformaci\u00f3n integral orientada a posicionar este destino como referente del turismo en la Rep\u00fablica Dominicana, mediante un plan estatal que combina inversi\u00f3n, ordenamiento y desarrollo sostenible.\u00a0<\/p>\n<p>Durante el acto, el mandatario resalt\u00f3 el valor hist\u00f3rico, social y tur\u00edstico de Sos\u00faa, al tiempo que evoc\u00f3 su v\u00ednculo personal con la zona desde la infancia, describi\u00e9ndola como una de las playas m\u00e1s emblem\u00e1ticas del pa\u00eds. Subray\u00f3 que este proyecto representa \u201cun renacer\u201d para el destino, tras a\u00f1os de desorden urban\u00edstico y deterioro en su imagen.\u00a0<\/p>\n<p>Explic\u00f3 que la intervenci\u00f3n no solo contempla la reorganizaci\u00f3n del frente costero y la dignificaci\u00f3n de los espacios de venta, sino tambi\u00e9n un enfoque integral que incluye saneamiento ambiental, recuperaci\u00f3n de \u00e1reas p\u00fablicas y fortalecimiento de la oferta tur\u00edstica. En ese sentido, asegur\u00f3 que el objetivo es convertir a Sos\u00faa en un destino familiar, seguro y sostenible.\u00a0<\/p>\n<p>El jefe de Estado enfatiz\u00f3 que el desarrollo tur\u00edstico debe impactar directamente a todos los sectores, desde vendedores y turoperadores hasta inversionistas y trabajadores locales. \u201cEste es un modelo donde ganamos todos\u201d, afirm\u00f3, al destacar que la transformaci\u00f3n permitir\u00e1 aumentar la llegada de visitantes y dinamizar la econom\u00eda de la zona.\u00a0<\/p>\n<p>Como parte de la estrategia de relanzamiento, mencion\u00f3 proyectos complementarios como el desarrollo de Punta Bergant\u00edn, orientado a atraer marcas hoteleras internacionales y fortalecer la promoci\u00f3n del destino en mercados globales. Asimismo, valor\u00f3 la renovaci\u00f3n de infraestructuras hoteleras existentes, lo que contribuir\u00e1 a elevar los est\u00e1ndares de calidad en la oferta tur\u00edstica.\u00a0<\/p>\n<p>En el \u00e1mbito de la salud, anunci\u00f3 la construcci\u00f3n de un hospital traumatol\u00f3gico en Sos\u00faa, cuya entrega est\u00e1 prevista para noviembre de este a\u00f1o. Este centro brindar\u00e1 atenci\u00f3n especializada en emergencias y accidentes, beneficiando a toda la regi\u00f3n Norte.\u00a0<\/p>\n<p>Tambi\u00e9n adelant\u00f3 nuevas iniciativas en infraestructura, incluyendo proyectos en proceso de adjudicaci\u00f3n de la carretera del \u00c1mbar y la modernizaci\u00f3n del telef\u00e9rico. Adem\u00e1s, inform\u00f3 sobre el pr\u00f3ximo lanzamiento de un plan integral para el relanzamiento de Boca Chica.\u00a0<\/p>\n<p>El presidente Abinader destac\u00f3 la importancia de la articulaci\u00f3n entre el Gobierno, el sector privado y las comunidades para lograr resultados sostenibles. Enfatiz\u00f3 que el progreso del pa\u00eds depende de la capacidad de alcanzar consensos y ejecutar pol\u00edticas p\u00fablicas que combinen orden con justicia social.\u00a0<\/p>\n<p>Al concluir, agradeci\u00f3 el respaldo de autoridades locales, empresarios, trabajadores del sector tur\u00edstico y residentes, y expres\u00f3 su confianza en que Sos\u00faa se consolide como un referente del turismo dominicano renovado.\u00a0<\/p>\n<p>Cumplimiento de un proyecto anhelado por d\u00e9cadas\u00a0<\/p>\n<p>Por su parte, el ministro de la Presidencia, Jos\u00e9 Ignacio Paliza, destac\u00f3 el valor hist\u00f3rico y emocional de playa Sos\u00faa, resaltando que este destino ha sido parte esencial de la vida y los recuerdos de generaciones de dominicanos. Asimismo, reconoci\u00f3 la dedicaci\u00f3n de los hombres y mujeres que han mantenido viva su actividad y esencia a lo largo del tiempo.\u00a0<\/p>\n<p>Afirm\u00f3 que el relanzamiento representa el cumplimiento de un proyecto anhelado por d\u00e9cadas, logrado gracias al impulso del gobierno del presidente Luis Abinader y al trabajo coordinado con el ministro de Turismo, David Collado, quienes apostaron por devolverle a Sos\u00faa su esplendor mediante una intervenci\u00f3n planificada y sostenible.\u00a0<\/p>\n<p>Paliza defini\u00f3 esta transformaci\u00f3n como un renacer y un reencuentro para el pa\u00eds, subrayando que Sos\u00faa reafirma su identidad como punto de encuentro de culturas y destino emblem\u00e1tico, celebrando este momento como el regreso al Sos\u00faa so\u00f1ado por toda la comunidad y por quienes visitan este importante polo tur\u00edstico.\u00a0<\/p>\n<p>Turismo m\u00e1s inclusivo y ordenado\u00a0<\/p>\n<p>El ministro de Turismo, David Collado, afirm\u00f3 que el relanzamiento de Sos\u00faa responde a una visi\u00f3n de rescatar espacios p\u00fablicos y ponerlos al servicio de la gente, promoviendo un turismo m\u00e1s inclusivo y ordenado.\u00a0<\/p>\n<p>Destac\u00f3 que el proyecto, con una inversi\u00f3n cercana a los 10 millones de d\u00f3lares, equivalentes a unos RD 568 millones, permiti\u00f3 recuperar el entorno, dignificar a los vendedores y fortalecer la oferta tur\u00edstica, garantizando mejores condiciones y oportunidades para quienes dependen de esta actividad.\u00a0<\/p>\n<p>Indic\u00f3 que estas acciones forman parte de un plan nacional que ha impactado playas y malecones en todo el pa\u00eds, con m\u00e1s de RD 2,000 millones invertidos en Puerto Plata, como parte del compromiso con el desarrollo del destino.\u00a0<\/p>\n<p>Asimismo, asegur\u00f3 que la Rep\u00fablica Dominicana vive un momento hist\u00f3rico en turismo, con cifras r\u00e9cord de visitantes y nuevas rutas a\u00e9reas, respaldadas por la estabilidad y la alianza p\u00fablico-privada.\u00a0<\/p>\n<p>El proyecto incorpora 79 locales comerciales: 57 destinados a la preparaci\u00f3n y venta de alimentos, 16 a la comercializaci\u00f3n de artesan\u00eda y regalos, adem\u00e1s de 2 bares y 4 quioscos, buscando diversificar la experiencia del visitante y fortalecer la econom\u00eda local.\u00a0<\/p>\n<p>Adem\u00e1s de la oferta comercial, incluye un parque comunitario, gimnasio al aire libre, ba\u00f1os p\u00fablicos y \u00e1reas de esparcimiento, promoviendo su uso tanto por residentes como por visitantes.\u00a0<\/p>\n<p>Los locales fueron entregados equipados con estufas, refrigeradores, extractores y fregaderos, mientras que las \u00e1reas comunes cuentan con mobiliario urbano, sistemas de seguridad y manejo de desechos, garantizando condiciones \u00f3ptimas de operaci\u00f3n y sostenibilidad.\u00a0<\/p>\n<p>Representantes de la asociaci\u00f3n de vendedores valoraron la ejecuci\u00f3n de la obra, destacando su impacto positivo en la organizaci\u00f3n del comercio y el desarrollo tur\u00edstico, as\u00ed como la transparencia del proceso.\u00a0<\/p>\n<p>Entrega de reconocimiento\u00a0<\/p>\n<p>La Asociaci\u00f3n de Playa Sos\u00faa otorg\u00f3 un reconocimiento al presidente Luis Abinader, destacando su compromiso y visi\u00f3n para el desarrollo del destino tur\u00edstico.\u00a0<\/p>\n<p>Seg\u00fan el texto de la placa, la distinci\u00f3n resalta el impulso a la construcci\u00f3n de una nueva plaza destinada a los trabajadores playeros, as\u00ed como las acciones orientadas a fortalecer el turismo, la econom\u00eda local y el bienestar de las familias de Sos\u00faa.\u00a0<\/p>\n<p>El reconocimiento tambi\u00e9n expresa que estas iniciativas dejan una huella significativa en el progreso y la dignidad de la comunidad, valorando el impacto social de las obras ejecutadas en la zona.\u00a0<\/p>\n<p>La entrega fue realizada como muestra de gratitud y respeto por los aportes realizados en favor del desarrollo integral del destino.\u00a0<\/p>\n<p>Estuvieron presentes en el acto la gobernadora Claritza Rochtte Peralta; la senadora Ginette Bournigal; el alcalde Wilfredo Olivences; el presidente de la Direcci\u00f3n Nacional de Control de Drogas (DNCD), vicealmirante Jos\u00e9 Manuel Cabrera Ulloa; el director de la Polic\u00eda Tur\u00edstica (Politur), general Minoru Matsunaga; la fiscal Hilda Patricia Lagombra Polanco; el alcalde de Puerto Plata, Di\u00f3medes Roque, y los diputados Fiordaliza Est\u00e9vez, Lidia P\u00e9rez, Jhonny Medina y Emil Dur\u00e1n, as\u00ed como el pastor Hip\u00f3lito Chalas, entre otras personalidades.\u00a0<\/p>\n<p>\u00a0\u00a0\u00a0\u00a0<\/p>\n","protected":false},"excerpt":{"rendered":"<p>Presidente Abinader entrega obras de renovaci\u00f3n de la playa Sos\u00faa y su plaza de vendedores rosahenriquez 27 de Abril 2026 | 15:31 Puerto Plata.- El presidente Luis Abinader entreg\u00f3 este lunes las obras renovadas y la nueva plaza de vendedores en playa Sos\u00faa, marcando el inicio de una transformaci\u00f3n integral orientada a posicionar este destino [&hellip;]<\/p>\n","protected":false},"author":1,"featured_media":25112,"comment_status":"open","ping_status":"open","sticky":false,"template":"","format":"standard","meta":{"amp_status":"","footnotes":""},"categories":[8],"tags":[],"class_list":["post-25111","post","type-post","status-publish","format-standard","has-post-thumbnail","hentry","category-republica"],"_links":{"self":[{"href":"https:\/\/ermdigital.com\/index.php\/wp-json\/wp\/v2\/posts\/25111","targetHints":{"allow":["GET"]}}],"collection":[{"href":"https:\/\/ermdigital.com\/index.php\/wp-json\/wp\/v2\/posts"}],"about":[{"href":"https:\/\/ermdigital.com\/index.php\/wp-json\/wp\/v2\/types\/post"}],"author":[{"embeddable":true,"href":"https:\/\/ermdigital.com\/index.php\/wp-json\/wp\/v2\/users\/1"}],"replies":[{"embeddable":true,"href":"https:\/\/ermdigital.com\/index.php\/wp-json\/wp\/v2\/comments?post=25111"}],"version-history":[{"count":0,"href":"https:\/\/ermdigital.com\/index.php\/wp-json\/wp\/v2\/posts\/25111\/revisions"}],"wp:featuredmedia":[{"embeddable":true,"href":"https:\/\/ermdigital.com\/index.php\/wp-json\/wp\/v2\/media\/25112"}],"wp:attachment":[{"href":"https:\/\/ermdigital.com\/index.php\/wp-json\/wp\/v2\/media?parent=25111"}],"wp:term":[{"taxonomy":"category","embeddable":true,"href":"https:\/\/ermdigital.com\/index.php\/wp-json\/wp\/v2\/categories?post=25111"},{"taxonomy":"post_tag","embeddable":true,"href":"https:\/\/ermdigital.com\/index.php\/wp-json\/wp\/v2\/tags?post=25111"}],"curies":[{"name":"wp","href":"https:\/\/api.w.org\/{rel}","templated":true}]}}