{"id":25099,"date":"2026-04-27T15:25:43","date_gmt":"2026-04-27T19:25:43","guid":{"rendered":"https:\/\/ermdigital.com\/index.php\/2026\/04\/27\/continuamos-muriendo-caneros-protestan-por-su-pension\/"},"modified":"2026-04-27T15:25:43","modified_gmt":"2026-04-27T19:25:43","slug":"continuamos-muriendo-caneros-protestan-por-su-pension","status":"publish","type":"post","link":"https:\/\/ermdigital.com\/index.php\/2026\/04\/27\/continuamos-muriendo-caneros-protestan-por-su-pension\/","title":{"rendered":"\u201cContinuamos muriendo\u201d: ca\u00f1eros protestan por su pensi\u00f3n\u00a0"},"content":{"rendered":"<p>&lt;![CDATA[<\/p>\n<p>Un grupo de ca\u00f1eros se manifest\u00f3 este lunes frente al Palacio Nacional para exigir al Gobierno <b>la entrega de pensiones<\/b> que, seg\u00fan denuncia, lleva\u00a0<b>m\u00e1s de cinco a\u00f1os<\/b>\u00a0sin obtener todav\u00eda una respuesta.<\/p>\n<p><a href=\"https:\/\/listindiario.com\/la-republica\/20260427\/continuamos-muriendo-jubilados-protestaron-reclamo-pensiones_903449.html\">wf_cms.rss.read_more<\/a><\/p>\n<p>]]&gt;<\/p>\n<p>\u200bLos manifestantes aseguraron haber dedicado entre 20 y 30 a\u00f1os de trabajo, sin que hasta el momento se les haya garantizado una pensi\u00f3n que les permita cubrir sus necesidades b\u00e1sicas.\u00a0\u00a0La Rep\u00fablica\u00a0<\/p>\n","protected":false},"excerpt":{"rendered":"<p>&lt;![CDATA[ Un grupo de ca\u00f1eros se manifest\u00f3 este lunes frente al Palacio Nacional para exigir al Gobierno la entrega de pensiones que, seg\u00fan denuncia, lleva\u00a0m\u00e1s de cinco a\u00f1os\u00a0sin obtener todav\u00eda una respuesta. wf_cms.rss.read_more ]]&gt; \u200bLos manifestantes aseguraron haber dedicado entre 20 y 30 a\u00f1os de trabajo, sin que hasta el momento se les haya garantizado [&hellip;]<\/p>\n","protected":false},"author":1,"featured_media":25100,"comment_status":"open","ping_status":"open","sticky":false,"template":"","format":"standard","meta":{"amp_status":"","footnotes":""},"categories":[5],"tags":[],"class_list":["post-25099","post","type-post","status-publish","format-standard","has-post-thumbnail","hentry","category-politica"],"_links":{"self":[{"href":"https:\/\/ermdigital.com\/index.php\/wp-json\/wp\/v2\/posts\/25099","targetHints":{"allow":["GET"]}}],"collection":[{"href":"https:\/\/ermdigital.com\/index.php\/wp-json\/wp\/v2\/posts"}],"about":[{"href":"https:\/\/ermdigital.com\/index.php\/wp-json\/wp\/v2\/types\/post"}],"author":[{"embeddable":true,"href":"https:\/\/ermdigital.com\/index.php\/wp-json\/wp\/v2\/users\/1"}],"replies":[{"embeddable":true,"href":"https:\/\/ermdigital.com\/index.php\/wp-json\/wp\/v2\/comments?post=25099"}],"version-history":[{"count":0,"href":"https:\/\/ermdigital.com\/index.php\/wp-json\/wp\/v2\/posts\/25099\/revisions"}],"wp:featuredmedia":[{"embeddable":true,"href":"https:\/\/ermdigital.com\/index.php\/wp-json\/wp\/v2\/media\/25100"}],"wp:attachment":[{"href":"https:\/\/ermdigital.com\/index.php\/wp-json\/wp\/v2\/media?parent=25099"}],"wp:term":[{"taxonomy":"category","embeddable":true,"href":"https:\/\/ermdigital.com\/index.php\/wp-json\/wp\/v2\/categories?post=25099"},{"taxonomy":"post_tag","embeddable":true,"href":"https:\/\/ermdigital.com\/index.php\/wp-json\/wp\/v2\/tags?post=25099"}],"curies":[{"name":"wp","href":"https:\/\/api.w.org\/{rel}","templated":true}]}}