{"id":25097,"date":"2026-04-27T15:53:59","date_gmt":"2026-04-27T19:53:59","guid":{"rendered":"https:\/\/ermdigital.com\/index.php\/2026\/04\/27\/defensa-de-antonio-espaillat-denuncia-trabas-del-ministerio-publico-en-peritaje\/"},"modified":"2026-04-27T15:53:59","modified_gmt":"2026-04-27T19:53:59","slug":"defensa-de-antonio-espaillat-denuncia-trabas-del-ministerio-publico-en-peritaje","status":"publish","type":"post","link":"https:\/\/ermdigital.com\/index.php\/2026\/04\/27\/defensa-de-antonio-espaillat-denuncia-trabas-del-ministerio-publico-en-peritaje\/","title":{"rendered":"Defensa de Antonio Espaillat denuncia trabas del Ministerio P\u00fablico en peritaje\u00a0"},"content":{"rendered":"<p>&lt;![CDATA[<\/p>\n<p>La defensa del empresario <b>Antonio Espaillat <\/b>y la entidad Inversiones EY L, S.R.L. present\u00f3 una solicitud formal ante el <b>Primer Juzgado de la Instrucci\u00f3n del Distrito Nacional<\/b> para que se resuelvan una serie de impedimentos y \"obst\u00e1culos\" atribuidos al Ministerio P\u00fablico, los cuales han forzado la paralizaci\u00f3n de los trabajos periciales tras el colapso ocurrido en la discoteca Jet Set.<\/p>\n<p><a href=\"https:\/\/listindiario.com\/la-republica\/justicia\/20260427\/defensa-antonio-espaillat-denuncia-trabas-ministerio-publico-peritaje_903461.html\">wf_cms.rss.read_more<\/a><\/p>\n<p>]]&gt;<\/p>\n<p>\u200bEntre los puntos m\u00e1s cr\u00edticos se\u00f1alados en la instancia, se encuentra la retenci\u00f3n de un equipo de drone por parte de la Direcci\u00f3n General de Aduanas\u00a0\u00a0Justicia\u00a0<\/p>\n","protected":false},"excerpt":{"rendered":"<p>&lt;![CDATA[ La defensa del empresario Antonio Espaillat y la entidad Inversiones EY L, S.R.L. present\u00f3 una solicitud formal ante el Primer Juzgado de la Instrucci\u00f3n del Distrito Nacional para que se resuelvan una serie de impedimentos y \"obst\u00e1culos\" atribuidos al Ministerio P\u00fablico, los cuales han forzado la paralizaci\u00f3n de los trabajos periciales tras el colapso [&hellip;]<\/p>\n","protected":false},"author":1,"featured_media":25098,"comment_status":"open","ping_status":"open","sticky":false,"template":"","format":"standard","meta":{"amp_status":"","footnotes":""},"categories":[5],"tags":[],"class_list":["post-25097","post","type-post","status-publish","format-standard","has-post-thumbnail","hentry","category-politica"],"_links":{"self":[{"href":"https:\/\/ermdigital.com\/index.php\/wp-json\/wp\/v2\/posts\/25097","targetHints":{"allow":["GET"]}}],"collection":[{"href":"https:\/\/ermdigital.com\/index.php\/wp-json\/wp\/v2\/posts"}],"about":[{"href":"https:\/\/ermdigital.com\/index.php\/wp-json\/wp\/v2\/types\/post"}],"author":[{"embeddable":true,"href":"https:\/\/ermdigital.com\/index.php\/wp-json\/wp\/v2\/users\/1"}],"replies":[{"embeddable":true,"href":"https:\/\/ermdigital.com\/index.php\/wp-json\/wp\/v2\/comments?post=25097"}],"version-history":[{"count":0,"href":"https:\/\/ermdigital.com\/index.php\/wp-json\/wp\/v2\/posts\/25097\/revisions"}],"wp:featuredmedia":[{"embeddable":true,"href":"https:\/\/ermdigital.com\/index.php\/wp-json\/wp\/v2\/media\/25098"}],"wp:attachment":[{"href":"https:\/\/ermdigital.com\/index.php\/wp-json\/wp\/v2\/media?parent=25097"}],"wp:term":[{"taxonomy":"category","embeddable":true,"href":"https:\/\/ermdigital.com\/index.php\/wp-json\/wp\/v2\/categories?post=25097"},{"taxonomy":"post_tag","embeddable":true,"href":"https:\/\/ermdigital.com\/index.php\/wp-json\/wp\/v2\/tags?post=25097"}],"curies":[{"name":"wp","href":"https:\/\/api.w.org\/{rel}","templated":true}]}}