{"id":25091,"date":"2026-04-27T15:04:31","date_gmt":"2026-04-27T19:04:31","guid":{"rendered":"https:\/\/ermdigital.com\/index.php\/2026\/04\/27\/dictan-tres-meses-de-prision-preventiva-a-implicados-en-muerte-de-chofer-en-santiago\/"},"modified":"2026-04-27T15:04:31","modified_gmt":"2026-04-27T19:04:31","slug":"dictan-tres-meses-de-prision-preventiva-a-implicados-en-muerte-de-chofer-en-santiago","status":"publish","type":"post","link":"https:\/\/ermdigital.com\/index.php\/2026\/04\/27\/dictan-tres-meses-de-prision-preventiva-a-implicados-en-muerte-de-chofer-en-santiago\/","title":{"rendered":"Dictan tres meses de prisi\u00f3n preventiva a implicados en muerte de chofer en Santiago"},"content":{"rendered":"<p><strong><em>Santiago.-<\/em><\/strong> El jurista <strong><em>Jos\u00e9 Mart\u00ednez Brito<\/em><\/strong> calific\u00f3 como ajustada a la ley la decisi\u00f3n que impone tres meses de prisi\u00f3n preventiva contra siete hombres implicados en la muerte del chofer recolector de basura <strong><em>Deivy Carlos Abreu Quezada, <\/em><\/strong>en un caso que ha generado conmoci\u00f3n y nuevas l\u00edneas de investigaci\u00f3n.<\/p>\n<p>La medida fue dictada este lunes por el juez coordinador de los Juzgados de la Instrucci\u00f3n del distrito judicial de Santiago, Jos\u00e9 Rafael de As\u00eds Burgos, quien acogi\u00f3 la solicitud del <a href=\"https:\/\/pgr.gob.do\/\" target=\"_blank\" rel=\"noopener\">Ministerio P\u00fablico <\/a>y orden\u00f3 el cumplimiento de la coerci\u00f3n en los centros Rafey Hombres, La Isleta en Moca y El Pinito, en La Vega.<\/p>\n<h3 class=\"wp-block-heading\"><strong><em>Leer m\u00e1s: <a href=\"https:\/\/deultimominuto.net\/nacionales\/jose-martinez-brito-acude-a-ejercer-su-derecho-al-sufragio\/\" data-type=\"post\" data-id=\"300806\">Jos\u00e9 Mart\u00ednez Brito acude a ejercer su derecho al sufragio<\/a><\/em><\/strong><\/h3>\n<p>Los imputados son Adony Antonio Ure\u00f1a Ventura, Andr\u00e9s Moncl\u00fa Gonz\u00e1lez, Carlos Andr\u00e9s Roa Mor\u00e1n, Miguel Garc\u00eda Balbuena, Joanfry Joel N\u00fa\u00f1ez, Juan Carlos Soto Ortiz y Kevin Francisco Metz Cruz, se\u00f1alados como vinculados directamente al hecho.<\/p>\n<p>El caso, que inicialmente se atribuy\u00f3 a un roce vehicular en la avenida Circunvalaci\u00f3n Sur, ha dado un giro tras las autoridades indicar que no hay evidencias de personas heridas, lo que contradice la versi\u00f3n inicial. En ese contexto, surgen nuevas hip\u00f3tesis que apuntan a un posible conflicto por deudas, ampliando el curso de las investigaciones.<\/p>\n<p>De forma paralela, contin\u00faa la b\u00fasqueda de Jhovanny de Jes\u00fas Metz Cruz, alias \u201cMacho\u201d, de 28 a\u00f1os, se\u00f1alado como el presunto autor material de la agresi\u00f3n mortal.<\/p>\n<p>La audiencia hab\u00eda sido aplazada la semana pasada por falta de notificaci\u00f3n formal. Los imputados permanec\u00edan detenidos desde hace diez d\u00edas en la carcelita del Palacio de Justicia de Santiago.<\/p>\n<p>Brito sostuvo que la decisi\u00f3n del tribunal garantiza un plazo razonable para que el Ministerio P\u00fablico presente acusaci\u00f3n formal. \u201cEsto asegura que la prisi\u00f3n preventiva se limite al tiempo necesario para investigar, conforme a lo que establece la ley\u201d, afirm\u00f3.<\/p>\n<p>El caso mantiene la atenci\u00f3n p\u00fablica, mientras familiares de la v\u00edctima exigen justicia y el esclarecimiento de los hechos.<\/p>\n<p>\u200bSantiago.- El jurista Jos\u00e9 Mart\u00ednez Brito calific\u00f3 como ajustada a la ley la decisi\u00f3n que impone tres meses de prisi\u00f3n preventiva contra siete hombres implicados en la muerte del chofer recolector de basura Deivy Carlos Abreu Quezada, en un caso que ha generado conmoci\u00f3n y nuevas l\u00edneas de investigaci\u00f3n. La medida fue dictada este lunes\u00a0\u00a0Justicia, Deultimominuto, ElPeri\u00f3dicodelaVerdad, implicados, Prisi\u00f3n, Rep\u00fablica Dominicana, Santiago\u00a0\u00a0<\/p>\n","protected":false},"excerpt":{"rendered":"<p>Santiago.- El jurista Jos\u00e9 Mart\u00ednez Brito calific\u00f3 como ajustada a la ley la decisi\u00f3n que impone tres meses de prisi\u00f3n preventiva contra siete hombres implicados en la muerte del chofer recolector de basura Deivy Carlos Abreu Quezada, en un caso que ha generado conmoci\u00f3n y nuevas l\u00edneas de investigaci\u00f3n. La medida fue dictada este lunes [&hellip;]<\/p>\n","protected":false},"author":1,"featured_media":25092,"comment_status":"open","ping_status":"open","sticky":false,"template":"","format":"standard","meta":{"amp_status":"","footnotes":""},"categories":[3],"tags":[],"class_list":["post-25091","post","type-post","status-publish","format-standard","has-post-thumbnail","hentry","category-de-ultimo-minuto"],"_links":{"self":[{"href":"https:\/\/ermdigital.com\/index.php\/wp-json\/wp\/v2\/posts\/25091","targetHints":{"allow":["GET"]}}],"collection":[{"href":"https:\/\/ermdigital.com\/index.php\/wp-json\/wp\/v2\/posts"}],"about":[{"href":"https:\/\/ermdigital.com\/index.php\/wp-json\/wp\/v2\/types\/post"}],"author":[{"embeddable":true,"href":"https:\/\/ermdigital.com\/index.php\/wp-json\/wp\/v2\/users\/1"}],"replies":[{"embeddable":true,"href":"https:\/\/ermdigital.com\/index.php\/wp-json\/wp\/v2\/comments?post=25091"}],"version-history":[{"count":0,"href":"https:\/\/ermdigital.com\/index.php\/wp-json\/wp\/v2\/posts\/25091\/revisions"}],"wp:featuredmedia":[{"embeddable":true,"href":"https:\/\/ermdigital.com\/index.php\/wp-json\/wp\/v2\/media\/25092"}],"wp:attachment":[{"href":"https:\/\/ermdigital.com\/index.php\/wp-json\/wp\/v2\/media?parent=25091"}],"wp:term":[{"taxonomy":"category","embeddable":true,"href":"https:\/\/ermdigital.com\/index.php\/wp-json\/wp\/v2\/categories?post=25091"},{"taxonomy":"post_tag","embeddable":true,"href":"https:\/\/ermdigital.com\/index.php\/wp-json\/wp\/v2\/tags?post=25091"}],"curies":[{"name":"wp","href":"https:\/\/api.w.org\/{rel}","templated":true}]}}