{"id":25088,"date":"2026-04-27T15:21:51","date_gmt":"2026-04-27T19:21:51","guid":{"rendered":"https:\/\/ermdigital.com\/index.php\/2026\/04\/27\/juan-soto-da-su-espaldarazo-a-carlos-mendoza-esto-no-es-culpa-de-el\/"},"modified":"2026-04-27T15:21:51","modified_gmt":"2026-04-27T19:21:51","slug":"juan-soto-da-su-espaldarazo-a-carlos-mendoza-esto-no-es-culpa-de-el","status":"publish","type":"post","link":"https:\/\/ermdigital.com\/index.php\/2026\/04\/27\/juan-soto-da-su-espaldarazo-a-carlos-mendoza-esto-no-es-culpa-de-el\/","title":{"rendered":"Juan Soto da su espaldarazo a Carlos Mendoza: \"Esto no es culpa de \u00e9l\""},"content":{"rendered":"<p>\u00a0\u00a0<\/p>\n<p><strong>Juan Soto<\/strong> <strong>no culpar\u00e1<\/strong> al m\u00e1nager <strong>Carlos Mendoza<\/strong> por la falta de \u00e9xito de los <strong>Mets de Nueva York<\/strong> esta temporada.<\/p>\n<p>\"Como <strong>jugadores<\/strong>, <strong>tenemos que rendir<\/strong>\", dijo <strong>Soto<\/strong> despu\u00e9s de que los <strong>Mets<\/strong> fueran barridos por los Rockies de Colorado en casa el domingo.<\/p>\n<p>\"Esto no es culpa de Mendy ni de David (Stearns). Armaron un gran equipo y al final, somos nosotros quienes tenemos que salir al campo y rendir&#8230; Esto no es culpa de <strong>Mendoza<\/strong> en absoluto\".<\/p>\n<p>Los <strong>Mets<\/strong> anotaron una carrera durante las derrotas del domingo en la doble jornada contra los Rockies, y acumulan <strong>92 carreras<\/strong> anotadas esta temporada, la peor marca de la <strong>MLB<\/strong>.<\/p>\n<p><strong>Mendoza<\/strong> pareci\u00f3 <strong>desconcertado<\/strong> al ser preguntado sobre las <strong>dificultades ofensivas<\/strong> de su equipo tras las derrotas del domingo. \"Nunca hab\u00eda visto algo as\u00ed, para ser honesto\", dijo <strong>Mendoza<\/strong>, seg\u00fan SNY.<\/p>\n<p>El m\u00e1nager dijo que no le han dado <strong>ninguna garant\u00eda<\/strong> de que su puesto est\u00e9 seguro, pero a\u00f1adi\u00f3 que no le preocupa eso ahora mismo.<\/p>\n<div class=\"w-full pt-2 float-left inside-related\"><strong>RELACIONADAS<\/strong><\/p>\n<article class=\"flex flex-wrap border-b pb-4 mb-3 inline-block\">\n<div class=\"xl:w-2\/12 w-4\/12\">\n<figure class=\"mb-0\"><img loading=\"lazy\" decoding=\"async\" src=\"https:\/\/resources.diariolibre.com\/images\/2026\/04\/23\/el-escenario-ideal-para-juan-soto-asumir-el-mando-96467df0-focus-0-0-149-99.jpg\" width=\"149\" height=\"99\" title=\"El escenario ideal para Soto asumir el mando\" alt=\"El escenario ideal para Soto asumir el mando\" class=\"object-cover\" \/><\/figure>\n<\/div>\n<\/article>\n<\/div>\n<p>\"Lo \u00fanico que me preocupa es que tengo que <strong>motivar a los muchachos<\/strong>\", dijo <strong>Mendoza<\/strong>. \"Lo entiendo. Es una <strong>situaci\u00f3n dif\u00edcil<\/strong> y s\u00e9 que las preguntas seguir\u00e1n surgiendo, pero mi trabajo es encontrar la manera de sacarlos de este bache\".<\/p>\n<p>Los <strong>Mets<\/strong> est\u00e1n empatados con sus rivales de divisi\u00f3n, los <strong>Filis de Filadelfia<\/strong>, con el <strong>peor r\u00e9cord<\/strong> de la <strong>MLB<\/strong>, 9-19.<\/p>\n<ul class=\"list-text\">\n<li>Nueva York tiene <strong>d\u00eda libre<\/strong> el lunes antes de recibir a los <strong>Nacionales de Washington<\/strong> el martes en el <strong>Citi Field<\/strong> para una serie de tres juegos.<\/li>\n<\/ul>\n<p>Las declaraciones de <strong>Soto<\/strong> llegaron un d\u00eda despu\u00e9s de que los <strong>Medias Rojas de Boston<\/strong> despidieran a su dirigente <strong>Alex Cora<\/strong>, tras un pobre arranque del conjunto de Nueva Inglaterra. Una crisis similar atraviesa el conjunto de Filadelfia, que tras un mes de campa\u00f1a luce lejos de ser competitivo en la Divisi\u00f3n Este de la Liga Nacional.<\/p>\n<div class=\"border-t border-b py-2 my-5 tags-container\"><strong>TEMAS &#8211; <\/strong><\/p>\n<ul>\n<li>\n<div class=\"inline-block border p-2 rounded-full align-middle\">\n<p><a href=\"https:\/\/www.diariolibre.com\/tags\/juan-soto\/1244\" title=\"Juan Soto\">Juan Soto<\/a><\/p>\n<\/div>\n<\/li>\n<li><\/li>\n<li><\/li>\n<li>\n<div class=\"inline-block border p-2 rounded-full align-middle\">\n<p><a href=\"https:\/\/www.diariolibre.com\/tags\/carlos-mendoza\/159766\" title=\"Carlos Mendoza\">Carlos Mendoza<\/a><\/p>\n<\/div>\n<\/li>\n<\/ul>\n<\/div>\n<p>\u00a0<\/p>\n","protected":false},"excerpt":{"rendered":"<p>\u00a0\u00a0 Juan Soto no culpar\u00e1 al m\u00e1nager Carlos Mendoza por la falta de \u00e9xito de los Mets de Nueva York esta temporada. \"Como jugadores, tenemos que rendir\", dijo Soto despu\u00e9s de que los Mets fueran barridos por los Rockies de Colorado en casa el domingo. \"Esto no es culpa de Mendy ni de David (Stearns). [&hellip;]<\/p>\n","protected":false},"author":1,"featured_media":25089,"comment_status":"open","ping_status":"open","sticky":false,"template":"","format":"standard","meta":{"amp_status":"","footnotes":""},"categories":[4],"tags":[],"class_list":["post-25088","post","type-post","status-publish","format-standard","has-post-thumbnail","hentry","category-deportes"],"_links":{"self":[{"href":"https:\/\/ermdigital.com\/index.php\/wp-json\/wp\/v2\/posts\/25088","targetHints":{"allow":["GET"]}}],"collection":[{"href":"https:\/\/ermdigital.com\/index.php\/wp-json\/wp\/v2\/posts"}],"about":[{"href":"https:\/\/ermdigital.com\/index.php\/wp-json\/wp\/v2\/types\/post"}],"author":[{"embeddable":true,"href":"https:\/\/ermdigital.com\/index.php\/wp-json\/wp\/v2\/users\/1"}],"replies":[{"embeddable":true,"href":"https:\/\/ermdigital.com\/index.php\/wp-json\/wp\/v2\/comments?post=25088"}],"version-history":[{"count":0,"href":"https:\/\/ermdigital.com\/index.php\/wp-json\/wp\/v2\/posts\/25088\/revisions"}],"wp:featuredmedia":[{"embeddable":true,"href":"https:\/\/ermdigital.com\/index.php\/wp-json\/wp\/v2\/media\/25089"}],"wp:attachment":[{"href":"https:\/\/ermdigital.com\/index.php\/wp-json\/wp\/v2\/media?parent=25088"}],"wp:term":[{"taxonomy":"category","embeddable":true,"href":"https:\/\/ermdigital.com\/index.php\/wp-json\/wp\/v2\/categories?post=25088"},{"taxonomy":"post_tag","embeddable":true,"href":"https:\/\/ermdigital.com\/index.php\/wp-json\/wp\/v2\/tags?post=25088"}],"curies":[{"name":"wp","href":"https:\/\/api.w.org\/{rel}","templated":true}]}}