{"id":25086,"date":"2026-04-27T14:19:48","date_gmt":"2026-04-27T18:19:48","guid":{"rendered":"https:\/\/ermdigital.com\/index.php\/2026\/04\/27\/inefi-desarrolla-jornada-deportiva-y-recreativa-en-elias-pina\/"},"modified":"2026-04-27T14:19:48","modified_gmt":"2026-04-27T18:19:48","slug":"inefi-desarrolla-jornada-deportiva-y-recreativa-en-elias-pina","status":"publish","type":"post","link":"https:\/\/ermdigital.com\/index.php\/2026\/04\/27\/inefi-desarrolla-jornada-deportiva-y-recreativa-en-elias-pina\/","title":{"rendered":"Inefi desarrolla jornada deportiva y recreativa en El\u00edas Pi\u00f1a"},"content":{"rendered":"<p><span class=\"field field--name-title field--type-string field--label-hidden\">Inefi desarrolla jornada deportiva y recreativa en El\u00edas Pi\u00f1a <\/span><br \/>\n<span class=\"field field--name-uid field--type-entity-reference field--label-hidden\"><span>rosahenriquez<\/span><\/span><br \/>\n<span class=\"field field--name-created field--type-created field--label-hidden\"><time datetime=\"2026-04-27T14:19:48-04:00\" title=\"Lunes, Abril 27, 2026 - 14:19\" class=\"datetime\">27 de  Abril 2026 | 14:19<\/time><br \/>\n<\/span><\/p>\n<div class=\"clearfix text-formatted field field--name-body field--type-text-with-summary field--label-hidden field__item\">\n<div class=\"OutlineElement Ltr SCXW153665166 BCX0\">\n<p class=\"text-align-justify\"><span class=\"TextRun SCXW153665166 BCX0 NormalTextRun\" lang=\"ES-ES\">El Guayabo, El\u00edas <\/span><span class=\"TextRun SCXW153665166 BCX0 NormalTextRun ContextualSpellingAndGrammarErrorV2Themed\" lang=\"ES-ES\">Pi\u00f1a.\u2013<\/span><span class=\"TextRun SCXW153665166 BCX0 NormalTextRun\" lang=\"ES-ES\"> En un paso firme hacia el fortalecimiento del <strong>desarrollo integral de los ni\u00f1os, adolescentes y j\u00f3venes,<\/strong> el Instituto Nacional de Educaci\u00f3n F\u00edsica <strong>(<\/strong><\/span><span class=\"TextRun SCXW153665166 BCX0 NormalTextRun SpellingErrorV2Themed\" lang=\"ES-ES\"><strong>Inefi<\/strong><\/span><span class=\"TextRun SCXW153665166 BCX0 NormalTextRun\" lang=\"ES-ES\"><strong>)<\/strong> llev\u00f3 a cabo una amplia y din\u00e1mica jornada <strong>deportiva, recreativa y formativa<\/strong> en el moderno polideportivo del <strong>Centro Educativo Andr\u00e9s Tolentino <\/strong><\/span><span class=\"TextRun SCXW153665166 BCX0 NormalTextRun SpellingErrorV2Themed\" lang=\"ES-ES\"><strong>Tolentino<\/strong><\/span><span class=\"TextRun SCXW153665166 BCX0 NormalTextRun\" lang=\"ES-ES\">, la primera instalaci\u00f3n techada construida por la instituci\u00f3n en esta provincia sure\u00f1a.<\/span><span class=\"EOP SCXW153665166 BCX0\">\u00a0<\/span><\/p>\n<\/div>\n<div class=\"OutlineElement Ltr SCXW153665166 BCX0\">\n<p class=\"text-align-justify\"><span class=\"TextRun SCXW153665166 BCX0 NormalTextRun\" lang=\"ES\"><\/span><span class=\"TextRun SCXW153665166 BCX0 NormalTextRun\" lang=\"ES-ES\">La iniciativa, que reuni\u00f3 a decenas de estudiantes, docentes y comunitarios, integr\u00f3 un completo programa de actividades bajo los ejes \u201c<\/span><span class=\"TextRun SCXW153665166 BCX0 NormalTextRun SpellingErrorV2Themed\" lang=\"ES-ES\"><strong>Inefi<\/strong><\/span><span class=\"TextRun SCXW153665166 BCX0 NormalTextRun\" lang=\"ES-ES\"><strong> con el Barrio\u201d y \u201cRecre\u00e1ndome con <\/strong><\/span><span class=\"TextRun SCXW153665166 BCX0 NormalTextRun SpellingErrorV2Themed\" lang=\"ES-ES\"><strong>Inefi<\/strong><\/span><span class=\"TextRun SCXW153665166 BCX0 NormalTextRun\" lang=\"ES-ES\"><strong>\u201d,<\/strong> consolidando un espacio de aprendizaje activo y convivencia positiva.<\/span><span class=\"EOP SCXW153665166 BCX0\">\u00a0<\/span><\/p>\n<\/div>\n<div class=\"OutlineElement Ltr SCXW153665166 BCX0\">\n<p class=\"text-align-justify\"><span class=\"TextRun SCXW153665166 BCX0 NormalTextRun\" lang=\"ES\"><\/span><span class=\"TextRun SCXW153665166 BCX0 NormalTextRun\" lang=\"ES\">La agenda incluy\u00f3 cl\u00ednicas deportivas, charlas de moral y c\u00edvica, <strong>encuentros motivacionales<\/strong> con atletas y la <strong>entrega de utiler\u00eda deportiva y varias canchas remozadas<\/strong>, impactando de manera directa a ni\u00f1os, ni\u00f1as y adolescentes del <strong>distrito municipal Guayabo.<\/strong><\/span><span class=\"EOP SCXW153665166 BCX0\">\u00a0<\/span><\/p>\n<\/div>\n<p><img decoding=\"async\" src=\"https:\/\/www.presidencia.gob.do\/sites\/default\/files\/inline-images\/Dise%C3%B1o%20sin%20t%C3%ADtulo%20%2831%29_0.png\" data-entity-uuid=\"1c728648-e7d7-4e0f-98bb-82968e8c1f78\" data-entity-type=\"file\" width=\"1300\" height=\"730\" loading=\"lazy\">\n<\/p>\n<div class=\"OutlineElement Ltr SCXW153665166 BCX0\">\n<p class=\"text-align-justify\"><span class=\"TextRun SCXW153665166 BCX0 NormalTextRun\" lang=\"ES\"><\/span><span class=\"TextRun SCXW153665166 BCX0 NormalTextRun\" lang=\"ES\">Durante la jornada, los participantes no s\u00f3lo fortalecieron sus capacidades f\u00edsicas, sino que tambi\u00e9n recibieron orientaci\u00f3n en valores fundamentales para su formaci\u00f3n ciudadana. Las charlas de moral y c\u00edvica, junto con los testimonios inspiradores de atletas, promovieron la <strong>disciplina, el respeto, el trabajo en equipo y la convivencia pac\u00edfica<\/strong>, pilares esenciales para el desarrollo de una sociedad m\u00e1s <strong>justa e inclusiva.<\/strong><\/span><span class=\"EOP SCXW153665166 BCX0\">\u00a0<\/span><\/p>\n<\/div>\n<div class=\"OutlineElement Ltr SCXW153665166 BCX0\">\n<p class=\"text-align-justify\"><span class=\"TextRun SCXW153665166 BCX0 NormalTextRun\" lang=\"ES\"><\/span><span class=\"TextRun SCXW153665166 BCX0 NormalTextRun\" lang=\"ES-ES\">Con esta intervenci\u00f3n, el <\/span><span class=\"TextRun SCXW153665166 BCX0 NormalTextRun SpellingErrorV2Themed\" lang=\"ES-ES\"><strong>Inefi<\/strong><\/span><span class=\"TextRun SCXW153665166 BCX0 NormalTextRun\" lang=\"ES-ES\">, bajo la direcci\u00f3n de <strong>Alberto Rodr\u00edguez Mella<\/strong>, reafirma su compromiso de fomentar una cultura de <strong>vida saludable y formaci\u00f3n en valores<\/strong> en las comunidades m\u00e1s necesitadas, utilizando el deporte como herramienta de transformaci\u00f3n social.<\/span><span class=\"EOP SCXW153665166 BCX0\">\u00a0<\/span><\/p>\n<\/div>\n<div class=\"OutlineElement Ltr SCXW153665166 BCX0\">\n<p class=\"text-align-justify\"><span class=\"TextRun SCXW153665166 BCX0 NormalTextRun\" lang=\"ES\"><\/span><span class=\"TextRun SCXW153665166 BCX0 NormalTextRun\" lang=\"ES\">Sobre ese particular, Rodr\u00edguez Mella enfatiz\u00f3 que la entrega de utiler\u00eda deportiva garantiza la <strong>continuidad de las pr\u00e1cticas f\u00edsicas y recreativas<\/strong> en el centro educativo, fortaleciendo el sentido de pertenencia y la integraci\u00f3n comunitaria.<\/span><span class=\"EOP SCXW153665166 BCX0\">\u00a0<\/span><\/p>\n<\/div>\n<p><img decoding=\"async\" src=\"https:\/\/www.presidencia.gob.do\/sites\/default\/files\/inline-images\/Dise%C3%B1o%20sin%20t%C3%ADtulo%20%2829%29_0.png\" data-entity-uuid=\"7f48bea2-cab5-48a1-a1d3-64916111f9f6\" data-entity-type=\"file\" width=\"1300\" height=\"730\" loading=\"lazy\">\n<\/p>\n<div class=\"OutlineElement Ltr SCXW153665166 BCX0\">\n<p class=\"text-align-justify\"><span class=\"TextRun SCXW153665166 BCX0 NormalTextRun\" lang=\"ES\"><\/span><span class=\"TextRun SCXW153665166 BCX0 NormalTextRun\" lang=\"ES\">Sostuvo que el objetivo de esta jornada se enmarca en impulsar el <strong>desarrollo integral<\/strong> de los estudiantes de Guayabo, mediante acciones que combinan <strong>educaci\u00f3n, recreaci\u00f3n y deporte<\/strong>, contribuyendo significativamente al bienestar estudiantil y a la construcci\u00f3n de una ciudadan\u00eda m\u00e1s <strong>consciente, activa y comprometida.<\/strong><\/span><span class=\"EOP SCXW153665166 BCX0\">\u00a0<\/span><\/p>\n<\/div>\n<div class=\"OutlineElement Ltr SCXW153665166 BCX0\">\n<p class=\"text-align-justify\"><span class=\"TextRun SCXW153665166 BCX0 NormalTextRun\" lang=\"ES\"><\/span><span class=\"TextRun SCXW153665166 BCX0 NormalTextRun\" lang=\"ES-ES\">Rodr\u00edguez Mella felicit\u00f3 exhort\u00f3 a los alumnos de El Guayabo a <strong>tener <\/strong><\/span><span class=\"TextRun SCXW153665166 BCX0 NormalTextRun ContextualSpellingAndGrammarErrorV2Themed\" lang=\"ES-ES\"><strong>disciplina<\/strong><\/span><span class=\"TextRun SCXW153665166 BCX0 NormalTextRun\" lang=\"ES-ES\"> aunque se tenga el talento, ya que el mismo abre puertas, pero solo la disciplina te mantendr\u00e1 caminando<\/span><span class=\"EOP SCXW153665166 BCX0\">\u00a0<\/span><\/p>\n<\/div>\n<div class=\"OutlineElement Ltr SCXW153665166 BCX0\">\n<p class=\"text-align-justify\"><span class=\"TextRun SCXW153665166 BCX0 NormalTextRun\" lang=\"ES\"><\/span><span class=\"TextRun SCXW153665166 BCX0 NormalTextRun\" lang=\"ES-ES\">Record\u00f3 que hace <strong>dos a\u00f1os<\/strong>, y gracias al <strong>gobierno de Luis <\/strong><\/span><span class=\"TextRun SCXW153665166 BCX0 NormalTextRun SpellingErrorV2Themed\" lang=\"ES-ES\"><strong>Abinader<\/strong><\/span><span class=\"TextRun SCXW153665166 BCX0 NormalTextRun\" lang=\"ES-ES\">, entreg\u00f3 la cancha a la comunidad y que, gracias a la gesti\u00f3n de la gobernadora <strong>Migdalia de los Santos<\/strong>, \u201c<\/span><em><span class=\"TextRun SCXW153665166 BCX0 NormalTextRun\" lang=\"ES-ES\">el <\/span><span class=\"TextRun SCXW153665166 BCX0 NormalTextRun SpellingErrorV2Themed\" lang=\"ES-ES\">Inefi<\/span><span class=\"TextRun SCXW153665166 BCX0 NormalTextRun\" lang=\"ES-ES\"> ha suministrado ayuda para todos ustedes\u201d.<\/span><\/em><span class=\"EOP SCXW153665166 BCX0\">\u00a0<\/span><\/p>\n<\/div>\n<div class=\"OutlineElement Ltr SCXW153665166 BCX0\">\n<p class=\"text-align-justify\"><span class=\"TextRun SCXW153665166 BCX0 NormalTextRun\" lang=\"ES\"><\/span><span class=\"TextRun SCXW153665166 BCX0 NormalTextRun\" lang=\"ES-ES\">Tambi\u00e9n se refiri\u00f3 a los esfuerzos y gesti\u00f3n del director del distrito municipal de Guayabo, <\/span><span class=\"TextRun SCXW153665166 BCX0 NormalTextRun SpellingErrorV2Themed\" lang=\"ES-ES\"><strong>Aneuris<\/strong><\/span><span class=\"TextRun SCXW153665166 BCX0 NormalTextRun\" lang=\"ES-ES\"><strong> Rosario<\/strong>, a quien felicit\u00f3 ya que es un \u201c<\/span><em><span class=\"TextRun SCXW153665166 BCX0 NormalTextRun\" lang=\"ES-ES\">hombre que trabaja y da muchos viajes a la capital en favor de esta comunidad. Te felicito de coraz\u00f3n<\/span><\/em><span class=\"TextRun SCXW153665166 BCX0 NormalTextRun\" lang=\"ES-ES\">\u201d.<\/span><span class=\"EOP SCXW153665166 BCX0\">\u00a0<\/span><\/p>\n<\/div>\n<div class=\"OutlineElement Ltr SCXW153665166 BCX0\">\n<p class=\"text-align-justify\"><span class=\"TextRun SCXW153665166 BCX0 NormalTextRun\" lang=\"ES\"><\/span><span class=\"TextRun SCXW153665166 BCX0 NormalTextRun\" lang=\"ES-ES\">Rodr\u00edguez Mella destac\u00f3 el gran trabajo del equipo, en especial la brigada que casi nunca se menciona y que trabajaron en <\/span><span class=\"TextRun SCXW153665166 BCX0 NormalTextRun SpellingErrorV2Themed\" lang=\"ES-ES\">en<\/span><span class=\"TextRun SCXW153665166 BCX0 NormalTextRun\" lang=\"ES-ES\"> las escuelas de <strong>La Meseta, Sabana larga, Andr\u00e9s Tolentino, V\u00edctor Esteban Galicia, Tu Viejo y la Juan Pablo Duarte<\/strong>, as\u00ed como instalaciones que ten\u00edan a\u00f1os sin recibir mantenimiento.<\/span><span class=\"EOP SCXW153665166 BCX0\">\u00a0<\/span><\/p>\n<\/div>\n<div class=\"OutlineElement Ltr SCXW153665166 BCX0\">\n<p class=\"text-align-justify\"><span class=\"TextRun SCXW153665166 BCX0 NormalTextRun\" lang=\"ES\"><\/span><em><span class=\"TextRun SCXW153665166 BCX0 NormalTextRun\" lang=\"ES\">\u201cComo dijo el alcalde, hab\u00eda instalaciones que hace a\u00f1os no se le pon\u00eda la mano y para nosotros es un compromiso; es una obligaci\u00f3n. No importa la distancia aqu\u00ed con la brigada ayudamos al alcalde, al diputado, al sistema educativo, a la deportiva. Porque juntos podemos lograr m\u00e1s cosas y juntos somos m\u00e1s\u201d,<\/span><\/em><span class=\"TextRun SCXW153665166 BCX0 NormalTextRun\" lang=\"ES\"> recalc\u00f3.\u00a0<\/span><span class=\"EOP SCXW153665166 BCX0\">\u00a0<\/span><\/p>\n<\/div>\n<div class=\"OutlineElement Ltr SCXW153665166 BCX0\">\n<p class=\"text-align-justify\"><span class=\"TextRun SCXW153665166 BCX0 NormalTextRun\" lang=\"ES\"><\/span><em><span class=\"TextRun SCXW153665166 BCX0 NormalTextRun\" lang=\"ES-ES\">\u201cHoy vamos a disfrutar de un \u2018<\/span><span class=\"TextRun SCXW153665166 BCX0 NormalTextRun SpellingErrorV2Themed\" lang=\"ES-ES\">Inefi<\/span><span class=\"TextRun SCXW153665166 BCX0 NormalTextRun\" lang=\"ES-ES\"> con el Barrio\u2019 por primera vez en El Guayabo. Es un proyecto deportivo comunitario social; quiz\u00e1s el m\u00e1s importante del gobierno del presidente Luis <\/span><span class=\"TextRun SCXW153665166 BCX0 NormalTextRun SpellingErrorV2Themed\" lang=\"ES-ES\">Abinader<\/span><span class=\"TextRun SCXW153665166 BCX0 NormalTextRun\" lang=\"ES-ES\">, impactando las provincias de todo el pa\u00eds y hoy quiero aprovechar para destacar el buen trabajo a nivel nacional del director docente, Orlando Taveras\u201d.<\/span><\/em><span class=\"EOP SCXW153665166 BCX0\">\u00a0<\/span><\/p>\n<\/div>\n<div class=\"OutlineElement Ltr SCXW153665166 BCX0\">\n<p class=\"text-align-justify\"><span class=\"TextRun SCXW153665166 BCX0 NormalTextRun\" lang=\"ES\"><\/span><span class=\"TextRun SCXW153665166 BCX0 NormalTextRun\" lang=\"ES-ES\">Rodr\u00edguez Mella ponder\u00f3 el esfuerzo de los deportistas que \u201c<\/span><em><span class=\"TextRun SCXW153665166 BCX0 NormalTextRun\" lang=\"ES-ES\">viajan con nosotros y que han dejado una huella en el deporte profesional y de alto rendimiento, lo que promueve los valores a esos ni\u00f1os que est\u00e1n aqu\u00ed en estas escuelas, como lo son Juana Arrendel, miembro del Pabell\u00f3n de la Fama del Deporte Dominicano; la exreina del Caribe, Gina Mambr\u00fa, y el exjugador de Grandes Ligas, Napole\u00f3n Calzado\u201d.<\/span><\/em><span class=\"EOP SCXW153665166 BCX0\"> \u00a0 \u00a0 \u00a0 \u00a0 \u00a0 \u00a0 \u00a0 \u00a0<\/span><\/p>\n<\/div>\n<\/div>\n<div class=\"field field--name-field-image field--type-image field--label-hidden field__item\">  <img decoding=\"async\" loading=\"lazy\" src=\"https:\/\/www.presidencia.gob.do\/sites\/default\/files\/news\/2026-04\/Dise%C3%B1o%20sin%20t%C3%ADtulo%20%2830%29_0.png\" width=\"1300\" height=\"730\" alt=\"INEFI\"><\/p>\n<\/div>\n<p>\u00a0Inefi desarrolla jornada deportiva y recreativa en El\u00edas Pi\u00f1a<br \/>\nrosahenriquez<br \/>\n27 de  Abril 2026 | 14:19<\/p>\n<p>El Guayabo, El\u00edas Pi\u00f1a.\u2013 En un paso firme hacia el fortalecimiento del desarrollo integral de los ni\u00f1os, adolescentes y j\u00f3venes, el Instituto Nacional de Educaci\u00f3n F\u00edsica (Inefi) llev\u00f3 a cabo una amplia y din\u00e1mica jornada deportiva, recreativa y formativa en el moderno polideportivo del Centro Educativo Andr\u00e9s Tolentino Tolentino, la primera instalaci\u00f3n techada construida por la instituci\u00f3n en esta provincia sure\u00f1a.\u00a0<\/p>\n<p>La iniciativa, que reuni\u00f3 a decenas de estudiantes, docentes y comunitarios, integr\u00f3 un completo programa de actividades bajo los ejes \u201cInefi con el Barrio\u201d y \u201cRecre\u00e1ndome con Inefi\u201d, consolidando un espacio de aprendizaje activo y convivencia positiva.\u00a0<\/p>\n<p>La agenda incluy\u00f3 cl\u00ednicas deportivas, charlas de moral y c\u00edvica, encuentros motivacionales con atletas y la entrega de utiler\u00eda deportiva y varias canchas remozadas, impactando de manera directa a ni\u00f1os, ni\u00f1as y adolescentes del distrito municipal Guayabo.\u00a0<\/p>\n<p>Durante la jornada, los participantes no s\u00f3lo fortalecieron sus capacidades f\u00edsicas, sino que tambi\u00e9n recibieron orientaci\u00f3n en valores fundamentales para su formaci\u00f3n ciudadana. Las charlas de moral y c\u00edvica, junto con los testimonios inspiradores de atletas, promovieron la disciplina, el respeto, el trabajo en equipo y la convivencia pac\u00edfica, pilares esenciales para el desarrollo de una sociedad m\u00e1s justa e inclusiva.\u00a0<\/p>\n<p>Con esta intervenci\u00f3n, el Inefi, bajo la direcci\u00f3n de Alberto Rodr\u00edguez Mella, reafirma su compromiso de fomentar una cultura de vida saludable y formaci\u00f3n en valores en las comunidades m\u00e1s necesitadas, utilizando el deporte como herramienta de transformaci\u00f3n social.\u00a0<\/p>\n<p>Sobre ese particular, Rodr\u00edguez Mella enfatiz\u00f3 que la entrega de utiler\u00eda deportiva garantiza la continuidad de las pr\u00e1cticas f\u00edsicas y recreativas en el centro educativo, fortaleciendo el sentido de pertenencia y la integraci\u00f3n comunitaria.\u00a0<\/p>\n<p>Sostuvo que el objetivo de esta jornada se enmarca en impulsar el desarrollo integral de los estudiantes de Guayabo, mediante acciones que combinan educaci\u00f3n, recreaci\u00f3n y deporte, contribuyendo significativamente al bienestar estudiantil y a la construcci\u00f3n de una ciudadan\u00eda m\u00e1s consciente, activa y comprometida.\u00a0<\/p>\n<p>Rodr\u00edguez Mella felicit\u00f3 exhort\u00f3 a los alumnos de El Guayabo a tener disciplina aunque se tenga el talento, ya que el mismo abre puertas, pero solo la disciplina te mantendr\u00e1 caminando\u00a0<\/p>\n<p>Record\u00f3 que hace dos a\u00f1os, y gracias al gobierno de Luis Abinader, entreg\u00f3 la cancha a la comunidad y que, gracias a la gesti\u00f3n de la gobernadora Migdalia de los Santos, \u201cel Inefi ha suministrado ayuda para todos ustedes\u201d.\u00a0<\/p>\n<p>Tambi\u00e9n se refiri\u00f3 a los esfuerzos y gesti\u00f3n del director del distrito municipal de Guayabo, Aneuris Rosario, a quien felicit\u00f3 ya que es un \u201chombre que trabaja y da muchos viajes a la capital en favor de esta comunidad. Te felicito de coraz\u00f3n\u201d.\u00a0<\/p>\n<p>Rodr\u00edguez Mella destac\u00f3 el gran trabajo del equipo, en especial la brigada que casi nunca se menciona y que trabajaron en en las escuelas de La Meseta, Sabana larga, Andr\u00e9s Tolentino, V\u00edctor Esteban Galicia, Tu Viejo y la Juan Pablo Duarte, as\u00ed como instalaciones que ten\u00edan a\u00f1os sin recibir mantenimiento.\u00a0<\/p>\n<p>\u201cComo dijo el alcalde, hab\u00eda instalaciones que hace a\u00f1os no se le pon\u00eda la mano y para nosotros es un compromiso; es una obligaci\u00f3n. No importa la distancia aqu\u00ed con la brigada ayudamos al alcalde, al diputado, al sistema educativo, a la deportiva. Porque juntos podemos lograr m\u00e1s cosas y juntos somos m\u00e1s\u201d, recalc\u00f3.\u00a0\u00a0<\/p>\n<p>\u201cHoy vamos a disfrutar de un \u2018Inefi con el Barrio\u2019 por primera vez en El Guayabo. Es un proyecto deportivo comunitario social; quiz\u00e1s el m\u00e1s importante del gobierno del presidente Luis Abinader, impactando las provincias de todo el pa\u00eds y hoy quiero aprovechar para destacar el buen trabajo a nivel nacional del director docente, Orlando Taveras\u201d.\u00a0<\/p>\n<p>Rodr\u00edguez Mella ponder\u00f3 el esfuerzo de los deportistas que \u201cviajan con nosotros y que han dejado una huella en el deporte profesional y de alto rendimiento, lo que promueve los valores a esos ni\u00f1os que est\u00e1n aqu\u00ed en estas escuelas, como lo son Juana Arrendel, miembro del Pabell\u00f3n de la Fama del Deporte Dominicano; la exreina del Caribe, Gina Mambr\u00fa, y el exjugador de Grandes Ligas, Napole\u00f3n Calzado\u201d. \u00a0 \u00a0 \u00a0 \u00a0 \u00a0 \u00a0 \u00a0 \u00a0\u00a0\u00a0\u00a0<\/p>\n","protected":false},"excerpt":{"rendered":"<p>Inefi desarrolla jornada deportiva y recreativa en El\u00edas Pi\u00f1a rosahenriquez 27 de Abril 2026 | 14:19 El Guayabo, El\u00edas Pi\u00f1a.\u2013 En un paso firme hacia el fortalecimiento del desarrollo integral de los ni\u00f1os, adolescentes y j\u00f3venes, el Instituto Nacional de Educaci\u00f3n F\u00edsica (Inefi) llev\u00f3 a cabo una amplia y din\u00e1mica jornada deportiva, recreativa y formativa [&hellip;]<\/p>\n","protected":false},"author":1,"featured_media":25087,"comment_status":"open","ping_status":"open","sticky":false,"template":"","format":"standard","meta":{"amp_status":"","footnotes":""},"categories":[8],"tags":[],"class_list":["post-25086","post","type-post","status-publish","format-standard","has-post-thumbnail","hentry","category-republica"],"_links":{"self":[{"href":"https:\/\/ermdigital.com\/index.php\/wp-json\/wp\/v2\/posts\/25086","targetHints":{"allow":["GET"]}}],"collection":[{"href":"https:\/\/ermdigital.com\/index.php\/wp-json\/wp\/v2\/posts"}],"about":[{"href":"https:\/\/ermdigital.com\/index.php\/wp-json\/wp\/v2\/types\/post"}],"author":[{"embeddable":true,"href":"https:\/\/ermdigital.com\/index.php\/wp-json\/wp\/v2\/users\/1"}],"replies":[{"embeddable":true,"href":"https:\/\/ermdigital.com\/index.php\/wp-json\/wp\/v2\/comments?post=25086"}],"version-history":[{"count":0,"href":"https:\/\/ermdigital.com\/index.php\/wp-json\/wp\/v2\/posts\/25086\/revisions"}],"wp:featuredmedia":[{"embeddable":true,"href":"https:\/\/ermdigital.com\/index.php\/wp-json\/wp\/v2\/media\/25087"}],"wp:attachment":[{"href":"https:\/\/ermdigital.com\/index.php\/wp-json\/wp\/v2\/media?parent=25086"}],"wp:term":[{"taxonomy":"category","embeddable":true,"href":"https:\/\/ermdigital.com\/index.php\/wp-json\/wp\/v2\/categories?post=25086"},{"taxonomy":"post_tag","embeddable":true,"href":"https:\/\/ermdigital.com\/index.php\/wp-json\/wp\/v2\/tags?post=25086"}],"curies":[{"name":"wp","href":"https:\/\/api.w.org\/{rel}","templated":true}]}}