{"id":25084,"date":"2026-04-27T15:13:56","date_gmt":"2026-04-27T19:13:56","guid":{"rendered":"https:\/\/ermdigital.com\/index.php\/2026\/04\/27\/rd-y-hungria-firman-acuerdo-aereo-para-promover-la-conectividad\/"},"modified":"2026-04-27T15:13:56","modified_gmt":"2026-04-27T19:13:56","slug":"rd-y-hungria-firman-acuerdo-aereo-para-promover-la-conectividad","status":"publish","type":"post","link":"https:\/\/ermdigital.com\/index.php\/2026\/04\/27\/rd-y-hungria-firman-acuerdo-aereo-para-promover-la-conectividad\/","title":{"rendered":"RD y Hungr\u00eda firman acuerdo a\u00e9reo para promover la conectividad"},"content":{"rendered":"<p><span class=\"field field--name-title field--type-string field--label-hidden\">RD y Hungr\u00eda firman acuerdo a\u00e9reo para promover la conectividad <\/span><br \/>\n<span class=\"field field--name-uid field--type-entity-reference field--label-hidden\"><span>rosahenriquez<\/span><\/span><br \/>\n<span class=\"field field--name-created field--type-created field--label-hidden\"><time datetime=\"2026-04-27T15:13:56-04:00\" title=\"Lunes, Abril 27, 2026 - 15:13\" class=\"datetime\">27 de  Abril 2026 | 15:13<\/time><br \/>\n<\/span><\/p>\n<div class=\"clearfix text-formatted field field--name-body field--type-text-with-summary field--label-hidden field__item\">\n<div class=\"OutlineElement Ltr SCXW60904117 BCX0\">\n<p class=\"text-align-justify\"><span class=\"TextRun SCXW60904117 BCX0 NormalTextRun\" lang=\"ES-ES\">Santo <\/span><span class=\"TextRun SCXW60904117 BCX0 NormalTextRun ContextualSpellingAndGrammarErrorV2Themed\" lang=\"ES-ES\">Domingo.\u2013<\/span><span class=\"TextRun SCXW60904117 BCX0 NormalTextRun\" lang=\"ES-ES\"> Tras a\u00f1os de negociaciones t\u00e9cnicas, los Gobiernos de la <strong>Rep\u00fablica Dominicana y Hungr\u00eda<\/strong> avanzan en la formalizaci\u00f3n de acuerdos para fortalecer las <strong>relaciones aerocomerciales <\/strong>entre ambos pa\u00edses.<\/span><span class=\"EOP SCXW60904117 BCX0\">\u00a0<\/span><\/p>\n<\/div>\n<div class=\"OutlineElement Ltr SCXW60904117 BCX0\">\n<p class=\"text-align-justify\"><span class=\"TextRun SCXW60904117 BCX0 NormalTextRun\" lang=\"ES\"><\/span><span class=\"TextRun SCXW60904117 BCX0 NormalTextRun\" lang=\"ES\">El proceso de firma de los instrumentos que buscan <strong>impulsar los servicios a\u00e9reos binacionales<\/strong> se llev\u00f3 a cabo en una reuni\u00f3n este 27 de abril de 2026, en la sede de la <strong>Junta de Aviaci\u00f3n Civil<\/strong> (JAC).<\/span><span class=\"EOP SCXW60904117 BCX0\">\u00a0<\/span><\/p>\n<\/div>\n<div class=\"OutlineElement Ltr SCXW60904117 BCX0\">\n<p class=\"text-align-justify\"><span class=\"TextRun SCXW60904117 BCX0 NormalTextRun\" lang=\"ES\"><\/span><span class=\"TextRun SCXW60904117 BCX0 NormalTextRun\" lang=\"ES\">Durante el encuentro, las autoridades de las partes desarrollaron la negociaci\u00f3n y firma de un <strong>memor\u00e1ndum de entendimiento<\/strong> (MOU), como paso previo a la r\u00fabrica de un <strong>Acuerdo de Servicios A\u00e9reos<\/strong> (ASA), marcando un avance decisivo en el fortalecimiento de sus relaciones bilaterales.<\/span><span class=\"EOP SCXW60904117 BCX0\">\u00a0<\/span><\/p>\n<\/div>\n<div class=\"OutlineElement Ltr SCXW60904117 BCX0\">\n<p class=\"text-align-justify\"><span class=\"TextRun SCXW60904117 BCX0 NormalTextRun\" lang=\"ES\"><\/span><span class=\"TextRun SCXW60904117 BCX0 NormalTextRun\" lang=\"ES\">Con estos convenios se establece un <strong>marco moderno y flexible<\/strong> para las operaciones a\u00e9reas, permitiendo a las aerol\u00edneas definir rutas, frecuencias y tarifas bajo criterios de mercado, lo que facilita una <strong>mayor conectividad<\/strong> entre ambos pa\u00edses.<\/span><span class=\"EOP SCXW60904117 BCX0\">\u00a0<\/span><\/p>\n<\/div>\n<div class=\"OutlineElement Ltr SCXW60904117 BCX0\">\n<p class=\"text-align-justify\"><span class=\"TextRun SCXW60904117 BCX0 NormalTextRun\" lang=\"ES\"><\/span><span class=\"TextRun SCXW60904117 BCX0 NormalTextRun\" lang=\"ES-ES\">La delegaci\u00f3n dominicana estuvo encabezada por <strong>H\u00e9ctor <\/strong><\/span><span class=\"TextRun SCXW60904117 BCX0 NormalTextRun SpellingErrorV2Themed\" lang=\"ES-ES\"><strong>Porcella<\/strong><\/span><span class=\"TextRun SCXW60904117 BCX0 NormalTextRun\" lang=\"ES-ES\">, presidente de la <strong>JAC<\/strong>, acompa\u00f1ado por la comisi\u00f3n de acuerdos que recibi\u00f3 a la delegaci\u00f3n de Hungr\u00eda, presidida por el <strong>Dr. <\/strong><\/span><span class=\"TextRun SCXW60904117 BCX0 NormalTextRun SpellingErrorV2Themed\" lang=\"ES-ES\"><strong>M\u00e1t\u00e9<\/strong><\/span><span class=\"TextRun SCXW60904117 BCX0 NormalTextRun\" lang=\"ES-ES\"><strong> <\/strong><\/span><span class=\"TextRun SCXW60904117 BCX0 NormalTextRun SpellingErrorV2Themed\" lang=\"ES-ES\"><strong>L\u0151winger<\/strong><\/span><span class=\"TextRun SCXW60904117 BCX0 NormalTextRun\" lang=\"ES-ES\">, director de la Direcci\u00f3n General de Aviaci\u00f3n Civil de Hungr\u00eda (DGAC), acompa\u00f1ado por su asesor, <\/span><span class=\"TextRun SCXW60904117 BCX0 NormalTextRun SpellingErrorV2Themed\" lang=\"ES-ES\"><strong>Bendeg\u00faz<\/strong><\/span><span class=\"TextRun SCXW60904117 BCX0 NormalTextRun\" lang=\"ES-ES\"><strong> <\/strong><\/span><span class=\"TextRun SCXW60904117 BCX0 NormalTextRun SpellingErrorV2Themed\" lang=\"ES-ES\"><strong>J\u00e1nos<\/strong><\/span><span class=\"TextRun SCXW60904117 BCX0 NormalTextRun\" lang=\"ES-ES\"><strong> <\/strong><\/span><span class=\"TextRun SCXW60904117 BCX0 NormalTextRun SpellingErrorV2Themed\" lang=\"ES-ES\"><strong>Jagodics<\/strong><\/span><span class=\"TextRun SCXW60904117 BCX0 NormalTextRun\" lang=\"ES-ES\"><strong>,<\/strong> y <strong>Bal\u00e1zs <\/strong><\/span><span class=\"TextRun SCXW60904117 BCX0 NormalTextRun SpellingErrorV2Themed\" lang=\"ES-ES\"><strong>Heincz<\/strong><\/span><span class=\"TextRun SCXW60904117 BCX0 NormalTextRun\" lang=\"ES-ES\">, embajador de la Rep\u00fablica de Hungr\u00eda en Cuba, concurrente en la Rep\u00fablica Dominicana.<\/span><span class=\"EOP SCXW60904117 BCX0\">\u00a0<\/span><\/p>\n<\/div>\n<div class=\"OutlineElement Ltr SCXW60904117 BCX0\">\n<p class=\"text-align-justify\"><span class=\"TextRun SCXW60904117 BCX0 NormalTextRun\" lang=\"ES\"><\/span><span class=\"TextRun SCXW60904117 BCX0 NormalTextRun\" lang=\"ES\">En febrero de 2019, las partes revisaron\u00a0<\/span><span class=\"EOP SCXW60904117 BCX0\"> <\/span><span class=\"TextRun SCXW60904117 BCX0 NormalTextRun\" lang=\"ES\">dicho instrumento, concluyendo la conveniencia de avanzar hacia un acuerdo formal actualizado que <strong>regule los servicios a\u00e9reos bilaterales.<\/strong><\/span><span class=\"EOP SCXW60904117 BCX0\">\u00a0<\/span><\/p>\n<\/div>\n<div class=\"OutlineElement Ltr SCXW60904117 BCX0\">\n<p class=\"text-align-justify\"><strong><span class=\"TextRun SCXW60904117 BCX0 NormalTextRun\" lang=\"ES\"><\/span><\/strong><span class=\"TextRun SCXW60904117 BCX0 NormalTextRun\" lang=\"ES\">Datos del <strong>Banco Central de la Rep\u00fablica Dominicana<\/strong> indican que entre 2019 y febrero de 2026 unos <strong>52,000 pasajeros h\u00fangaros<\/strong> visitaron el pa\u00eds, cuyos registros evidencian un mercado con alto potencial para el desarrollo de rutas m\u00e1s eficientes e incluso directas.<\/span><span class=\"EOP SCXW60904117 BCX0\">\u00a0<\/span><\/p>\n<\/div>\n<div class=\"OutlineElement Ltr SCXW60904117 BCX0\">\n<p class=\"text-align-justify\"><span class=\"TextRun SCXW60904117 BCX0 NormalTextRun\" lang=\"ES\"><\/span><span class=\"TextRun SCXW60904117 BCX0 NormalTextRun\" lang=\"ES-ES\">Estos acuerdos representan una oportunidad estrat\u00e9gica para fortalecer el <strong>turismo, el comercio, la inversi\u00f3n y los v\u00ednculos bilaterales,<\/strong> al tiempo que posicionan a la Rep\u00fablica Dominicana como un <\/span><span class=\"TextRun SCXW60904117 BCX0 NormalTextRun SpellingErrorV2Themed\" lang=\"ES-ES\">hub<\/span><span class=\"TextRun SCXW60904117 BCX0 NormalTextRun\" lang=\"ES-ES\"> clave de conectividad a\u00e9rea <strong>hacia Europa<\/strong> y otros destinos no tradicionales.<\/span><span class=\"EOP SCXW60904117 BCX0\">\u00a0<\/span><\/p>\n<\/div>\n<\/div>\n<div class=\"field field--name-field-image field--type-image field--label-hidden field__item\">  <img decoding=\"async\" loading=\"lazy\" src=\"https:\/\/www.presidencia.gob.do\/sites\/default\/files\/news\/2026-04\/Dise%C3%B1o%20sin%20t%C3%ADtulo%20%2832%29.png\" width=\"1300\" height=\"730\" alt=\"JAC\"><\/p>\n<\/div>\n<p>\u00a0RD y Hungr\u00eda firman acuerdo a\u00e9reo para promover la conectividad<br \/>\nrosahenriquez<br \/>\n27 de  Abril 2026 | 15:13<\/p>\n<p>Santo Domingo.\u2013 Tras a\u00f1os de negociaciones t\u00e9cnicas, los Gobiernos de la Rep\u00fablica Dominicana y Hungr\u00eda avanzan en la formalizaci\u00f3n de acuerdos para fortalecer las relaciones aerocomerciales entre ambos pa\u00edses.\u00a0<\/p>\n<p>El proceso de firma de los instrumentos que buscan impulsar los servicios a\u00e9reos binacionales se llev\u00f3 a cabo en una reuni\u00f3n este 27 de abril de 2026, en la sede de la Junta de Aviaci\u00f3n Civil (JAC).\u00a0<\/p>\n<p>Durante el encuentro, las autoridades de las partes desarrollaron la negociaci\u00f3n y firma de un memor\u00e1ndum de entendimiento (MOU), como paso previo a la r\u00fabrica de un Acuerdo de Servicios A\u00e9reos (ASA), marcando un avance decisivo en el fortalecimiento de sus relaciones bilaterales.\u00a0<\/p>\n<p>Con estos convenios se establece un marco moderno y flexible para las operaciones a\u00e9reas, permitiendo a las aerol\u00edneas definir rutas, frecuencias y tarifas bajo criterios de mercado, lo que facilita una mayor conectividad entre ambos pa\u00edses.\u00a0<\/p>\n<p>La delegaci\u00f3n dominicana estuvo encabezada por H\u00e9ctor Porcella, presidente de la JAC, acompa\u00f1ado por la comisi\u00f3n de acuerdos que recibi\u00f3 a la delegaci\u00f3n de Hungr\u00eda, presidida por el Dr. M\u00e1t\u00e9 L\u0151winger, director de la Direcci\u00f3n General de Aviaci\u00f3n Civil de Hungr\u00eda (DGAC), acompa\u00f1ado por su asesor, Bendeg\u00faz J\u00e1nos Jagodics, y Bal\u00e1zs Heincz, embajador de la Rep\u00fablica de Hungr\u00eda en Cuba, concurrente en la Rep\u00fablica Dominicana.\u00a0<\/p>\n<p>En febrero de 2019, las partes revisaron\u00a0 dicho instrumento, concluyendo la conveniencia de avanzar hacia un acuerdo formal actualizado que regule los servicios a\u00e9reos bilaterales.\u00a0<\/p>\n<p>Datos del Banco Central de la Rep\u00fablica Dominicana indican que entre 2019 y febrero de 2026 unos 52,000 pasajeros h\u00fangaros visitaron el pa\u00eds, cuyos registros evidencian un mercado con alto potencial para el desarrollo de rutas m\u00e1s eficientes e incluso directas.\u00a0<\/p>\n<p>Estos acuerdos representan una oportunidad estrat\u00e9gica para fortalecer el turismo, el comercio, la inversi\u00f3n y los v\u00ednculos bilaterales, al tiempo que posicionan a la Rep\u00fablica Dominicana como un hub clave de conectividad a\u00e9rea hacia Europa y otros destinos no tradicionales.\u00a0\u00a0\u00a0\u00a0<\/p>\n","protected":false},"excerpt":{"rendered":"<p>RD y Hungr\u00eda firman acuerdo a\u00e9reo para promover la conectividad rosahenriquez 27 de Abril 2026 | 15:13 Santo Domingo.\u2013 Tras a\u00f1os de negociaciones t\u00e9cnicas, los Gobiernos de la Rep\u00fablica Dominicana y Hungr\u00eda avanzan en la formalizaci\u00f3n de acuerdos para fortalecer las relaciones aerocomerciales entre ambos pa\u00edses.\u00a0 El proceso de firma de los instrumentos que buscan [&hellip;]<\/p>\n","protected":false},"author":1,"featured_media":25085,"comment_status":"open","ping_status":"open","sticky":false,"template":"","format":"standard","meta":{"amp_status":"","footnotes":""},"categories":[8],"tags":[],"class_list":["post-25084","post","type-post","status-publish","format-standard","has-post-thumbnail","hentry","category-republica"],"_links":{"self":[{"href":"https:\/\/ermdigital.com\/index.php\/wp-json\/wp\/v2\/posts\/25084","targetHints":{"allow":["GET"]}}],"collection":[{"href":"https:\/\/ermdigital.com\/index.php\/wp-json\/wp\/v2\/posts"}],"about":[{"href":"https:\/\/ermdigital.com\/index.php\/wp-json\/wp\/v2\/types\/post"}],"author":[{"embeddable":true,"href":"https:\/\/ermdigital.com\/index.php\/wp-json\/wp\/v2\/users\/1"}],"replies":[{"embeddable":true,"href":"https:\/\/ermdigital.com\/index.php\/wp-json\/wp\/v2\/comments?post=25084"}],"version-history":[{"count":0,"href":"https:\/\/ermdigital.com\/index.php\/wp-json\/wp\/v2\/posts\/25084\/revisions"}],"wp:featuredmedia":[{"embeddable":true,"href":"https:\/\/ermdigital.com\/index.php\/wp-json\/wp\/v2\/media\/25085"}],"wp:attachment":[{"href":"https:\/\/ermdigital.com\/index.php\/wp-json\/wp\/v2\/media?parent=25084"}],"wp:term":[{"taxonomy":"category","embeddable":true,"href":"https:\/\/ermdigital.com\/index.php\/wp-json\/wp\/v2\/categories?post=25084"},{"taxonomy":"post_tag","embeddable":true,"href":"https:\/\/ermdigital.com\/index.php\/wp-json\/wp\/v2\/tags?post=25084"}],"curies":[{"name":"wp","href":"https:\/\/api.w.org\/{rel}","templated":true}]}}