{"id":25080,"date":"2026-04-27T14:19:53","date_gmt":"2026-04-27T18:19:53","guid":{"rendered":"https:\/\/ermdigital.com\/index.php\/2026\/04\/27\/comunitarios-de-la-cuaba-protestan-frente-al-palacio-contra-instalacion-de-relleno-sanitario\/"},"modified":"2026-04-27T14:19:53","modified_gmt":"2026-04-27T18:19:53","slug":"comunitarios-de-la-cuaba-protestan-frente-al-palacio-contra-instalacion-de-relleno-sanitario","status":"publish","type":"post","link":"https:\/\/ermdigital.com\/index.php\/2026\/04\/27\/comunitarios-de-la-cuaba-protestan-frente-al-palacio-contra-instalacion-de-relleno-sanitario\/","title":{"rendered":"Comunitarios de La Cuaba protestan frente al Palacio contra instalaci\u00f3n de relleno sanitario\u00a0"},"content":{"rendered":"<p>&lt;![CDATA[<\/p>\n<p>Residentes del Distrito Municipal <b>La Cuaba<\/b>, protestaron este lunes frente al Palacio Nacional, en rechazo a la posible instalaci\u00f3n de un<b> relleno sanitario <\/b>en la comunidad, lo que seg\u00fan los comunitarios producir\u00eda graves da\u00f1os ambientales, econ\u00f3micos y sociales.<\/p>\n<p><a href=\"https:\/\/listindiario.com\/la-republica\/20260427\/comunitarios-cuava-protestan-instalacion-relleno-frente-palacio-nacional_903454.html\">wf_cms.rss.read_more<\/a><\/p>\n<p>]]&gt;<\/p>\n<p>\u200bLos manifestantes denunciaron adem\u00e1s supuestos intentos de intimidaci\u00f3n por parte de personas vinculadas a la empresa responsable del proyecto\u00a0\u00a0La Rep\u00fablica\u00a0<\/p>\n","protected":false},"excerpt":{"rendered":"<p>&lt;![CDATA[ Residentes del Distrito Municipal La Cuaba, protestaron este lunes frente al Palacio Nacional, en rechazo a la posible instalaci\u00f3n de un relleno sanitario en la comunidad, lo que seg\u00fan los comunitarios producir\u00eda graves da\u00f1os ambientales, econ\u00f3micos y sociales. wf_cms.rss.read_more ]]&gt; \u200bLos manifestantes denunciaron adem\u00e1s supuestos intentos de intimidaci\u00f3n por parte de personas vinculadas a [&hellip;]<\/p>\n","protected":false},"author":1,"featured_media":25081,"comment_status":"open","ping_status":"open","sticky":false,"template":"","format":"standard","meta":{"amp_status":"","footnotes":""},"categories":[5],"tags":[],"class_list":["post-25080","post","type-post","status-publish","format-standard","has-post-thumbnail","hentry","category-politica"],"_links":{"self":[{"href":"https:\/\/ermdigital.com\/index.php\/wp-json\/wp\/v2\/posts\/25080","targetHints":{"allow":["GET"]}}],"collection":[{"href":"https:\/\/ermdigital.com\/index.php\/wp-json\/wp\/v2\/posts"}],"about":[{"href":"https:\/\/ermdigital.com\/index.php\/wp-json\/wp\/v2\/types\/post"}],"author":[{"embeddable":true,"href":"https:\/\/ermdigital.com\/index.php\/wp-json\/wp\/v2\/users\/1"}],"replies":[{"embeddable":true,"href":"https:\/\/ermdigital.com\/index.php\/wp-json\/wp\/v2\/comments?post=25080"}],"version-history":[{"count":0,"href":"https:\/\/ermdigital.com\/index.php\/wp-json\/wp\/v2\/posts\/25080\/revisions"}],"wp:featuredmedia":[{"embeddable":true,"href":"https:\/\/ermdigital.com\/index.php\/wp-json\/wp\/v2\/media\/25081"}],"wp:attachment":[{"href":"https:\/\/ermdigital.com\/index.php\/wp-json\/wp\/v2\/media?parent=25080"}],"wp:term":[{"taxonomy":"category","embeddable":true,"href":"https:\/\/ermdigital.com\/index.php\/wp-json\/wp\/v2\/categories?post=25080"},{"taxonomy":"post_tag","embeddable":true,"href":"https:\/\/ermdigital.com\/index.php\/wp-json\/wp\/v2\/tags?post=25080"}],"curies":[{"name":"wp","href":"https:\/\/api.w.org\/{rel}","templated":true}]}}