{"id":25076,"date":"2026-04-27T14:58:00","date_gmt":"2026-04-27T18:58:00","guid":{"rendered":"https:\/\/ermdigital.com\/index.php\/2026\/04\/27\/dictan-tres-meses-de-prision-contra-siete-imputados-de-la-muerte-de-deivy-abreu\/"},"modified":"2026-04-27T14:58:00","modified_gmt":"2026-04-27T18:58:00","slug":"dictan-tres-meses-de-prision-contra-siete-imputados-de-la-muerte-de-deivy-abreu","status":"publish","type":"post","link":"https:\/\/ermdigital.com\/index.php\/2026\/04\/27\/dictan-tres-meses-de-prision-contra-siete-imputados-de-la-muerte-de-deivy-abreu\/","title":{"rendered":"Dictan tres meses de prisi\u00f3n contra siete imputados de la muerte de Deivy Abreu\u00a0"},"content":{"rendered":"<p>&lt;![CDATA[<\/p>\n<p>El Tribunal la Oficina Judicial de Servicios de Atenci\u00f3n Permanente de Santiago  dict\u00f3 tres meses de prisi\u00f3n preventiva contra los siete implicados en la muerte de Deivy Carlos Abreu Quezada, el chofer de cami\u00f3n recolector de desechos s\u00f3lidos, perseguido y agredido por un grupo de motoristas  en el Palacio de Justicia de Santiago.<\/p>\n<p><a href=\"https:\/\/listindiario.com\/la-republica\/20260427\/tres-meses-prision-preventiva-siete-imputados-muerte-deivy-abreu_903457.html\">wf_cms.rss.read_more<\/a><\/p>\n<p>]]&gt;<\/p>\n<p>\u200bTanto los abogados de los imputados, como el defensor legal de la familia de Deivy, expresaron su conformidad con la medida impuesta por el Tribunal\u00a0\u00a0La Rep\u00fablica\u00a0<\/p>\n","protected":false},"excerpt":{"rendered":"<p>&lt;![CDATA[ El Tribunal la Oficina Judicial de Servicios de Atenci\u00f3n Permanente de Santiago dict\u00f3 tres meses de prisi\u00f3n preventiva contra los siete implicados en la muerte de Deivy Carlos Abreu Quezada, el chofer de cami\u00f3n recolector de desechos s\u00f3lidos, perseguido y agredido por un grupo de motoristas en el Palacio de Justicia de Santiago. wf_cms.rss.read_more [&hellip;]<\/p>\n","protected":false},"author":1,"featured_media":25077,"comment_status":"open","ping_status":"open","sticky":false,"template":"","format":"standard","meta":{"amp_status":"","footnotes":""},"categories":[5],"tags":[],"class_list":["post-25076","post","type-post","status-publish","format-standard","has-post-thumbnail","hentry","category-politica"],"_links":{"self":[{"href":"https:\/\/ermdigital.com\/index.php\/wp-json\/wp\/v2\/posts\/25076","targetHints":{"allow":["GET"]}}],"collection":[{"href":"https:\/\/ermdigital.com\/index.php\/wp-json\/wp\/v2\/posts"}],"about":[{"href":"https:\/\/ermdigital.com\/index.php\/wp-json\/wp\/v2\/types\/post"}],"author":[{"embeddable":true,"href":"https:\/\/ermdigital.com\/index.php\/wp-json\/wp\/v2\/users\/1"}],"replies":[{"embeddable":true,"href":"https:\/\/ermdigital.com\/index.php\/wp-json\/wp\/v2\/comments?post=25076"}],"version-history":[{"count":0,"href":"https:\/\/ermdigital.com\/index.php\/wp-json\/wp\/v2\/posts\/25076\/revisions"}],"wp:featuredmedia":[{"embeddable":true,"href":"https:\/\/ermdigital.com\/index.php\/wp-json\/wp\/v2\/media\/25077"}],"wp:attachment":[{"href":"https:\/\/ermdigital.com\/index.php\/wp-json\/wp\/v2\/media?parent=25076"}],"wp:term":[{"taxonomy":"category","embeddable":true,"href":"https:\/\/ermdigital.com\/index.php\/wp-json\/wp\/v2\/categories?post=25076"},{"taxonomy":"post_tag","embeddable":true,"href":"https:\/\/ermdigital.com\/index.php\/wp-json\/wp\/v2\/tags?post=25076"}],"curies":[{"name":"wp","href":"https:\/\/api.w.org\/{rel}","templated":true}]}}