{"id":25074,"date":"2026-04-27T13:22:16","date_gmt":"2026-04-27T17:22:16","guid":{"rendered":"https:\/\/ermdigital.com\/index.php\/2026\/04\/27\/collado-sosua-es-hoy-un-ejemplo-de-recuperacion-y-dignificacion-del-turismo\/"},"modified":"2026-04-27T13:22:16","modified_gmt":"2026-04-27T17:22:16","slug":"collado-sosua-es-hoy-un-ejemplo-de-recuperacion-y-dignificacion-del-turismo","status":"publish","type":"post","link":"https:\/\/ermdigital.com\/index.php\/2026\/04\/27\/collado-sosua-es-hoy-un-ejemplo-de-recuperacion-y-dignificacion-del-turismo\/","title":{"rendered":"Collado: \u201cSos\u00faa es hoy un ejemplo de recuperaci\u00f3n y dignificaci\u00f3n del turismo\u201d"},"content":{"rendered":"<p>Sos\u00faa, Puerto Plata.\u2013 El ministro de Turismo, David Collado, asegur\u00f3 que la intervenci\u00f3n del frente costero de Sos\u00faa forma parte de una visi\u00f3n integral del Gobierno para recuperar los espacios p\u00fablicos y garantizar que el turismo beneficie directamente a la poblaci\u00f3n.<\/p>\n<p>Durante el acto encabezado por el presidente Luis Abinader, el funcionario explic\u00f3 que esta estrategia inici\u00f3 en medio de la pandemia, cuando se plante\u00f3 la necesidad de rescatar playas p\u00fablicas que, seg\u00fan indic\u00f3, se encontraban abandonadas y en condiciones precarias.<\/p>\n<blockquote class=\"wp-block-quote is-layout-flow wp-block-quote-is-layout-flow\">\n<p>\u201cEl turismo tiene que permear a todos los dominicanos. La riqueza que genera no puede quedarse dentro de las paredes de los hoteles\u201d, expres\u00f3 Collado, al destacar que los proyectos buscan dignificar a los vendedores y trabajadores informales que dependen de esta actividad.<\/p>\n<\/blockquote>\n<p>El ministro enumer\u00f3 diversas intervenciones realizadas en el pa\u00eds, incluyendo Guayacanes, Macao, Playa Esmeralda, Las Galeras en Saman\u00e1 y Boca Chica, as\u00ed como la recuperaci\u00f3n de malecones en distintas provincias, con el objetivo de acercar a la poblaci\u00f3n al mar y revitalizar entornos urbanos.<\/p>\n<p>En el caso de Sos\u00faa, resalt\u00f3 que la obra implic\u00f3 una inversi\u00f3n cercana a los 10 millones de d\u00f3lares e incluy\u00f3 soluciones de drenaje pluvial, iluminaci\u00f3n y reorganizaci\u00f3n del espacio, adem\u00e1s de un proceso de transformaci\u00f3n social orientado a erradicar problem\u00e1ticas como la prostituci\u00f3n y la explotaci\u00f3n de menores.<\/p>\n<p>Collado indic\u00f3 que el proyecto prioriz\u00f3 a los vendedores tradicionales, a quienes se les asignaron locales, equipamientos y facilidades de financiamiento, junto con programas de capacitaci\u00f3n para fomentar el emprendimiento.<\/p>\n<blockquote class=\"wp-block-quote is-layout-flow wp-block-quote-is-layout-flow\">\n<p>\u201cEsta es una historia diferente, donde se ha respetado la dignidad de quienes durante a\u00f1os han trabajado en condiciones dif\u00edciles\u201d, afirm\u00f3.<\/p>\n<\/blockquote>\n<p>El funcionario tambi\u00e9n destac\u00f3 la participaci\u00f3n del sector privado, incluyendo el aporte de terrenos por parte de actores locales, lo que permiti\u00f3 desarrollar un modelo \u201cganar-ganar\u201d para todos los involucrados.<\/p>\n<p>Asimismo, inform\u00f3 que el pa\u00eds atraviesa el mejor momento de su industria tur\u00edstica, al registrar cifras r\u00e9cord de visitantes en los primeros meses del a\u00f1o, superando el mill\u00f3n de llegadas mensuales pese al contexto internacional adverso.<\/p>\n<p>En ese sentido, resalt\u00f3 que la provincia de Puerto Plata mantiene una ocupaci\u00f3n hotelera cercana al 95%, mientras que el pa\u00eds contin\u00faa consolid\u00e1ndose como uno de los destinos m\u00e1s s\u00f3lidos de la regi\u00f3n.<\/p>\n<p><strong><em>Te puede interesar: <a href=\"https:\/\/deultimominuto.net\/nacionales\/abinader-afirma-que-intervencion-en-sosua-marca-un-renacer-turistico-y-social-de-la-zona\/\">Abinader afirma que intervenci\u00f3n en Sos\u00faa marca \u201cun renacer\u201d tur\u00edstico y social de la zona<\/a><\/em><\/strong><\/p>\n<p>El ministro tambi\u00e9n anunci\u00f3 nuevas inversiones, como la intervenci\u00f3n de Playa Teco y el desarrollo de proyectos estrat\u00e9gicos como Punta Bergant\u00edn, as\u00ed como el fortalecimiento del turismo de cruceros en la zona.<\/p>\n<p>Finalmente, Collado atribuy\u00f3 estos resultados a la alianza p\u00fablico-privada y al liderazgo del presidente Abinader, al considerar que han permitido posicionar a la Rep\u00fablica Dominicana como referente regional en la recuperaci\u00f3n del turismo.<\/p>\n<p>\u201cEl mejor momento del turismo dominicano es ahora\u201d, concluy\u00f3.<\/p>\n<p>\u200bSos\u00faa, Puerto Plata.\u2013 El ministro de Turismo, David Collado, asegur\u00f3 que la intervenci\u00f3n del frente costero de Sos\u00faa forma parte de una visi\u00f3n integral del Gobierno para recuperar los espacios p\u00fablicos y garantizar que el turismo beneficie directamente a la poblaci\u00f3n. Durante el acto encabezado por el presidente Luis Abinader, el funcionario explic\u00f3 que esta\u00a0\u00a0Nacionales, Collado, Deultimominuto, ElPeri\u00f3dicodelaVerdad, Rep\u00fablica Dominicana, Sos\u00faa, Turismo\u00a0\u00a0<\/p>\n","protected":false},"excerpt":{"rendered":"<p>Sos\u00faa, Puerto Plata.\u2013 El ministro de Turismo, David Collado, asegur\u00f3 que la intervenci\u00f3n del frente costero de Sos\u00faa forma parte de una visi\u00f3n integral del Gobierno para recuperar los espacios p\u00fablicos y garantizar que el turismo beneficie directamente a la poblaci\u00f3n. Durante el acto encabezado por el presidente Luis Abinader, el funcionario explic\u00f3 que esta [&hellip;]<\/p>\n","protected":false},"author":1,"featured_media":25075,"comment_status":"open","ping_status":"open","sticky":false,"template":"","format":"standard","meta":{"amp_status":"","footnotes":""},"categories":[3],"tags":[],"class_list":["post-25074","post","type-post","status-publish","format-standard","has-post-thumbnail","hentry","category-de-ultimo-minuto"],"_links":{"self":[{"href":"https:\/\/ermdigital.com\/index.php\/wp-json\/wp\/v2\/posts\/25074","targetHints":{"allow":["GET"]}}],"collection":[{"href":"https:\/\/ermdigital.com\/index.php\/wp-json\/wp\/v2\/posts"}],"about":[{"href":"https:\/\/ermdigital.com\/index.php\/wp-json\/wp\/v2\/types\/post"}],"author":[{"embeddable":true,"href":"https:\/\/ermdigital.com\/index.php\/wp-json\/wp\/v2\/users\/1"}],"replies":[{"embeddable":true,"href":"https:\/\/ermdigital.com\/index.php\/wp-json\/wp\/v2\/comments?post=25074"}],"version-history":[{"count":0,"href":"https:\/\/ermdigital.com\/index.php\/wp-json\/wp\/v2\/posts\/25074\/revisions"}],"wp:featuredmedia":[{"embeddable":true,"href":"https:\/\/ermdigital.com\/index.php\/wp-json\/wp\/v2\/media\/25075"}],"wp:attachment":[{"href":"https:\/\/ermdigital.com\/index.php\/wp-json\/wp\/v2\/media?parent=25074"}],"wp:term":[{"taxonomy":"category","embeddable":true,"href":"https:\/\/ermdigital.com\/index.php\/wp-json\/wp\/v2\/categories?post=25074"},{"taxonomy":"post_tag","embeddable":true,"href":"https:\/\/ermdigital.com\/index.php\/wp-json\/wp\/v2\/tags?post=25074"}],"curies":[{"name":"wp","href":"https:\/\/api.w.org\/{rel}","templated":true}]}}