{"id":25072,"date":"2026-04-27T13:28:36","date_gmt":"2026-04-27T17:28:36","guid":{"rendered":"https:\/\/ermdigital.com\/index.php\/2026\/04\/27\/paliza-destaca-relanzamiento-de-sosua-un-regreso-al-destino-que-siempre-sonamos\/"},"modified":"2026-04-27T13:28:36","modified_gmt":"2026-04-27T17:28:36","slug":"paliza-destaca-relanzamiento-de-sosua-un-regreso-al-destino-que-siempre-sonamos","status":"publish","type":"post","link":"https:\/\/ermdigital.com\/index.php\/2026\/04\/27\/paliza-destaca-relanzamiento-de-sosua-un-regreso-al-destino-que-siempre-sonamos\/","title":{"rendered":"Paliza destaca relanzamiento de Sos\u00faa: \u201cun regreso al destino que siempre so\u00f1amos\u201d"},"content":{"rendered":"<p>Sos\u00faa, Puerto Plata.\u2013 El ministro de la Presidencia, Jos\u00e9 Ignacio Paliza, resalt\u00f3 el impacto del proyecto de mejoramiento del frente costero de Sos\u00faa, al afirmar que marca el \u201crelanzamiento\u201d y \u201crenacer\u201d de este emblem\u00e1tico destino tur\u00edstico del pa\u00eds.<\/p>\n<p>Durante el acto encabezado por el presidente Luis Abinader y el ministro de Turismo, David Collado, el funcionario valor\u00f3 el papel de los trabajadores y comunitarios que han dado vida a la playa.<\/p>\n<p>\u201cFelicitamos a los hombres y mujeres que han hecho de Playa Sos\u00faa su oficio, que le han dado vida y prop\u00f3sito\u201d, expres\u00f3, al reconocer su aporte al desarrollo del destino.<\/p>\n<p>Paliza destac\u00f3 el significado hist\u00f3rico y emocional de Sos\u00faa para los dominicanos, al se\u00f1alar que generaciones han crecido vinculadas a este espacio.<\/p>\n<blockquote class=\"wp-block-quote is-layout-flow wp-block-quote-is-layout-flow\">\n<p>\u201cTodos tenemos un recuerdo en esta playa, un momento vivido, una historia familiar\u201d, manifest\u00f3.<\/p>\n<\/blockquote>\n<p>El ministro indic\u00f3 que durante d\u00e9cadas se so\u00f1\u00f3 con una transformaci\u00f3n como la que hoy se ejecuta, la cual, asegur\u00f3, ha sido posible gracias al impulso del Gobierno y a la gesti\u00f3n del Ministerio de Turismo.<\/p>\n<p>En ese sentido, elogi\u00f3 la labor del ministro Collado, resaltando su \u201cforma prudente y armonizadora\u201d para llevar adelante el proyecto, as\u00ed como el liderazgo del presidente Abinader para concretar la iniciativa.<\/p>\n<p><strong><em>Te puede interesar: <a href=\"https:\/\/deultimominuto.net\/nacionales\/abinader-afirma-que-intervencion-en-sosua-marca-un-renacer-turistico-y-social-de-la-zona\/\">Abinader afirma que intervenci\u00f3n en Sos\u00faa marca \u201cun renacer\u201d tur\u00edstico y social de la zona<\/a><\/em><\/strong><\/p>\n<p>Asimismo, defini\u00f3 a Sos\u00faa como un punto de encuentro cultural, tanto para dominicanos como para visitantes internacionales, lo que, a su juicio, refuerza su valor estrat\u00e9gico dentro del turismo nacional.<\/p>\n<blockquote class=\"wp-block-quote is-layout-flow wp-block-quote-is-layout-flow\">\n<p>\u201cHoy celebramos el reencuentro con la nueva playa de Sos\u00faa, un regreso al destino que siempre hemos so\u00f1ado\u201d, afirm\u00f3.<\/p>\n<\/blockquote>\n<p>Finalmente, Paliza consider\u00f3 que la obra devuelve a Sos\u00faa el brillo que hist\u00f3ricamente la caracteriz\u00f3 y consolida su posicionamiento como uno de los principales atractivos tur\u00edsticos de la regi\u00f3n norte.<\/p>\n<p>\u200bSos\u00faa, Puerto Plata.\u2013 El ministro de la Presidencia, Jos\u00e9 Ignacio Paliza, resalt\u00f3 el impacto del proyecto de mejoramiento del frente costero de Sos\u00faa, al afirmar que marca el \u201crelanzamiento\u201d y \u201crenacer\u201d de este emblem\u00e1tico destino tur\u00edstico del pa\u00eds. Durante el acto encabezado por el presidente Luis Abinader y el ministro de Turismo, David Collado, el\u00a0\u00a0Nacionales, Deultimominuto, ElPeri\u00f3dicodelaVerdad, Paliza, Rep\u00fablica Dominicana, Sos\u00faa, Turismo\u00a0\u00a0<\/p>\n","protected":false},"excerpt":{"rendered":"<p>Sos\u00faa, Puerto Plata.\u2013 El ministro de la Presidencia, Jos\u00e9 Ignacio Paliza, resalt\u00f3 el impacto del proyecto de mejoramiento del frente costero de Sos\u00faa, al afirmar que marca el \u201crelanzamiento\u201d y \u201crenacer\u201d de este emblem\u00e1tico destino tur\u00edstico del pa\u00eds. Durante el acto encabezado por el presidente Luis Abinader y el ministro de Turismo, David Collado, el [&hellip;]<\/p>\n","protected":false},"author":1,"featured_media":25073,"comment_status":"open","ping_status":"open","sticky":false,"template":"","format":"standard","meta":{"amp_status":"","footnotes":""},"categories":[3],"tags":[],"class_list":["post-25072","post","type-post","status-publish","format-standard","has-post-thumbnail","hentry","category-de-ultimo-minuto"],"_links":{"self":[{"href":"https:\/\/ermdigital.com\/index.php\/wp-json\/wp\/v2\/posts\/25072","targetHints":{"allow":["GET"]}}],"collection":[{"href":"https:\/\/ermdigital.com\/index.php\/wp-json\/wp\/v2\/posts"}],"about":[{"href":"https:\/\/ermdigital.com\/index.php\/wp-json\/wp\/v2\/types\/post"}],"author":[{"embeddable":true,"href":"https:\/\/ermdigital.com\/index.php\/wp-json\/wp\/v2\/users\/1"}],"replies":[{"embeddable":true,"href":"https:\/\/ermdigital.com\/index.php\/wp-json\/wp\/v2\/comments?post=25072"}],"version-history":[{"count":0,"href":"https:\/\/ermdigital.com\/index.php\/wp-json\/wp\/v2\/posts\/25072\/revisions"}],"wp:featuredmedia":[{"embeddable":true,"href":"https:\/\/ermdigital.com\/index.php\/wp-json\/wp\/v2\/media\/25073"}],"wp:attachment":[{"href":"https:\/\/ermdigital.com\/index.php\/wp-json\/wp\/v2\/media?parent=25072"}],"wp:term":[{"taxonomy":"category","embeddable":true,"href":"https:\/\/ermdigital.com\/index.php\/wp-json\/wp\/v2\/categories?post=25072"},{"taxonomy":"post_tag","embeddable":true,"href":"https:\/\/ermdigital.com\/index.php\/wp-json\/wp\/v2\/tags?post=25072"}],"curies":[{"name":"wp","href":"https:\/\/api.w.org\/{rel}","templated":true}]}}