{"id":25064,"date":"2026-04-27T13:52:07","date_gmt":"2026-04-27T17:52:07","guid":{"rendered":"https:\/\/ermdigital.com\/index.php\/2026\/04\/27\/senadora-de-puerto-plata-resalta-renacer-de-sosua-y-llama-a-valorar-su-historia-y-desarrollo\/"},"modified":"2026-04-27T13:52:07","modified_gmt":"2026-04-27T17:52:07","slug":"senadora-de-puerto-plata-resalta-renacer-de-sosua-y-llama-a-valorar-su-historia-y-desarrollo","status":"publish","type":"post","link":"https:\/\/ermdigital.com\/index.php\/2026\/04\/27\/senadora-de-puerto-plata-resalta-renacer-de-sosua-y-llama-a-valorar-su-historia-y-desarrollo\/","title":{"rendered":"Senadora de Puerto Plata resalta \u201crenacer\u201d de Sos\u00faa y llama a valorar su historia y desarrollo"},"content":{"rendered":"<p><strong><em>Sos\u00faa, Puerto Plata.\u2013 <\/em><\/strong>La senadora de Puerto Plata, Ginnette Bournigal, afirm\u00f3 que la intervenci\u00f3n del frente costero de Sos\u00faa marca el inicio de una nueva etapa para este destino tur\u00edstico, al que defini\u00f3 como \u201cun sitio luminoso\u201d con un gran valor hist\u00f3rico y humano.<\/p>\n<p>Durante su intervenci\u00f3n en el acto encabezado por el presidente <a href=\"https:\/\/deultimominuto.net\/nacionales\/presidente-luis-abinader-visitara\/\" data-type=\"post\" data-id=\"618284\">Luis Abinader <\/a>y el ministro de Turismo, David Collado, la legisladora evoc\u00f3 la relevancia que ha tenido esta playa a lo largo de los a\u00f1os.<\/p>\n<h3 class=\"wp-block-heading\"><strong><em>Leer m\u00e1s: <a href=\"https:\/\/deultimominuto.net\/nacionales\/covid-19-toca-la-puerta-de-la-senadora-de-puerto-plata\/\" data-type=\"post\" data-id=\"353434\">Covid-19 toca la puerta de la senadora de Puerto Plata<\/a><\/em><\/strong><\/h3>\n<p>\u201cEsta era la playa del pa\u00eds. No hab\u00eda otra como la de Sos\u00faa. Todos quer\u00edan venir aqu\u00ed\u201d, expres\u00f3, al recordar figuras ligadas al desarrollo de la zona y destacar su legado.<\/p>\n<p>Bournigal sostuvo que con las actuales transformaciones \u201cse abre una etapa\u201d para Sos\u00faa, en la que los vendedores y comunitarios pasan a convertirse en peque\u00f1os empresarios, gracias a la organizaci\u00f3n y capacitaci\u00f3n impulsada por las autoridades.<\/p>\n<p><strong><em>\u201cHoy empieza Sos\u00faa como era originalmente: un oasis\u201d, <\/em><\/strong>manifest\u00f3, al resaltar el potencial tur\u00edstico, cultural e hist\u00f3rico del municipio.<\/p>\n<p>La senadora tambi\u00e9n destac\u00f3 las obras de infraestructura que se desarrollan en la zona, como la construcci\u00f3n de un hospital traumatol\u00f3gico, un nuevo cuartel policial y mejoras en los servicios de emergencia, aunque se\u00f1al\u00f3 la necesidad de reforzar la se\u00f1alizaci\u00f3n para que estas iniciativas sean m\u00e1s visibles.<\/p>\n<p>Asimismo, abog\u00f3 por fortalecer la promoci\u00f3n del destino, incluyendo el aeropuerto internacional Gregorio Luper\u00f3n y las terminales de cruceros, con miras a consolidar a Puerto Plata como un punto clave del turismo en el Caribe.<\/p>\n<p>En su discurso, hizo un llamado a la poblaci\u00f3n a respaldar el desarrollo de Sos\u00faa y valorar su riqueza hist\u00f3rica, se\u00f1alando que el municipio, junto a otras localidades de la costa norte, tiene el potencial de ser reconocido como patrimonio de la humanidad.<\/p>\n<p>Finalmente, Bournigal elogi\u00f3 el trabajo del Gobierno y del Ministerio de Turismo en la recuperaci\u00f3n de espacios p\u00fablicos, destacando que estas acciones est\u00e1n generando resultados visibles y mejorando la percepci\u00f3n de la zona.<\/p>\n<p>\u201cVamos a apoyar a Sos\u00faa. Esta es una luz para toda la regi\u00f3n norte\u201d, concluy\u00f3<\/p>\n<p>\u200bSos\u00faa, Puerto Plata.\u2013 La senadora de Puerto Plata, Ginnette Bournigal, afirm\u00f3 que la intervenci\u00f3n del frente costero de Sos\u00faa marca el inicio de una nueva etapa para este destino tur\u00edstico, al que defini\u00f3 como \u201cun sitio luminoso\u201d con un gran valor hist\u00f3rico y humano. Durante su intervenci\u00f3n en el acto encabezado por el presidente Luis\u00a0\u00a0Nacionales, Deultimominuto, ElPeri\u00f3dicodelaVerdad, Puerto Plata, Rep\u00fablica Dominicana, senadora, Sos\u00faa\u00a0\u00a0<\/p>\n","protected":false},"excerpt":{"rendered":"<p>Sos\u00faa, Puerto Plata.\u2013 La senadora de Puerto Plata, Ginnette Bournigal, afirm\u00f3 que la intervenci\u00f3n del frente costero de Sos\u00faa marca el inicio de una nueva etapa para este destino tur\u00edstico, al que defini\u00f3 como \u201cun sitio luminoso\u201d con un gran valor hist\u00f3rico y humano. Durante su intervenci\u00f3n en el acto encabezado por el presidente Luis [&hellip;]<\/p>\n","protected":false},"author":1,"featured_media":25065,"comment_status":"open","ping_status":"open","sticky":false,"template":"","format":"standard","meta":{"amp_status":"","footnotes":""},"categories":[3],"tags":[],"class_list":["post-25064","post","type-post","status-publish","format-standard","has-post-thumbnail","hentry","category-de-ultimo-minuto"],"_links":{"self":[{"href":"https:\/\/ermdigital.com\/index.php\/wp-json\/wp\/v2\/posts\/25064","targetHints":{"allow":["GET"]}}],"collection":[{"href":"https:\/\/ermdigital.com\/index.php\/wp-json\/wp\/v2\/posts"}],"about":[{"href":"https:\/\/ermdigital.com\/index.php\/wp-json\/wp\/v2\/types\/post"}],"author":[{"embeddable":true,"href":"https:\/\/ermdigital.com\/index.php\/wp-json\/wp\/v2\/users\/1"}],"replies":[{"embeddable":true,"href":"https:\/\/ermdigital.com\/index.php\/wp-json\/wp\/v2\/comments?post=25064"}],"version-history":[{"count":0,"href":"https:\/\/ermdigital.com\/index.php\/wp-json\/wp\/v2\/posts\/25064\/revisions"}],"wp:featuredmedia":[{"embeddable":true,"href":"https:\/\/ermdigital.com\/index.php\/wp-json\/wp\/v2\/media\/25065"}],"wp:attachment":[{"href":"https:\/\/ermdigital.com\/index.php\/wp-json\/wp\/v2\/media?parent=25064"}],"wp:term":[{"taxonomy":"category","embeddable":true,"href":"https:\/\/ermdigital.com\/index.php\/wp-json\/wp\/v2\/categories?post=25064"},{"taxonomy":"post_tag","embeddable":true,"href":"https:\/\/ermdigital.com\/index.php\/wp-json\/wp\/v2\/tags?post=25064"}],"curies":[{"name":"wp","href":"https:\/\/api.w.org\/{rel}","templated":true}]}}