{"id":25058,"date":"2026-04-27T13:51:55","date_gmt":"2026-04-27T17:51:55","guid":{"rendered":"https:\/\/ermdigital.com\/index.php\/2026\/04\/27\/asamblea-de-worldskills-americas-concluye-en-punta-cana-con-enfasis-en-el-impacto-humano-de-la-formacion-tecnico-profesional\/"},"modified":"2026-04-27T13:51:55","modified_gmt":"2026-04-27T17:51:55","slug":"asamblea-de-worldskills-americas-concluye-en-punta-cana-con-enfasis-en-el-impacto-humano-de-la-formacion-tecnico-profesional","status":"publish","type":"post","link":"https:\/\/ermdigital.com\/index.php\/2026\/04\/27\/asamblea-de-worldskills-americas-concluye-en-punta-cana-con-enfasis-en-el-impacto-humano-de-la-formacion-tecnico-profesional\/","title":{"rendered":"Asamblea de WorldSkills Am\u00e9ricas concluye en Punta Cana con \u00e9nfasis en el impacto humano de la formaci\u00f3n t\u00e9cnico-profesional\u00a0"},"content":{"rendered":"<p><span class=\"field field--name-title field--type-string field--label-hidden\">Asamblea de WorldSkills Am\u00e9ricas concluye en Punta Cana con \u00e9nfasis en el impacto humano de la formaci\u00f3n t\u00e9cnico-profesional\u00a0 <\/span><br \/>\n<span class=\"field field--name-uid field--type-entity-reference field--label-hidden\"><span>rosahenriquez<\/span><\/span><br \/>\n<span class=\"field field--name-created field--type-created field--label-hidden\"><time datetime=\"2026-04-27T13:51:55-04:00\" title=\"Lunes, Abril 27, 2026 - 13:51\" class=\"datetime\">27 de  Abril 2026 | 13:51<\/time><br \/>\n<\/span><\/p>\n<div class=\"clearfix text-formatted field field--name-body field--type-text-with-summary field--label-hidden field__item\">\n<div class=\"OutlineElement Ltr SCXW45344023 BCX0\">\n<p class=\"text-align-justify\"><span class=\"TextRun SCXW45344023 BCX0 NormalTextRun\" lang=\"ES-DO\">Punta Cana, La <\/span><span class=\"TextRun SCXW45344023 BCX0 NormalTextRun ContextualSpellingAndGrammarErrorV2Themed\" lang=\"ES-DO\">Altagracia.-<\/span><span class=\"TextRun SCXW45344023 BCX0 NormalTextRun\" lang=\"ES-DO\"> La <strong>Asamblea General de <\/strong><\/span><span class=\"TextRun SCXW45344023 BCX0 NormalTextRun SpellingErrorV2Themed\" lang=\"ES-DO\"><strong>WorldSkills<\/strong><\/span><span class=\"TextRun SCXW45344023 BCX0 NormalTextRun\" lang=\"ES-DO\"><strong> Am\u00e9ricas Punta Cana 2026 <\/strong>concluy\u00f3 tras varios d\u00edas de intensas jornadas de <strong>trabajo, reflexi\u00f3n e intercambio regional,<\/strong> consolidando acuerdos clave para el fortalecimiento institucional y la promoci\u00f3n de la <strong>formaci\u00f3n t\u00e9cnico-profesional<\/strong> en el continente.\u00a0<\/span><span class=\"EOP SCXW45344023 BCX0\">\u00a0<\/span><\/p>\n<\/div>\n<div class=\"OutlineElement Ltr SCXW45344023 BCX0\">\n<p class=\"text-align-justify\"><span class=\"TextRun SCXW45344023 BCX0 NormalTextRun\" lang=\"ES-DO\">Las palabras de cierre estuvieron a cargo de la directora general del <strong>Instituto Nacional de Formaci\u00f3n T\u00e9cnico Profesional<\/strong> (Infotep), <strong>Maira Morla<\/strong>, quien centr\u00f3 su mensaje en el valor humano de los avances alcanzados durante el encuentro.\u00a0<\/span><span class=\"EOP SCXW45344023 BCX0\">\u00a0<\/span><\/p>\n<\/div>\n<div class=\"OutlineElement Ltr SCXW45344023 BCX0\">\n<p class=\"text-align-justify\"><em><span class=\"TextRun SCXW45344023 BCX0 NormalTextRun\" lang=\"ES-DO\">\u201cM\u00e1s all\u00e1 de los avances institucionales, lo m\u00e1s significativo es el impacto en las personas\u201d,<\/span><\/em><span class=\"TextRun SCXW45344023 BCX0 NormalTextRun\" lang=\"ES-DO\"> expres\u00f3 Morla, al subrayar que la formaci\u00f3n t\u00e9cnico-profesional no solo construye trayectorias laborales, sino que <strong>transforma vidas y abre oportunidades reales<\/strong> para el desarrollo.\u00a0<\/span><span class=\"EOP SCXW45344023 BCX0\">\u00a0<\/span><\/p>\n<\/div>\n<div class=\"OutlineElement Ltr SCXW45344023 BCX0\">\n<p class=\"text-align-justify\"><em><span class=\"TextRun SCXW45344023 BCX0 NormalTextRun\" lang=\"ES-DO\">\u201cLa celebraci\u00f3n de esta Asamblea en la Rep\u00fablica Dominicana reafirma el posicionamiento del pa\u00eds y del Infotep como referentes regionales en formaci\u00f3n t\u00e9cnico-profesional, colocando a las personas en el centro de las pol\u00edticas de desarrollo\u201d,<\/span><\/em><span class=\"TextRun SCXW45344023 BCX0 NormalTextRun\" lang=\"ES-DO\"> afirm\u00f3.\u00a0<\/span><span class=\"EOP SCXW45344023 BCX0\">\u00a0<\/span><\/p>\n<\/div>\n<div class=\"OutlineElement Ltr SCXW45344023 BCX0\">\n<p class=\"text-align-justify\"><span class=\"TextRun SCXW45344023 BCX0 NormalTextRun\" lang=\"ES-DO\">La directora general del <\/span><span class=\"TextRun SCXW45344023 BCX0 NormalTextRun SpellingErrorV2Themed\" lang=\"ES-DO\">Infotep<\/span><span class=\"TextRun SCXW45344023 BCX0 NormalTextRun\" lang=\"ES-DO\"> tambi\u00e9n valor\u00f3 el proceso de fortalecimiento institucional de <\/span><span class=\"TextRun SCXW45344023 BCX0 NormalTextRun SpellingErrorV2Themed\" lang=\"ES-DO\"><strong>WorldSkills<\/strong><\/span><span class=\"TextRun SCXW45344023 BCX0 NormalTextRun\" lang=\"ES-DO\"><strong> Am\u00e9ricas<\/strong>, que incluy\u00f3 la elecci\u00f3n de nuevas autoridades y la definici\u00f3n de <strong>Paraguay<\/strong> como sede de la pr\u00f3xima <strong>Asamblea, en 2028.<\/strong>\u00a0<\/span><span class=\"EOP SCXW45344023 BCX0\">\u00a0<\/span><\/p>\n<\/div>\n<div class=\"OutlineElement Ltr SCXW45344023 BCX0\">\n<p class=\"text-align-justify\"><span class=\"TextRun SCXW45344023 BCX0 NormalTextRun\" lang=\"ES-DO\"><strong>Agenda\u00a0<\/strong><\/span><span class=\"EOP SCXW45344023 BCX0\">\u00a0<\/span><\/p>\n<\/div>\n<div class=\"OutlineElement Ltr SCXW45344023 BCX0\">\n<p class=\"text-align-justify\"><span class=\"TextRun SCXW45344023 BCX0 NormalTextRun\" lang=\"ES-DO\">La agenda incluy\u00f3 un <strong>Foro de L\u00edderes<\/strong> en el que se analiz\u00f3 el modelo de <strong>gobernanza tripartita<\/strong> de la Rep\u00fablica Dominicana, tomando como referencia la experiencia del Infotep, as\u00ed como la presentaci\u00f3n del modelo de <strong>formaci\u00f3n dual \u201c<\/strong><\/span><span class=\"TextRun SCXW45344023 BCX0 NormalTextRun SpellingErrorV2Themed\" lang=\"ES-DO\"><strong>Produal<\/strong><\/span><span class=\"TextRun SCXW45344023 BCX0 NormalTextRun\" lang=\"ES-DO\"><strong>\u201d,<\/strong> con casos aplicados como las empresas <\/span><span class=\"TextRun SCXW45344023 BCX0 NormalTextRun SpellingErrorV2Themed\" lang=\"ES-DO\">Martin\u00f3n<\/span><span class=\"TextRun SCXW45344023 BCX0 NormalTextRun\" lang=\"ES-DO\">.\u00a0<\/span><span class=\"EOP SCXW45344023 BCX0\">\u00a0<\/span><\/p>\n<\/div>\n<div class=\"OutlineElement Ltr SCXW45344023 BCX0\">\n<p class=\"text-align-justify\"><span class=\"TextRun SCXW45344023 BCX0 NormalTextRun\" lang=\"ES-DO\">El ministro de Turismo, <strong>David Collado<\/strong>, particip\u00f3 en la Asamblea destacando el papel estrat\u00e9gico del Infotep en la <strong>capacitaci\u00f3n del capital humano<\/strong> que sostiene la industria tur\u00edstica, mientras que el ministro de Educaci\u00f3n Superior, Ciencia y Tecnolog\u00eda, <strong>Rafael Santos Bad\u00eda,<\/strong> reflexion\u00f3 sobre los desaf\u00edos de la <strong>transformaci\u00f3n en la formaci\u00f3n.<\/strong>\u00a0<\/span><span class=\"EOP SCXW45344023 BCX0\">\u00a0<\/span><\/p>\n<\/div>\n<div class=\"OutlineElement Ltr SCXW45344023 BCX0\">\n<p class=\"text-align-justify\"><span class=\"TextRun SCXW45344023 BCX0 NormalTextRun\" lang=\"ES-DO\">Tambi\u00e9n se desarrollaron conferencias especializadas, entre ellas la intervenci\u00f3n de la experta <strong>Maura Corpor\u00e1n,<\/strong> quien habl\u00f3 sobre la <strong>evoluci\u00f3n e impacto<\/strong> de las competiciones, as\u00ed como la exposici\u00f3n de un especialista en formaci\u00f3n dual.\u00a0<\/span><span class=\"EOP SCXW45344023 BCX0\">\u00a0<\/span><\/p>\n<\/div>\n<div class=\"OutlineElement Ltr SCXW45344023 BCX0\">\n<p class=\"text-align-justify\"><span class=\"TextRun SCXW45344023 BCX0 NormalTextRun\" lang=\"ES-DO\">Uno de los momentos m\u00e1s significativos fue la presentaci\u00f3n de testimonios de j\u00f3venes medallistas de <\/span><span class=\"TextRun SCXW45344023 BCX0 NormalTextRun SpellingErrorV2Themed\" lang=\"ES-DO\">WorldSkills<\/span><span class=\"TextRun SCXW45344023 BCX0 NormalTextRun\" lang=\"ES-DO\">, como <strong>Nancy Castillo<\/strong>, plata en ciberseguridad, y <strong>Cristian N\u00fa\u00f1ez<\/strong>, bronce en desarrollo web, quienes compartieron experiencias que evidencian el <strong>poder transformador<\/strong> de la formaci\u00f3n t\u00e9cnico-profesional.<\/span><span class=\"EOP SCXW45344023 BCX0\">\u00a0<\/span><\/p>\n<\/div>\n<\/div>\n<div class=\"field field--name-field-image field--type-image field--label-hidden field__item\">  <img decoding=\"async\" loading=\"lazy\" src=\"https:\/\/www.presidencia.gob.do\/sites\/default\/files\/news\/2026-04\/Dise%C3%B1o%20sin%20t%C3%ADtulo%20%2826%29_0.png\" width=\"1300\" height=\"730\" alt=\"Infotep\"><\/p>\n<\/div>\n<p>\u00a0Asamblea de WorldSkills Am\u00e9ricas concluye en Punta Cana con \u00e9nfasis en el impacto humano de la formaci\u00f3n t\u00e9cnico-profesional\u00a0<br \/>\nrosahenriquez<br \/>\n27 de  Abril 2026 | 13:51<\/p>\n<p>Punta Cana, La Altagracia.- La Asamblea General de WorldSkills Am\u00e9ricas Punta Cana 2026 concluy\u00f3 tras varios d\u00edas de intensas jornadas de trabajo, reflexi\u00f3n e intercambio regional, consolidando acuerdos clave para el fortalecimiento institucional y la promoci\u00f3n de la formaci\u00f3n t\u00e9cnico-profesional en el continente.\u00a0\u00a0<\/p>\n<p>Las palabras de cierre estuvieron a cargo de la directora general del Instituto Nacional de Formaci\u00f3n T\u00e9cnico Profesional (Infotep), Maira Morla, quien centr\u00f3 su mensaje en el valor humano de los avances alcanzados durante el encuentro.\u00a0\u00a0<\/p>\n<p>\u201cM\u00e1s all\u00e1 de los avances institucionales, lo m\u00e1s significativo es el impacto en las personas\u201d, expres\u00f3 Morla, al subrayar que la formaci\u00f3n t\u00e9cnico-profesional no solo construye trayectorias laborales, sino que transforma vidas y abre oportunidades reales para el desarrollo.\u00a0\u00a0<\/p>\n<p>\u201cLa celebraci\u00f3n de esta Asamblea en la Rep\u00fablica Dominicana reafirma el posicionamiento del pa\u00eds y del Infotep como referentes regionales en formaci\u00f3n t\u00e9cnico-profesional, colocando a las personas en el centro de las pol\u00edticas de desarrollo\u201d, afirm\u00f3.\u00a0\u00a0<\/p>\n<p>La directora general del Infotep tambi\u00e9n valor\u00f3 el proceso de fortalecimiento institucional de WorldSkills Am\u00e9ricas, que incluy\u00f3 la elecci\u00f3n de nuevas autoridades y la definici\u00f3n de Paraguay como sede de la pr\u00f3xima Asamblea, en 2028.\u00a0\u00a0<\/p>\n<p>Agenda\u00a0\u00a0<\/p>\n<p>La agenda incluy\u00f3 un Foro de L\u00edderes en el que se analiz\u00f3 el modelo de gobernanza tripartita de la Rep\u00fablica Dominicana, tomando como referencia la experiencia del Infotep, as\u00ed como la presentaci\u00f3n del modelo de formaci\u00f3n dual \u201cProdual\u201d, con casos aplicados como las empresas Martin\u00f3n.\u00a0\u00a0<\/p>\n<p>El ministro de Turismo, David Collado, particip\u00f3 en la Asamblea destacando el papel estrat\u00e9gico del Infotep en la capacitaci\u00f3n del capital humano que sostiene la industria tur\u00edstica, mientras que el ministro de Educaci\u00f3n Superior, Ciencia y Tecnolog\u00eda, Rafael Santos Bad\u00eda, reflexion\u00f3 sobre los desaf\u00edos de la transformaci\u00f3n en la formaci\u00f3n.\u00a0\u00a0<\/p>\n<p>Tambi\u00e9n se desarrollaron conferencias especializadas, entre ellas la intervenci\u00f3n de la experta Maura Corpor\u00e1n, quien habl\u00f3 sobre la evoluci\u00f3n e impacto de las competiciones, as\u00ed como la exposici\u00f3n de un especialista en formaci\u00f3n dual.\u00a0\u00a0<\/p>\n<p>Uno de los momentos m\u00e1s significativos fue la presentaci\u00f3n de testimonios de j\u00f3venes medallistas de WorldSkills, como Nancy Castillo, plata en ciberseguridad, y Cristian N\u00fa\u00f1ez, bronce en desarrollo web, quienes compartieron experiencias que evidencian el poder transformador de la formaci\u00f3n t\u00e9cnico-profesional.\u00a0\u00a0\u00a0\u00a0<\/p>\n","protected":false},"excerpt":{"rendered":"<p>Asamblea de WorldSkills Am\u00e9ricas concluye en Punta Cana con \u00e9nfasis en el impacto humano de la formaci\u00f3n t\u00e9cnico-profesional\u00a0 rosahenriquez 27 de Abril 2026 | 13:51 Punta Cana, La Altagracia.- La Asamblea General de WorldSkills Am\u00e9ricas Punta Cana 2026 concluy\u00f3 tras varios d\u00edas de intensas jornadas de trabajo, reflexi\u00f3n e intercambio regional, consolidando acuerdos clave para [&hellip;]<\/p>\n","protected":false},"author":1,"featured_media":25059,"comment_status":"open","ping_status":"open","sticky":false,"template":"","format":"standard","meta":{"amp_status":"","footnotes":""},"categories":[8],"tags":[],"class_list":["post-25058","post","type-post","status-publish","format-standard","has-post-thumbnail","hentry","category-republica"],"_links":{"self":[{"href":"https:\/\/ermdigital.com\/index.php\/wp-json\/wp\/v2\/posts\/25058","targetHints":{"allow":["GET"]}}],"collection":[{"href":"https:\/\/ermdigital.com\/index.php\/wp-json\/wp\/v2\/posts"}],"about":[{"href":"https:\/\/ermdigital.com\/index.php\/wp-json\/wp\/v2\/types\/post"}],"author":[{"embeddable":true,"href":"https:\/\/ermdigital.com\/index.php\/wp-json\/wp\/v2\/users\/1"}],"replies":[{"embeddable":true,"href":"https:\/\/ermdigital.com\/index.php\/wp-json\/wp\/v2\/comments?post=25058"}],"version-history":[{"count":0,"href":"https:\/\/ermdigital.com\/index.php\/wp-json\/wp\/v2\/posts\/25058\/revisions"}],"wp:featuredmedia":[{"embeddable":true,"href":"https:\/\/ermdigital.com\/index.php\/wp-json\/wp\/v2\/media\/25059"}],"wp:attachment":[{"href":"https:\/\/ermdigital.com\/index.php\/wp-json\/wp\/v2\/media?parent=25058"}],"wp:term":[{"taxonomy":"category","embeddable":true,"href":"https:\/\/ermdigital.com\/index.php\/wp-json\/wp\/v2\/categories?post=25058"},{"taxonomy":"post_tag","embeddable":true,"href":"https:\/\/ermdigital.com\/index.php\/wp-json\/wp\/v2\/tags?post=25058"}],"curies":[{"name":"wp","href":"https:\/\/api.w.org\/{rel}","templated":true}]}}