{"id":25043,"date":"2026-04-27T13:18:22","date_gmt":"2026-04-27T17:18:22","guid":{"rendered":"https:\/\/ermdigital.com\/index.php\/2026\/04\/27\/envian-a-prision-a-el-locon-break-por-muerte-de-su-hija-de-un-ano-en-los-girasoles\/"},"modified":"2026-04-27T13:18:22","modified_gmt":"2026-04-27T17:18:22","slug":"envian-a-prision-a-el-locon-break-por-muerte-de-su-hija-de-un-ano-en-los-girasoles","status":"publish","type":"post","link":"https:\/\/ermdigital.com\/index.php\/2026\/04\/27\/envian-a-prision-a-el-locon-break-por-muerte-de-su-hija-de-un-ano-en-los-girasoles\/","title":{"rendered":"Env\u00edan a prisi\u00f3n a \"El Loc\u00f3n Break\" por muerte de su hija de un a\u00f1o en Los Girasoles\u00a0"},"content":{"rendered":"<p>&lt;![CDATA[<\/p>\n<p>La jueza del <b>juzgado de Atenci\u00f3n Permanente del Distrito Nacional,<\/b> Lissa Veras Rivas, impuso tres meses de prisi\u00f3n preventiva contra Rosi Alfredo Mota Almonte, conocido como \u201cEl Loc\u00f3n Break\u201d o \u201cFreddy\u201d, acusado de provocar la muerte de su hija, una infante de apenas un a\u00f1o y tres meses de edad.<\/p>\n<p><a href=\"https:\/\/listindiario.com\/la-republica\/justicia\/20260427\/tres-meses-prision-preventiva-locon-break-muerte-hija-ano_903441.html\">wf_cms.rss.read_more<\/a><\/p>\n<p>]]&gt;<\/p>\n<p>\u200bLa magistrada dispuso que el imputado cumpla la medida en el Centro de Correcci\u00f3n y Rehabilitaci\u00f3n Najayo-Hombres, mientras el Ministerio P\u00fablico concluye las investigaciones sobre el tr\u00e1gico suceso.\u00a0\u00a0Justicia\u00a0<\/p>\n","protected":false},"excerpt":{"rendered":"<p>&lt;![CDATA[ La jueza del juzgado de Atenci\u00f3n Permanente del Distrito Nacional, Lissa Veras Rivas, impuso tres meses de prisi\u00f3n preventiva contra Rosi Alfredo Mota Almonte, conocido como \u201cEl Loc\u00f3n Break\u201d o \u201cFreddy\u201d, acusado de provocar la muerte de su hija, una infante de apenas un a\u00f1o y tres meses de edad. wf_cms.rss.read_more ]]&gt; \u200bLa magistrada [&hellip;]<\/p>\n","protected":false},"author":1,"featured_media":25044,"comment_status":"open","ping_status":"open","sticky":false,"template":"","format":"standard","meta":{"amp_status":"","footnotes":""},"categories":[5],"tags":[],"class_list":["post-25043","post","type-post","status-publish","format-standard","has-post-thumbnail","hentry","category-politica"],"_links":{"self":[{"href":"https:\/\/ermdigital.com\/index.php\/wp-json\/wp\/v2\/posts\/25043","targetHints":{"allow":["GET"]}}],"collection":[{"href":"https:\/\/ermdigital.com\/index.php\/wp-json\/wp\/v2\/posts"}],"about":[{"href":"https:\/\/ermdigital.com\/index.php\/wp-json\/wp\/v2\/types\/post"}],"author":[{"embeddable":true,"href":"https:\/\/ermdigital.com\/index.php\/wp-json\/wp\/v2\/users\/1"}],"replies":[{"embeddable":true,"href":"https:\/\/ermdigital.com\/index.php\/wp-json\/wp\/v2\/comments?post=25043"}],"version-history":[{"count":0,"href":"https:\/\/ermdigital.com\/index.php\/wp-json\/wp\/v2\/posts\/25043\/revisions"}],"wp:featuredmedia":[{"embeddable":true,"href":"https:\/\/ermdigital.com\/index.php\/wp-json\/wp\/v2\/media\/25044"}],"wp:attachment":[{"href":"https:\/\/ermdigital.com\/index.php\/wp-json\/wp\/v2\/media?parent=25043"}],"wp:term":[{"taxonomy":"category","embeddable":true,"href":"https:\/\/ermdigital.com\/index.php\/wp-json\/wp\/v2\/categories?post=25043"},{"taxonomy":"post_tag","embeddable":true,"href":"https:\/\/ermdigital.com\/index.php\/wp-json\/wp\/v2\/tags?post=25043"}],"curies":[{"name":"wp","href":"https:\/\/api.w.org\/{rel}","templated":true}]}}