{"id":25035,"date":"2026-04-27T12:25:19","date_gmt":"2026-04-27T16:25:19","guid":{"rendered":"https:\/\/ermdigital.com\/index.php\/2026\/04\/27\/inmigrante-es-arrestado-por-ice-tras-intentar-denunciar-delitos-en-nueva-york\/"},"modified":"2026-04-27T12:25:19","modified_gmt":"2026-04-27T16:25:19","slug":"inmigrante-es-arrestado-por-ice-tras-intentar-denunciar-delitos-en-nueva-york","status":"publish","type":"post","link":"https:\/\/ermdigital.com\/index.php\/2026\/04\/27\/inmigrante-es-arrestado-por-ice-tras-intentar-denunciar-delitos-en-nueva-york\/","title":{"rendered":"Inmigrante es arrestado por ICE tras intentar denunciar delitos en Nueva York"},"content":{"rendered":"<p>Nueva York.- El reciente <strong>arresto de ICE en Nueva York<\/strong> de un ciudadano guatemalteco que acudi\u00f3 a una oficina policial para denunciar delitos ha generado una nueva controversia sobre la cooperaci\u00f3n entre autoridades locales y federales.<\/p>\n<p>Julio Ipina Hern\u00e1ndez, de 34 a\u00f1os, contact\u00f3 a la oficina del sheriff del condado de Putnam para ofrecer informaci\u00f3n sobre casos de abuso sexual y narcotr\u00e1fico. Sin embargo, al asistir a la cita acordada para el 6 de enero de 2026, agentes federales procedieron con el <strong>arresto de ICE en Nueva York<\/strong>, bajo el argumento de su situaci\u00f3n migratoria irregular.<\/p>\n<p>La defensa legal de Ipina Hern\u00e1ndez sostiene que existi\u00f3 una coordinaci\u00f3n previa entre los investigadores locales y los agentes federales para facilitar la detenci\u00f3n. Seg\u00fan los documentos presentados ante el tribunal, el abogado afirma que la reuni\u00f3n fue utilizada como una estrategia para ejecutar el <strong>arresto de ICE en Nueva York<\/strong> en lugar de procesar la denuncia ciudadana.<\/p>\n<p>Por su parte, la oficina del sheriff rechaz\u00f3 las acusaciones de colusi\u00f3n. Voceros de la instituci\u00f3n indicaron que el investigador actu\u00f3 bajo los protocolos correspondientes y negaron cualquier plan orquestado para el <strong>arresto de ICE en Nueva York<\/strong>. Tras permanecer dos meses en prisi\u00f3n, un juez federal orden\u00f3 la liberaci\u00f3n del inmigrante al determinar que no exist\u00edan bases para una detenci\u00f3n obligatoria.<\/p>\n<p>Este incidente de <strong>arresto de ICE en Nueva York<\/strong> ocurre en medio de debates legislativos sobre la ley \"New York for All\". Esta propuesta busca restringir la comunicaci\u00f3n entre la polic\u00eda local y las agencias de inmigraci\u00f3n para evitar que situaciones similares disuadan a la poblaci\u00f3n de reportar actividades criminales por temor a su estatus migratorio.<\/p>\n<p>El caso refuerza la discusi\u00f3n sobre los l\u00edmites de la colaboraci\u00f3n institucional y el impacto que el <strong>arresto de ICE en Nueva York<\/strong> tiene en la confianza de las comunidades inmigrantes hacia los cuerpos de seguridad del estado.<\/p>\n<p>\u200bNueva York.- El reciente arresto de ICE en Nueva York de un ciudadano guatemalteco que acudi\u00f3 a una oficina policial para denunciar delitos ha generado una nueva controversia sobre la cooperaci\u00f3n entre autoridades locales y federales. Julio Ipina Hern\u00e1ndez, de 34 a\u00f1os, contact\u00f3 a la oficina del sheriff del condado de Putnam para ofrecer informaci\u00f3n\u00a0\u00a0Internacionales, ICE, Nueva York\u00a0\u00a0<\/p>\n","protected":false},"excerpt":{"rendered":"<p>Nueva York.- El reciente arresto de ICE en Nueva York de un ciudadano guatemalteco que acudi\u00f3 a una oficina policial para denunciar delitos ha generado una nueva controversia sobre la cooperaci\u00f3n entre autoridades locales y federales. Julio Ipina Hern\u00e1ndez, de 34 a\u00f1os, contact\u00f3 a la oficina del sheriff del condado de Putnam para ofrecer informaci\u00f3n [&hellip;]<\/p>\n","protected":false},"author":1,"featured_media":25036,"comment_status":"open","ping_status":"open","sticky":false,"template":"","format":"standard","meta":{"amp_status":"","footnotes":""},"categories":[3],"tags":[],"class_list":["post-25035","post","type-post","status-publish","format-standard","has-post-thumbnail","hentry","category-de-ultimo-minuto"],"_links":{"self":[{"href":"https:\/\/ermdigital.com\/index.php\/wp-json\/wp\/v2\/posts\/25035","targetHints":{"allow":["GET"]}}],"collection":[{"href":"https:\/\/ermdigital.com\/index.php\/wp-json\/wp\/v2\/posts"}],"about":[{"href":"https:\/\/ermdigital.com\/index.php\/wp-json\/wp\/v2\/types\/post"}],"author":[{"embeddable":true,"href":"https:\/\/ermdigital.com\/index.php\/wp-json\/wp\/v2\/users\/1"}],"replies":[{"embeddable":true,"href":"https:\/\/ermdigital.com\/index.php\/wp-json\/wp\/v2\/comments?post=25035"}],"version-history":[{"count":0,"href":"https:\/\/ermdigital.com\/index.php\/wp-json\/wp\/v2\/posts\/25035\/revisions"}],"wp:featuredmedia":[{"embeddable":true,"href":"https:\/\/ermdigital.com\/index.php\/wp-json\/wp\/v2\/media\/25036"}],"wp:attachment":[{"href":"https:\/\/ermdigital.com\/index.php\/wp-json\/wp\/v2\/media?parent=25035"}],"wp:term":[{"taxonomy":"category","embeddable":true,"href":"https:\/\/ermdigital.com\/index.php\/wp-json\/wp\/v2\/categories?post=25035"},{"taxonomy":"post_tag","embeddable":true,"href":"https:\/\/ermdigital.com\/index.php\/wp-json\/wp\/v2\/tags?post=25035"}],"curies":[{"name":"wp","href":"https:\/\/api.w.org\/{rel}","templated":true}]}}